{"id":80270,"date":"2021-10-15T13:44:50","date_gmt":"2021-10-15T16:44:50","guid":{"rendered":"http:\/\/pdt-rj.org.br\/?p=80270"},"modified":"2021-10-15T13:44:50","modified_gmt":"2021-10-15T16:44:50","slug":"dia-dos-professores-prefeitura-de-japeri-rj-anuncia-bonificacao-na-educacao","status":"publish","type":"post","link":"https:\/\/pdt-rj.org.br\/index.php\/dia-dos-professores-prefeitura-de-japeri-rj-anuncia-bonificacao-na-educacao\/","title":{"rendered":"Dia dos Professores: Prefeitura de Japeri (RJ) anuncia bonifica\u00e7\u00e3o na Educa\u00e7\u00e3o"},"content":{"rendered":"<p style=\"font-weight: 400;\">Os professores de Japeri, na Baixada Fluminense do Rio de Janeiro, ter\u00e3o um motivo a mais para comemorar seu dia nesta sexta-feira (15). A Prefeitura de Japeri, administrada pelo PDT, destinar\u00e1 aos servidores os recursos relativos ao super\u00e1vit do Fundo de Manuten\u00e7\u00e3o e Desenvolvimento da Educa\u00e7\u00e3o B\u00e1sica (Fundeb), al\u00e9m do pagamento das reclassifica\u00e7\u00f5es referentes aos processos das gest\u00f5es anteriores, que estavam arquivados. Desde o in\u00edcio deste ano, a prefeita Dr\u00aa Fernanda Ontiveros j\u00e1 realizou o pagamento de R$ 1,3 milh\u00e3o vinculados \u00e0 rede municipal.<\/p>\n<p style=\"font-weight: 400;\">Os res\u00edduos do Fundeb ser\u00e3o destinados aos professores e profissionais da educa\u00e7\u00e3o que estejam em efetivo exerc\u00edcio da fun\u00e7\u00e3o, ou seja, na ativa, sem qualquer tipo de afastamento, seja m\u00e9dico ou tempor\u00e1rio. O valor ser\u00e1 confirmado em dezembro, ap\u00f3s um levantamento realizado pela administra\u00e7\u00e3o.<\/p>\n<p style=\"font-weight: 400;\">Al\u00e9m disso, com o saldo ser\u00e1 poss\u00edvel que a gest\u00e3o municipal realize, por meio de processo licitat\u00f3rio, a aquisi\u00e7\u00e3o de equipamentos permanentes para as unidades escolares, como aparelhos dear-condicionado, bebedouros, ventiladores, entre outros itens. A iniciativa \u00e9 fruto de uma parceria entre as Secretarias Municipais de Educa\u00e7\u00e3o, Or\u00e7amento e Gest\u00e3o de Recursos, Fazenda e Administra\u00e7\u00e3o.<\/p>\n<p style=\"font-weight: 400;\">Fernanda Ontiveros ressaltou o compromisso da gest\u00e3o municipal em garantir o desenvolvimento da Educa\u00e7\u00e3o B\u00e1sica na cidade.<\/p>\n<p style=\"font-weight: 400;\">\u201c\u00c9 uma alegria enorme anunciar essas conquistas aos professores e profissionais da educa\u00e7\u00e3o. Sabemos da import\u00e2ncia do docente dentro do processo de ensino-aprendizagem das nossas crian\u00e7as e jovens. Nossa principal meta \u00e9 melhorar os \u00edndices de educa\u00e7\u00e3o no munic\u00edpio e entregar \u00e0 popula\u00e7\u00e3o uma escola melhor, aconchegante e rica em conhecimentos. Parab\u00e9ns, professores\u201d, disse a m\u00e9dica.<\/p>\n<p style=\"font-weight: 400;\">J\u00e1 secret\u00e1ria municipal de Educa\u00e7\u00e3o, Professora Caroline Ontiveros, falou sobre o empenho da pasta para entregar o planejamento.<\/p>\n<p style=\"font-weight: 400;\">\u201cEduca\u00e7\u00e3o n\u00e3o se faz sozinho, sempre precisamos de uni\u00e3o e o comprometimento de todos. Foi por esse motivo que conseguimos planejar de forma eficaz a aplica\u00e7\u00e3o deste recurso na educa\u00e7\u00e3o. Vamos continuar investimento nas melhorias das escolas e na valoriza\u00e7\u00e3o dos nossos professores e profissionais de educa\u00e7\u00e3o, que s\u00e3o indispens\u00e1veis na sociedade\u201d, ressaltou.<\/p>\n<!-- AddThis Advanced Settings generic via filter on the_content --><!-- AddThis Share Buttons generic via filter on the_content -->","protected":false},"excerpt":{"rendered":"<p>Os professores de Japeri, na Baixada Fluminense do Rio de Janeiro, ter\u00e3o um motivo a mais para comemorar seu dia nesta sexta-feira (15). A Prefeitura de Japeri, administrada pelo PDT, destinar\u00e1 aos servidores os recursos relativos ao super\u00e1vit do Fundo de Manuten\u00e7\u00e3o e Desenvolvimento da Educa\u00e7\u00e3o B\u00e1sica (Fundeb), al\u00e9m do pagamento das reclassifica\u00e7\u00f5es referentes aos&#8230;<!-- AddThis Advanced Settings generic via filter on wp_trim_excerpt --><!-- AddThis Share Buttons generic via filter on wp_trim_excerpt --><\/p>\n","protected":false},"author":17,"featured_media":80285,"comment_status":"closed","ping_status":"closed","sticky":false,"template":"","format":"standard","meta":{"_monsterinsights_skip_tracking":false,"_monsterinsights_sitenote_active":false,"_monsterinsights_sitenote_note":"","_monsterinsights_sitenote_category":0,"_uf_show_specific_survey":0,"_uf_disable_surveys":false,"footnotes":""},"categories":[1390,1402],"tags":[5225,5224,5117,2152,4782],"class_list":["post-80270","post","type-post","status-publish","format-standard","has-post-thumbnail","hentry","category-editorias","category-cidades","tag-bonificacao-na-educacao","tag-dia-dos-professores","tag-dra-fernanda-ontiveros","tag-fundeb","tag-prefeitura-de-japeri-rj"],"acf":[],"_links":{"self":[{"href":"https:\/\/pdt-rj.org.br\/index.php\/wp-json\/wp\/v2\/posts\/80270","targetHints":{"allow":["GET"]}}],"collection":[{"href":"https:\/\/pdt-rj.org.br\/index.php\/wp-json\/wp\/v2\/posts"}],"about":[{"href":"https:\/\/pdt-rj.org.br\/index.php\/wp-json\/wp\/v2\/types\/post"}],"author":[{"embeddable":true,"href":"https:\/\/pdt-rj.org.br\/index.php\/wp-json\/wp\/v2\/users\/17"}],"replies":[{"embeddable":true,"href":"https:\/\/pdt-rj.org.br\/index.php\/wp-json\/wp\/v2\/comments?post=80270"}],"version-history":[{"count":1,"href":"https:\/\/pdt-rj.org.br\/index.php\/wp-json\/wp\/v2\/posts\/80270\/revisions"}],"predecessor-version":[{"id":80271,"href":"https:\/\/pdt-rj.org.br\/index.php\/wp-json\/wp\/v2\/posts\/80270\/revisions\/80271"}],"wp:featuredmedia":[{"embeddable":true,"href":"https:\/\/pdt-rj.org.br\/index.php\/wp-json\/wp\/v2\/media\/80285"}],"wp:attachment":[{"href":"https:\/\/pdt-rj.org.br\/index.php\/wp-json\/wp\/v2\/media?parent=80270"}],"wp:term":[{"taxonomy":"category","embeddable":true,"href":"https:\/\/pdt-rj.org.br\/index.php\/wp-json\/wp\/v2\/categories?post=80270"},{"taxonomy":"post_tag","embeddable":true,"href":"https:\/\/pdt-rj.org.br\/index.php\/wp-json\/wp\/v2\/tags?post=80270"}],"curies":[{"name":"wp","href":"https:\/\/api.w.org\/{rel}","templated":true}]}}