{"id":80250,"date":"2021-10-14T16:57:22","date_gmt":"2021-10-14T19:57:22","guid":{"rendered":"http:\/\/pdt-rj.org.br\/?p=80250"},"modified":"2022-04-18T15:55:53","modified_gmt":"2022-04-18T18:55:53","slug":"carlos-lupi-100-anos-do-nascimento-de-leonel-brizola","status":"publish","type":"post","link":"https:\/\/pdt-rj.org.br\/index.php\/carlos-lupi-100-anos-do-nascimento-de-leonel-brizola\/","title":{"rendered":"Carlos Lupi: 100 anos do nascimento de Leonel Brizola"},"content":{"rendered":"<p><em><strong>Homenagem incluir\u00e1 biografia de Brizola escrita por Jos\u00e9 Augusto e est\u00e1tua em tamanho real <\/strong><\/em><\/p>\n<p style=\"font-weight: 400;\">No pr\u00f3ximo dia 22 de janeiro, o Brasil celebra o centen\u00e1rio de nascimento de Leonel Brizola, Her\u00f3i da P\u00e1tria, t\u00edtulo esse conferido pelo Congresso Nacional aos brasileiros que se destacaram na luta pelo pa\u00eds. N\u00f3s, do PDT \u2013 partido fundado por Brizola em maio de 1980 \u2013, vamos comemorar esta data \u00e0 altura da sua luta em defesa da democracia e Educa\u00e7\u00e3o do nosso povo.<\/p>\n<p style=\"font-weight: 400;\">Brizola deixou sua marca em in\u00fameras gera\u00e7\u00f5es. Quando governador do Rio Grande do Sul, ainda na d\u00e9cada de 1960, chegou a empregar 36% do or\u00e7amento do estado em Educa\u00e7\u00e3o. Construiu 4,8 mil escolas \u2013 que ficaram conhecidas como Brizoletas \u2013 e garantiu mais de 500 mil novas matr\u00edculas por todo estado. O n\u00famero de professores, que \u00e0 \u00e9poca era de pouco mais de 4 mil, saltou para 22 mil.<\/p>\n<p style=\"font-weight: 400;\">J\u00e1 no Rio de Janeiro, implantou os mais de 500 Cieps, escolas de tempo integral, cravadas nas \u00e1reas mais vulner\u00e1veis do estado. Isso transformou Brizola no maior feitor de escolas do pa\u00eds. Sua biografia tamb\u00e9m registra a maior resist\u00eancia \u00e0 primeira tentativa de golpe militar, ainda em 1961, quando J\u00e2nio Quadros renunciou.<\/p>\n<p style=\"font-weight: 400;\">Atrav\u00e9s da Campanha da Legalidade, liderou a partir do Pal\u00e1cio Piratini \u2013 sede do governo do Rio Grande do Sul \u2013 a resist\u00eancia civil e, pelas ondas do r\u00e1dio, garantiu a posse de Jango Goulart como presidente, retardando em tr\u00eas anos o golpe, efetivado em 1964 \u2013 quando deixou o Brasil rumo ao ex\u00edlio mais longo entre todos os perseguidos pelo regime ditatorial.<\/p>\n<p style=\"font-weight: 400;\">Estamos preparando uma grande programa\u00e7\u00e3o para marcar o centen\u00e1rio de nascimento de Brizola. Uma est\u00e1tua em tamanho natural ser\u00e1 inaugurada na sede nacional do PDT, em Bras\u00edlia. Vamos lan\u00e7ar uma biografia de Brizola escrita pelo jornalista Jos\u00e9 Augusto Ribeiro, al\u00e9m de uma sess\u00e3o solene no dia 22 de janeiro de 2022 no Congresso Nacional e a inaugura\u00e7\u00e3o de uma exposi\u00e7\u00e3o de fotos, tamb\u00e9m no Congresso Nacional.<\/p>\n<p style=\"font-weight: 400;\">A Funda\u00e7\u00e3o Leonel Brizola \u2013 Alberto Pasqualini tamb\u00e9m articula sess\u00f5es solenes em centenas de C\u00e2maras Municipais espalhadas pelo Brasil, para que a hist\u00f3ria deste homem que dedicou sua vida \u00e0 democracia e \u00e0 Educa\u00e7\u00e3o jamais seja esquecida. Outros projetos est\u00e3o sendo estudados tamb\u00e9m.<\/p>\n<p style=\"font-weight: 400;\">Eu, como sucessor de Brizola na dire\u00e7\u00e3o partid\u00e1ria, tenho muito orgulho de lembrar a cada momento da minha vida, no p\u00f3s-morte de Brizola, que ele est\u00e1 vivo nos nossos ideais, nossos pensamentos e, acima de tudo, na nossa coragem de lutar pelo Brasil.<\/p>\n<p style=\"font-weight: 400;\"><em><strong>*Carlos Lupi \u00e9 presidente nacional do PDT<\/strong><\/em><\/p>\n<!-- AddThis Advanced Settings generic via filter on the_content --><!-- AddThis Share Buttons generic via filter on the_content -->","protected":false},"excerpt":{"rendered":"<p>Homenagem incluir\u00e1 biografia de Brizola escrita por Jos\u00e9 Augusto e est\u00e1tua em tamanho real No pr\u00f3ximo dia 22 de janeiro, o Brasil celebra o centen\u00e1rio de nascimento de Leonel Brizola, Her\u00f3i da P\u00e1tria, t\u00edtulo esse conferido pelo Congresso Nacional aos brasileiros que se destacaram na luta pelo pa\u00eds. N\u00f3s, do PDT \u2013 partido fundado por&#8230;<!-- AddThis Advanced Settings generic via filter on wp_trim_excerpt --><!-- AddThis Share Buttons generic via filter on wp_trim_excerpt --><\/p>\n","protected":false},"author":17,"featured_media":80251,"comment_status":"closed","ping_status":"closed","sticky":false,"template":"","format":"standard","meta":{"_monsterinsights_skip_tracking":false,"_monsterinsights_sitenote_active":false,"_monsterinsights_sitenote_note":"","_monsterinsights_sitenote_category":0,"_uf_show_specific_survey":0,"_uf_disable_surveys":false,"footnotes":""},"categories":[1584,1390,5417,1401],"tags":[5219,2386,196,1545,1944,523,565],"class_list":["post-80250","post","type-post","status-publish","format-standard","has-post-thumbnail","hentry","category-artigos","category-editorias","category-carlos-lupi","category-nacional","tag-100-anos-do-nascimento-de-leonel-brizola","tag-campanha-da-legalidade","tag-carlos-lupi","tag-cieps","tag-heroi-da-patria","tag-jose-augusto-ribeiro","tag-leonel-brizola"],"acf":[],"_links":{"self":[{"href":"https:\/\/pdt-rj.org.br\/index.php\/wp-json\/wp\/v2\/posts\/80250","targetHints":{"allow":["GET"]}}],"collection":[{"href":"https:\/\/pdt-rj.org.br\/index.php\/wp-json\/wp\/v2\/posts"}],"about":[{"href":"https:\/\/pdt-rj.org.br\/index.php\/wp-json\/wp\/v2\/types\/post"}],"author":[{"embeddable":true,"href":"https:\/\/pdt-rj.org.br\/index.php\/wp-json\/wp\/v2\/users\/17"}],"replies":[{"embeddable":true,"href":"https:\/\/pdt-rj.org.br\/index.php\/wp-json\/wp\/v2\/comments?post=80250"}],"version-history":[{"count":3,"href":"https:\/\/pdt-rj.org.br\/index.php\/wp-json\/wp\/v2\/posts\/80250\/revisions"}],"predecessor-version":[{"id":80254,"href":"https:\/\/pdt-rj.org.br\/index.php\/wp-json\/wp\/v2\/posts\/80250\/revisions\/80254"}],"wp:featuredmedia":[{"embeddable":true,"href":"https:\/\/pdt-rj.org.br\/index.php\/wp-json\/wp\/v2\/media\/80251"}],"wp:attachment":[{"href":"https:\/\/pdt-rj.org.br\/index.php\/wp-json\/wp\/v2\/media?parent=80250"}],"wp:term":[{"taxonomy":"category","embeddable":true,"href":"https:\/\/pdt-rj.org.br\/index.php\/wp-json\/wp\/v2\/categories?post=80250"},{"taxonomy":"post_tag","embeddable":true,"href":"https:\/\/pdt-rj.org.br\/index.php\/wp-json\/wp\/v2\/tags?post=80250"}],"curies":[{"name":"wp","href":"https:\/\/api.w.org\/{rel}","templated":true}]}}