{"id":80222,"date":"2021-10-13T15:52:27","date_gmt":"2021-10-13T18:52:27","guid":{"rendered":"http:\/\/pdt-rj.org.br\/?p=80222"},"modified":"2021-10-13T15:52:27","modified_gmt":"2021-10-13T18:52:27","slug":"ciro-promete-desarmamento-civil-e-reestruturacao-do-sistema-de-seguranca","status":"publish","type":"post","link":"https:\/\/pdt-rj.org.br\/index.php\/ciro-promete-desarmamento-civil-e-reestruturacao-do-sistema-de-seguranca\/","title":{"rendered":"Ciro promete desarmamento civil e reestrutura\u00e7\u00e3o do sistema de seguran\u00e7a"},"content":{"rendered":"<p><em><b>Pedetista indica uma pol\u00edtica p\u00fablica oposta \u00e0 implementada pelo presidente Jair Bolsonaro<\/b><\/em><\/p>\n<p style=\"font-weight: 400;\">A implementa\u00e7\u00e3o do desarmamento civil e a transforma\u00e7\u00e3o do sistema de seguran\u00e7a p\u00fablica vigente ser\u00e3o pilares do pr\u00e9-candidato a presidente da Rep\u00fablica pelo PDT, Ciro Gomes, em sua poss\u00edvel gest\u00e3o \u00e0 frente do Pal\u00e1cio do Planalto. A posi\u00e7\u00e3o foi apresentada, na \u00faltima segunda-feira (11), ao longo da abertura do semin\u00e1rio virtual promovido pelo N\u00facleo de Estudos sobre Seguran\u00e7a P\u00fablica.<\/p>\n<p style=\"font-weight: 400;\">Em conjunto com os pedetistas e delegados da Pol\u00edcia Civil do Rio de Janeiro, Martha Rocha \u2013 atualmente deputada estadual \u2013 e Orlando Zaccone, o ex-governador cearense mostrou sua oposi\u00e7\u00e3o \u00e0s pr\u00e1ticas do presidente Jair Bolsonaro, como exemplificado na prolifera\u00e7\u00e3o do armamento sem rastreamento e no sucateamento das pol\u00edcias.<\/p>\n<p style=\"font-weight: 400;\">\u201cSe um dia eu for presidente desse pa\u00eds, arma na rua ser\u00e1 apreendida se n\u00e3o tiver na m\u00e3o da pol\u00edcia, com a devida autoriza\u00e7\u00e3o. Ali\u00e1s, como eu j\u00e1 fiz no Cear\u00e1 [&#8230;] Todas as armas ser\u00e3o recolhidas e ser\u00e1 dado um prazo para quem quiser recolher voluntariamente\u201d, prometeu, garantindo ainda a indeniza\u00e7\u00e3o aos propriet\u00e1rios legais.<\/p>\n<p style=\"font-weight: 400;\">\u201cPrecisamos anunciar a reestrutura\u00e7\u00e3o do sistema de seguran\u00e7a p\u00fablica do pa\u00eds, que ele vai ser digitalizado. Sair do mundo anal\u00f3gico, do \u201c38\u201d, para a investiga\u00e7\u00e3o inteligente, tecnol\u00f3gica e sofisticada e o or\u00e7amento triplicado. O governo federal gastou 0,3% em seguran\u00e7a p\u00fablica no ano passado e a Pol\u00edcia Federal tem 11.800 homens. Ent\u00e3o n\u00e3o \u00e9 s\u00e9rio\u201d, acrescentou, em conson\u00e2ncia com a cria\u00e7\u00e3o do Sistema \u00danico de Seguran\u00e7a, avan\u00e7o da desmilitariza\u00e7\u00e3o da pol\u00edcia e an\u00e1lise de mudan\u00e7as na legisla\u00e7\u00e3o processual penal.<\/p>\n<p style=\"font-weight: 400;\">Para Ciro, Bolsonaro n\u00e3o tem a menor preocupa\u00e7\u00e3o com a prote\u00e7\u00e3o da popula\u00e7\u00e3o, pois foca na forma\u00e7\u00e3o de uma estrutura paralela e inconstitucional de defesa, conforme observado no Rio.<\/p>\n<p style=\"font-weight: 400;\">\u201cNo del\u00edrio dele, est\u00e1 tentando criar uma mil\u00edcia armada, que seria o ex\u00e9rcito de reserva, para fazer um golpe de Estado no Brasil\u201d, pontuou, citando os decretos assinados desde 2019.<\/p>\n<p style=\"font-weight: 400;\">Diante da gravidade da pior crise j\u00e1 registradas no pa\u00eds, evidenciada pelo desemprego, precariza\u00e7\u00e3o do trabalho e desalento em massa, o vice-presidente nacional do PDT refor\u00e7a a posi\u00e7\u00e3o de centralidade da discuss\u00e3o conjuntural \u2013 n\u00e3o s\u00f3 no partido, mas tamb\u00e9m entre os cidad\u00e3os \u2013 para que exista uma mobiliza\u00e7\u00e3o em prol da retomada do progresso socialmente respons\u00e1vel.<\/p>\n<p style=\"font-weight: 400;\">\u201cSe n\u00f3s queremos fazer um Projeto Nacional de Desenvolvimento acontecer no Brasil, \u00e9 preciso que tenha uma densa legitimidade e consulte o drama popular. Nosso povo est\u00e1 esmagado por uma agenda extremamente grave [&#8230;] Precisamos trazer a educa\u00e7\u00e3o, que n\u00e3o aparece nas emerg\u00eancias do povo tal a agenda tr\u00e1gica que o nosso povo est\u00e1 passando, e a quest\u00e3o da seguran\u00e7a, que cai um pouco de intensidade na percep\u00e7\u00e3o\u201d, apontou.<\/p>\n<p style=\"font-weight: 400;\">\u201cAs causas do fen\u00f4meno da ultraviol\u00eancia, no pa\u00eds, n\u00e3o s\u00e3o simples, triviais. S\u00e3o complexas e n\u00e3o ser\u00e3o resolvidas a golpe de demagogia e de frase feita. Por exemplo: se mis\u00e9ria fosse causa da viol\u00eancia, o lugar mais violento do Brasil n\u00e3o seria a periferia de S\u00e3o Paulo ou de Fortaleza, e sim um lugar chamado Salitre, que \u00e9 um min\u00fasculo munic\u00edpio que fica na esquina do Cear\u00e1, Piau\u00ed e Pernambuco, onde o IDH \u00e9 menos da metade do \u00edndice do Brasil\u201d, relatou.<\/p>\n<p style=\"font-weight: 400;\"><strong>Contexto<\/strong><\/p>\n<p style=\"font-weight: 400;\">Martha Rocha, ex-chefe da Pol\u00edcia Civil, avaliou que o pa\u00eds apresenta, historicamente, um padr\u00e3o punitivo enraizado. Esse modelo \u00e9 replicado nas for\u00e7as de seguran\u00e7a tanto na gest\u00e3o, quanto na organiza\u00e7\u00e3o, por\u00e9m o resultado acumulado n\u00e3o traduz um saldo socialmente positivo. Por isso, defende o investimento de longo prazo na educa\u00e7\u00e3o e nos servidores p\u00fablicos, bem como no aprimoramento do sistema judicial.<\/p>\n<p style=\"font-weight: 400;\">\u201cSe de um lado a gente tem uma pol\u00edcia com alto \u00edndice de letalidade, n\u00f3s tamb\u00e9m temos um alto \u00edndice de mortes de policiais. E, no meio do caminho, estamos em um pa\u00eds que concentra uma elevada taxa de desigualdade social e desemprego\u201d, afirmou, remetendo \u00e0 ampla presen\u00e7a dos jovens, principalmente negros, nos dados do sistema penitenci\u00e1rio.<\/p>\n<p style=\"font-weight: 400;\">\u201cNa d\u00e9cada de 80, apesar dos 500 Cieps constru\u00eddos por Leonel Brizola, investimento na educa\u00e7\u00e3o e cria\u00e7\u00e3o de escola para n\u00e3o construir pres\u00eddio, o povo do estado do Rio de Janeiro se submeteu a um estelionato eleitoral e acreditou que a viol\u00eancia seria extinta pelo governador eleito no prazo de seis meses\u201d, completou, em refer\u00eancia \u00e0 vit\u00f3ria, nas elei\u00e7\u00f5es de 1986, de Moreira Franco sobre Darcy Ribeiro, ap\u00f3s o primeiro mandato do l\u00edder pedetista.<\/p>\n<p style=\"font-weight: 400;\">O delegado Orlando Zaccone, rec\u00e9m-filiado ao partido, apresentou n\u00fameros do \u00faltimo anu\u00e1rio do F\u00f3rum Brasileiro de Seguran\u00e7a P\u00fablica, com destaque para o recorde do n\u00famero absoluto de mortes ocasionadas por a\u00e7\u00f5es policiais em 2020, mesmo com a pandemia da Covid-19. Ao defender a pol\u00edtica dos governos Brizola, o pedetista combate a equivocada legitima\u00e7\u00e3o da letalidade e analisa a responsabilidade sobre o direito \u00e0 vida em um \u201cEstado assassino\u201d.<\/p>\n<p style=\"font-weight: 400;\">\u201cN\u00f3s tivemos a forma\u00e7\u00e3o do nosso Estado-na\u00e7\u00e3o na base de muita viol\u00eancia e isso se reflete at\u00e9 hoje. [&#8230;] A primeira coisa que devemos fazer, como dever de casa, \u00e9 pactuar um projeto pol\u00edtico que se comprometa com a redu\u00e7\u00e3o dessa mortalidade a partir de a\u00e7\u00f5es policiais\u201d, disse, questionando a avalia\u00e7\u00e3o dos processos, pelo Minist\u00e9rio P\u00fablico, referentes \u00e0 vincula\u00e7\u00e3o das partes sobre as v\u00edtimas constatadas em opera\u00e7\u00f5es.<\/p>\n<p style=\"font-weight: 400;\">\u201cHoje, no Brasil, qualquer pessoa que for identificada como traficante j\u00e1 vai ter sua morte legitimada. E o grande problema \u00e9 se essa letalidade, a partir de a\u00e7\u00f5es policiais, se justifica pela a\u00e7\u00e3o da pol\u00edcia ou pela condi\u00e7\u00e3o do morto. Foi o que aconteceu no caso do Amarildo\u201d, explicou, em refer\u00eancia ao caso do desaparecimento e morte do pedreiro, em 2013, ap\u00f3s ser detido e torturado por agentes militares na favela da Rocinha, na Zona Sul da capital fluminense.<\/p>\n<p style=\"font-weight: 400;\"><strong>Programa\u00e7\u00e3o<\/strong><\/p>\n<p style=\"font-weight: 400;\">A sequ\u00eancia do evento contar\u00e1 nesta quarta-feira (13), \u00e0s 19h, com a an\u00e1lise sobre prote\u00e7\u00e3o \u00e0 mulher feita por Martha Rocha e a vereadora de Curitiba (PR), Maria Let\u00edcia.<\/p>\n<p style=\"font-weight: 400;\">Na quinta-feira (14), 19h, a desmistifica\u00e7\u00e3o da realidade policial ser\u00e1 o ponto central do painel integrado por Terine Huseh, Fabricio Rosa, Marcelo Bordin, Cristina Villanova e Henry Franci.<\/p>\n<p style=\"font-weight: 400;\">A pol\u00edtica de drogas ser\u00e1 abordada na sexta-feira (15), \u00e0s 19h, pelo vereador de Curitiba (PR) Dalton Borda (PDT), a ju\u00edza Maria Lucia Haram, Diogo Busse e Cristiano Maronna.<\/p>\n<p style=\"font-weight: 400;\">O encerramento, no s\u00e1bado (16), contar\u00e1 com dois pain\u00e9is. \u00c0s 15h, a abordagem do impacto dos crimes de \u00f3dio atrav\u00e9s das participa\u00e7\u00f5es de Fabio Jos\u00e9 da Costa, Izaque de Souza e Marcos Andr\u00e9 Cordeiro. \u00c0s 17h, as pol\u00edticas carcer\u00e1rias e fac\u00e7\u00f5es criminosas ser\u00e3o os temas avaliados por Luiz Phelipe Dal Santo e Vitor Dieter.<\/p>\n<!-- AddThis Advanced Settings generic via filter on the_content --><!-- AddThis Share Buttons generic via filter on the_content -->","protected":false},"excerpt":{"rendered":"<p>Pedetista indica uma pol\u00edtica p\u00fablica oposta \u00e0 implementada pelo presidente Jair Bolsonaro A implementa\u00e7\u00e3o do desarmamento civil e a transforma\u00e7\u00e3o do sistema de seguran\u00e7a p\u00fablica vigente ser\u00e3o pilares do pr\u00e9-candidato a presidente da Rep\u00fablica pelo PDT, Ciro Gomes, em sua poss\u00edvel gest\u00e3o \u00e0 frente do Pal\u00e1cio do Planalto. A posi\u00e7\u00e3o foi apresentada, na \u00faltima segunda-feira&#8230;<!-- AddThis Advanced Settings generic via filter on wp_trim_excerpt --><!-- AddThis Share Buttons generic via filter on wp_trim_excerpt --><\/p>\n","protected":false},"author":17,"featured_media":80225,"comment_status":"closed","ping_status":"closed","sticky":false,"template":"","format":"standard","meta":{"_monsterinsights_skip_tracking":false,"_monsterinsights_sitenote_active":false,"_monsterinsights_sitenote_note":"","_monsterinsights_sitenote_category":0,"_uf_show_specific_survey":0,"_uf_disable_surveys":false,"footnotes":""},"categories":[1401,976],"tags":[1545,220,565,2869,5213,38,5214,1541],"class_list":["post-80222","post","type-post","status-publish","format-standard","has-post-thumbnail","hentry","category-nacional","category-noticias-em-destaque","tag-cieps","tag-ciro-gomes","tag-leonel-brizola","tag-martha-rocha","tag-nucleo-de-estudos-sobre-seguranca-publica","tag-pdt","tag-policia-civil-do-rio-de-janeiro","tag-projeto-nacional-de-desenvolvimento"],"acf":[],"_links":{"self":[{"href":"https:\/\/pdt-rj.org.br\/index.php\/wp-json\/wp\/v2\/posts\/80222","targetHints":{"allow":["GET"]}}],"collection":[{"href":"https:\/\/pdt-rj.org.br\/index.php\/wp-json\/wp\/v2\/posts"}],"about":[{"href":"https:\/\/pdt-rj.org.br\/index.php\/wp-json\/wp\/v2\/types\/post"}],"author":[{"embeddable":true,"href":"https:\/\/pdt-rj.org.br\/index.php\/wp-json\/wp\/v2\/users\/17"}],"replies":[{"embeddable":true,"href":"https:\/\/pdt-rj.org.br\/index.php\/wp-json\/wp\/v2\/comments?post=80222"}],"version-history":[{"count":3,"href":"https:\/\/pdt-rj.org.br\/index.php\/wp-json\/wp\/v2\/posts\/80222\/revisions"}],"predecessor-version":[{"id":80226,"href":"https:\/\/pdt-rj.org.br\/index.php\/wp-json\/wp\/v2\/posts\/80222\/revisions\/80226"}],"wp:featuredmedia":[{"embeddable":true,"href":"https:\/\/pdt-rj.org.br\/index.php\/wp-json\/wp\/v2\/media\/80225"}],"wp:attachment":[{"href":"https:\/\/pdt-rj.org.br\/index.php\/wp-json\/wp\/v2\/media?parent=80222"}],"wp:term":[{"taxonomy":"category","embeddable":true,"href":"https:\/\/pdt-rj.org.br\/index.php\/wp-json\/wp\/v2\/categories?post=80222"},{"taxonomy":"post_tag","embeddable":true,"href":"https:\/\/pdt-rj.org.br\/index.php\/wp-json\/wp\/v2\/tags?post=80222"}],"curies":[{"name":"wp","href":"https:\/\/api.w.org\/{rel}","templated":true}]}}