{"id":80195,"date":"2021-10-08T10:38:24","date_gmt":"2021-10-08T13:38:24","guid":{"rendered":"http:\/\/pdt-rj.org.br\/?p=80195"},"modified":"2021-10-15T13:10:26","modified_gmt":"2021-10-15T16:10:26","slug":"lupi-expoe-atuacao-do-pdt-contra-bolsonaro-na-internacional-socialista","status":"publish","type":"post","link":"https:\/\/pdt-rj.org.br\/index.php\/lupi-expoe-atuacao-do-pdt-contra-bolsonaro-na-internacional-socialista\/","title":{"rendered":"Lupi exp\u00f5e atua\u00e7\u00e3o do PDT contra Bolsonaro na Internacional Socialista"},"content":{"rendered":"<p><em><b>Reuni\u00e3o de lideran\u00e7as, no M\u00e9xico, aborda a prote\u00e7\u00e3o da democracia na Am\u00e9rica Latina e Caribe<\/b><\/em><\/p>\n<p style=\"font-weight: 400;\">A atua\u00e7\u00e3o do PDT contra os atos antidemocr\u00e1ticos do presidente do Brasil, Jair Bolsonaro, recebeu destaque na reuni\u00e3o do Comit\u00ea da Internacional Socialista (IS) para Am\u00e9rica Latina e Caribe, que ocorreu entre 8 e 9 de outubro em Canc\u00fan, no M\u00e9xico. O presidente nacional do partido e vice-presidente da IS, Carlos Lupi, exp\u00f4s as interven\u00e7\u00f5es pol\u00edticas e jur\u00eddicas para garantir a Constitui\u00e7\u00e3o e os direitos sociais, al\u00e9m de propor alternativas para superar as crises de sa\u00fade p\u00fablica e clim\u00e1tica.<\/p>\n<p style=\"font-weight: 400;\">\u201cCom vit\u00f3rias no Supremo Tribunal Federal e no Congresso Nacional, contribu\u00edmos para que prefeitos e governadores tivessem a liberdade de executar, ao longo da pandemia, medidas protetivas com respaldo cient\u00edfico, em contraponto ao proposto pelo governo federal. Paralelamente, nossos parlamentares buscaram assegurar o acesso de cidad\u00e3os vulner\u00e1veis ao aux\u00edlio emergencial, resguardar conquistas das minorias e preservar ecossistemas, como a Amaz\u00f4nia, o Pantanal e Fernando de Noronha\u201d, disse Lupi.<\/p>\n<p style=\"font-weight: 400;\">\u201cComo oposi\u00e7\u00e3o, impedimos ainda que Bolsonaro seguisse usando desenfreadamente a m\u00e1quina p\u00fablica para fomentar interesses da fam\u00edlia e aliados. Gastos, interfer\u00eancias e manobras ilegais s\u00e3o denunciados para os \u00f3rg\u00e3os fiscalizat\u00f3rios. \u00c9 quest\u00e3o de tempo para que ele seja preso e condenado pela s\u00e9rie de crimes de responsabilidade\u201d, completou.<\/p>\n<p style=\"font-weight: 400;\">O pedetista salientou, ao longo das plen\u00e1rias com lideran\u00e7as mundiais, que a mobiliza\u00e7\u00e3o trabalhista, em conjunto com representa\u00e7\u00f5es progressistas, est\u00e1 evoluindo com a expans\u00e3o do apoio popular, apesar das limita\u00e7\u00f5es impostas pela Covid-19.<\/p>\n<p style=\"font-weight: 400;\">\u201cO povo brasileiro est\u00e1 nas ruas para lutar n\u00e3o s\u00f3 contra o coronav\u00edrus, mas tamb\u00e9m para afastar um genocida do poder. O Brasil se tornou um epicentro mundial e j\u00e1 s\u00e3o mais de 600 mil vidas perdidas por culpa do negacionismo ideol\u00f3gico de um irrespons\u00e1vel que n\u00e3o tem capacidade e car\u00e1ter para ocupar o cargo de presidente da Rep\u00fablica\u201d, disse.<\/p>\n<p style=\"font-weight: 400;\">Diante do caos econ\u00f4mico, social e ambiental, o anseio transformador da sociedade brasileira corrobora o fortalecimento, segundo ele, de uma integra\u00e7\u00e3o fundamental para frear novas amea\u00e7as bolsonaristas e assegurar, inclusive, a realiza\u00e7\u00e3o do processo eleitoral, do qual a sigla apresenta o ex-governador do Cear\u00e1, Ciro Gomes, como pr\u00e9-candidato ao Pal\u00e1cio do Planalto.<\/p>\n<p style=\"font-weight: 400;\">\u201cVamos vencer o bolsonarismo, mas tamb\u00e9m precisamos pensar no futuro. Para recolocar a na\u00e7\u00e3o no rumo do progresso, \u00e9 preponderante discutir planos estrat\u00e9gicos de retomada do crescimento econ\u00f4mico socialmente respons\u00e1vel. E o Projeto Nacional de Desenvolvimento, capitaneado pelo Ciro, \u00e9 uma op\u00e7\u00e3o vi\u00e1vel, inovadora e transformadora\u201d, ponderou.<\/p>\n<p>Leia a \u00edntegra da Declara\u00e7\u00e3o de Canc\u00fan.<\/p>\n<p><a href=\"http:\/\/pdt-rj.org.br\/wp-content\/uploads\/2021\/10\/Declaracion-de-Cancun.pdf\">Declaracion de Cancun<\/a><\/p>\n<!-- AddThis Advanced Settings generic via filter on the_content --><!-- AddThis Share Buttons generic via filter on the_content -->","protected":false},"excerpt":{"rendered":"<p>Reuni\u00e3o de lideran\u00e7as, no M\u00e9xico, aborda a prote\u00e7\u00e3o da democracia na Am\u00e9rica Latina e Caribe A atua\u00e7\u00e3o do PDT contra os atos antidemocr\u00e1ticos do presidente do Brasil, Jair Bolsonaro, recebeu destaque na reuni\u00e3o do Comit\u00ea da Internacional Socialista (IS) para Am\u00e9rica Latina e Caribe, que ocorreu entre 8 e 9 de outubro em Canc\u00fan, no&#8230;<!-- AddThis Advanced Settings generic via filter on wp_trim_excerpt --><!-- AddThis Share Buttons generic via filter on wp_trim_excerpt --><\/p>\n","protected":false},"author":17,"featured_media":80196,"comment_status":"closed","ping_status":"closed","sticky":false,"template":"","format":"standard","meta":{"_monsterinsights_skip_tracking":false,"_monsterinsights_sitenote_active":false,"_monsterinsights_sitenote_note":"","_monsterinsights_sitenote_category":0,"_uf_show_specific_survey":0,"_uf_disable_surveys":false,"footnotes":""},"categories":[1390,3030,1401],"tags":[196,5205,1526,3348,500,899],"class_list":["post-80195","post","type-post","status-publish","format-standard","has-post-thumbnail","hentry","category-editorias","category-internacional","category-nacional","tag-carlos-lupi","tag-comite-da-internacional-socialista","tag-congresso-nacional","tag-covid-19","tag-internacional-socialista","tag-supremo-tribunal-federal"],"acf":[],"_links":{"self":[{"href":"https:\/\/pdt-rj.org.br\/index.php\/wp-json\/wp\/v2\/posts\/80195","targetHints":{"allow":["GET"]}}],"collection":[{"href":"https:\/\/pdt-rj.org.br\/index.php\/wp-json\/wp\/v2\/posts"}],"about":[{"href":"https:\/\/pdt-rj.org.br\/index.php\/wp-json\/wp\/v2\/types\/post"}],"author":[{"embeddable":true,"href":"https:\/\/pdt-rj.org.br\/index.php\/wp-json\/wp\/v2\/users\/17"}],"replies":[{"embeddable":true,"href":"https:\/\/pdt-rj.org.br\/index.php\/wp-json\/wp\/v2\/comments?post=80195"}],"version-history":[{"count":9,"href":"https:\/\/pdt-rj.org.br\/index.php\/wp-json\/wp\/v2\/posts\/80195\/revisions"}],"predecessor-version":[{"id":80279,"href":"https:\/\/pdt-rj.org.br\/index.php\/wp-json\/wp\/v2\/posts\/80195\/revisions\/80279"}],"wp:featuredmedia":[{"embeddable":true,"href":"https:\/\/pdt-rj.org.br\/index.php\/wp-json\/wp\/v2\/media\/80196"}],"wp:attachment":[{"href":"https:\/\/pdt-rj.org.br\/index.php\/wp-json\/wp\/v2\/media?parent=80195"}],"wp:term":[{"taxonomy":"category","embeddable":true,"href":"https:\/\/pdt-rj.org.br\/index.php\/wp-json\/wp\/v2\/categories?post=80195"},{"taxonomy":"post_tag","embeddable":true,"href":"https:\/\/pdt-rj.org.br\/index.php\/wp-json\/wp\/v2\/tags?post=80195"}],"curies":[{"name":"wp","href":"https:\/\/api.w.org\/{rel}","templated":true}]}}