{"id":80178,"date":"2021-10-06T14:38:57","date_gmt":"2021-10-06T17:38:57","guid":{"rendered":"http:\/\/pdt-rj.org.br\/?p=80178"},"modified":"2021-10-15T13:15:55","modified_gmt":"2021-10-15T16:15:55","slug":"martha-rocha-vota-contra-pacote-de-maldades-do-governo-claudio-castro-na-alerj","status":"publish","type":"post","link":"https:\/\/pdt-rj.org.br\/index.php\/martha-rocha-vota-contra-pacote-de-maldades-do-governo-claudio-castro-na-alerj\/","title":{"rendered":"Martha Rocha vota contra \u201cpacote de maldades\u201d do governo Cl\u00e1udio Castro na Alerj"},"content":{"rendered":"<p><em><b>Ades\u00e3o ao novo Regime de Recupera\u00e7\u00e3o Fiscal afeta servidores e servi\u00e7os p\u00fablicos por 10 anos<\/b><\/em><\/p>\n<p style=\"font-weight: 400;\">\u201c\u00c9 uma forma singela e cruel de conter os gastos exatamente ceifando os direitos dos servidores\u201d, disse a deputada estadual Delegada Martha Rocha (PDT-RJ) durante voto contr\u00e1rio ao \u201cpacote de maldades\u201d encaminhado pelo governador Cl\u00e1udio Castro. A ades\u00e3o ao novo Regime de Recupera\u00e7\u00e3o Fiscal (RRF) foi aprovada pela Assembleia Legislativa do Estado do Rio de Janeiro (Alerj), nesta ter\u00e7a-feira (5), em discuss\u00e3o \u00fanica.<\/p>\n<p style=\"font-weight: 400;\">Com dura\u00e7\u00e3o de 10 anos, o novo acordo do Estado com a Uni\u00e3o adequa a legisla\u00e7\u00e3o fluminense vinculada ao antigo regime, que foi barrado pelo ministro da Economia, Paulo Guedes, e aceita mais imposi\u00e7\u00f5es do Governo Federal.<\/p>\n<p style=\"font-weight: 400;\">Como contrapartidas pela oferta de refinanciamento da d\u00edvida p\u00fablica estadual, est\u00e3o inclu\u00eddos a proibi\u00e7\u00e3o de novas contrata\u00e7\u00f5es e a realiza\u00e7\u00e3o de concursos p\u00fablicos, a limita\u00e7\u00e3o de investimentos a partir do novo teto de gastos estadual e o corte de benef\u00edcios pelas reformas da previd\u00eancia e administrativa. Entre os bens p\u00fablicos, ocorreu a privatiza\u00e7\u00e3o da Companhia Estadual de \u00c1guas e Esgotos (Cedae).<\/p>\n<p style=\"font-weight: 400;\">Apesar da redu\u00e7\u00e3o dos danos por emendas, como a libera\u00e7\u00e3o para reajustes anuais dos sal\u00e1rios, a ex-chefe da Pol\u00edcia Civil e\u00a0l\u00edder do partido na Casa indicou que as medidas, constru\u00eddas por Castro em parceria com o presidente da Rep\u00fablica, Jair Bolsonaro, despontam como \u201cato de viol\u00eancia e desrespeito\u201d para &#8220;preserva\u00e7\u00e3o da desigualdade social&#8221;.<\/p>\n<p style=\"font-weight: 400;\">\u201cVotei n\u00e3o e votaria n\u00e3o quantas vezes me fosse perguntado. O que n\u00f3s estamos presenciando, aqui, n\u00e3o \u00e9 um pacote de austeridade. Um pacote de austeridade n\u00e3o gastaria, pelo governo do estado, mais de R$ 2 bilh\u00f5es em deslocamento de helic\u00f3ptero\u201d, criticou.<\/p>\n<p style=\"font-weight: 400;\">\u201cOs servidores p\u00fablicos est\u00e3o andando de \u00f4nibus para continuar trabalhando porque n\u00e3o podem, apesar de todas as quest\u00f5es da Covid, n\u00e3o abandonaram seus postos. Assim, foi a Sa\u00fade, a Educa\u00e7\u00e3o e a Seguran\u00e7a P\u00fablica\u201d, completou a deputada.<\/p>\n<!-- AddThis Advanced Settings generic via filter on the_content --><!-- AddThis Share Buttons generic via filter on the_content -->","protected":false},"excerpt":{"rendered":"<p>Ades\u00e3o ao novo Regime de Recupera\u00e7\u00e3o Fiscal afeta servidores e servi\u00e7os p\u00fablicos por 10 anos \u201c\u00c9 uma forma singela e cruel de conter os gastos exatamente ceifando os direitos dos servidores\u201d, disse a deputada estadual Delegada Martha Rocha (PDT-RJ) durante voto contr\u00e1rio ao \u201cpacote de maldades\u201d encaminhado pelo governador Cl\u00e1udio Castro. A ades\u00e3o ao novo&#8230;<!-- AddThis Advanced Settings generic via filter on wp_trim_excerpt --><!-- AddThis Share Buttons generic via filter on wp_trim_excerpt --><\/p>\n","protected":false},"author":17,"featured_media":80181,"comment_status":"closed","ping_status":"closed","sticky":false,"template":"","format":"standard","meta":{"_monsterinsights_skip_tracking":false,"_monsterinsights_sitenote_active":false,"_monsterinsights_sitenote_note":"","_monsterinsights_sitenote_category":0,"_uf_show_specific_survey":0,"_uf_disable_surveys":false,"footnotes":""},"categories":[1390,1402],"tags":[2727,2869,1078,4061],"class_list":["post-80178","post","type-post","status-publish","format-standard","has-post-thumbnail","hentry","category-editorias","category-cidades","tag-alerj","tag-martha-rocha","tag-pacote-de-maldades","tag-regime-de-recuperacao-fiscal"],"acf":[],"_links":{"self":[{"href":"https:\/\/pdt-rj.org.br\/index.php\/wp-json\/wp\/v2\/posts\/80178","targetHints":{"allow":["GET"]}}],"collection":[{"href":"https:\/\/pdt-rj.org.br\/index.php\/wp-json\/wp\/v2\/posts"}],"about":[{"href":"https:\/\/pdt-rj.org.br\/index.php\/wp-json\/wp\/v2\/types\/post"}],"author":[{"embeddable":true,"href":"https:\/\/pdt-rj.org.br\/index.php\/wp-json\/wp\/v2\/users\/17"}],"replies":[{"embeddable":true,"href":"https:\/\/pdt-rj.org.br\/index.php\/wp-json\/wp\/v2\/comments?post=80178"}],"version-history":[{"count":3,"href":"https:\/\/pdt-rj.org.br\/index.php\/wp-json\/wp\/v2\/posts\/80178\/revisions"}],"predecessor-version":[{"id":80182,"href":"https:\/\/pdt-rj.org.br\/index.php\/wp-json\/wp\/v2\/posts\/80178\/revisions\/80182"}],"wp:featuredmedia":[{"embeddable":true,"href":"https:\/\/pdt-rj.org.br\/index.php\/wp-json\/wp\/v2\/media\/80181"}],"wp:attachment":[{"href":"https:\/\/pdt-rj.org.br\/index.php\/wp-json\/wp\/v2\/media?parent=80178"}],"wp:term":[{"taxonomy":"category","embeddable":true,"href":"https:\/\/pdt-rj.org.br\/index.php\/wp-json\/wp\/v2\/categories?post=80178"},{"taxonomy":"post_tag","embeddable":true,"href":"https:\/\/pdt-rj.org.br\/index.php\/wp-json\/wp\/v2\/tags?post=80178"}],"curies":[{"name":"wp","href":"https:\/\/api.w.org\/{rel}","templated":true}]}}