{"id":80172,"date":"2021-09-30T02:09:19","date_gmt":"2021-09-30T05:09:19","guid":{"rendered":"http:\/\/pdt-rj.org.br\/?p=80172"},"modified":"2021-10-06T02:15:26","modified_gmt":"2021-10-06T05:15:26","slug":"martha-rocha-reune-pesquisadores-para-analisar-origem-e-impacto-do-racismo-religioso","status":"publish","type":"post","link":"https:\/\/pdt-rj.org.br\/index.php\/martha-rocha-reune-pesquisadores-para-analisar-origem-e-impacto-do-racismo-religioso\/","title":{"rendered":"Martha Rocha re\u00fane pesquisadores para analisar origem e impacto do racismo religioso"},"content":{"rendered":"<p class=\"yiv6974123848MsoNormal\"><em><b>Encontro fortaleceu o avan\u00e7o da CPI da Intoler\u00e2ncia Religiosa, presidida pela pedetista na Alerj<\/b><\/em><\/p>\n<p class=\"yiv6974123848MsoNormal\">As ra\u00edzes hist\u00f3ricas e o impacto do racismo religioso foram o foco do debate com pesquisadores universit\u00e1rios, nesta ter\u00e7a-feira (28), durante reuni\u00e3o promovida pela Comiss\u00e3o Parlamentar de Inqu\u00e9rito (CPI) da Intoler\u00e2ncia Religiosa, que \u00e9 presidida pela deputada Martha Rocha (PDT) na Assembleia Legislativa do Estado do Rio de Janeiro (Alerj).<\/p>\n<p class=\"yiv6974123848MsoNormal\">Ao longo do encontro, os participantes apresentaram um panorama da trajet\u00f3ria de luta pela liberdade de culto no pa\u00eds, com destaque para a contextualiza\u00e7\u00e3o do enfrentamento aos ataques a templos e adeptos em todas regi\u00f5es fluminenses.<\/p>\n<p class=\"yiv6974123848MsoNormal\">Martha Rocha destacou a necessidade de aprimorar a presen\u00e7a e atua\u00e7\u00e3o do Estado no enfrentamento da quest\u00e3o, pois considera primordial a garantia da pluralidade consolidada na sociedade brasileira.<\/p>\n<p class=\"yiv6974123848MsoNormal\">\u201cApesar da formalidade da lei, ela n\u00e3o faz a conquista do direito. Ainda precisamos reestruturar os poderes p\u00fablicos. Ainda n\u00e3o conseguimos sensibilizar o Poder Judici\u00e1rio para criar uma vara espec\u00edfica para tratar do racismo religioso, que requer a ado\u00e7\u00e3o de medidas urgentes e emergentes\u201d, pontuou.<\/p>\n<p class=\"yiv6974123848MsoNormal\">O professor de Cultura e Idioma Iorub\u00e1 da Universidade Federal Fluminense (UFF), M\u00e1rcio Dodds, apresentou sua posi\u00e7\u00e3o sobre marcos regulat\u00f3rios e ressaltou que as a\u00e7\u00f5es de repress\u00e3o \u00e0 viol\u00eancia s\u00f3 ter\u00e3o efetividade a partir de uma mobiliza\u00e7\u00e3o conjunta.<\/p>\n<p class=\"yiv6974123848MsoNormal\">\u201cSomos um estado laico desde a primeira Constitui\u00e7\u00e3o Republicana, em 1891. No entanto, somente em 1997 tivemos uma lei tipificando os crimes de preconceito religioso. Estou convencido que a intoler\u00e2ncia s\u00f3 ser\u00e1 combatida com a\u00e7\u00f5es multidisciplinares, afirmativas de direitos e de combate pela seguran\u00e7a p\u00fablica. Os casos v\u00eam aumentando, atingindo diversos segmentos religiosos, mas, no topo dessa estat\u00edstica est\u00e3o as religi\u00f5es de matriz africana, com mais de 80% dos registros\u201d, afirmou.<\/p>\n<p class=\"yiv6974123848MsoNormal\">Nesse sentido, a professora do programa de p\u00f3s-gradua\u00e7\u00e3o em Sociologia da UFF, Christina Vital da Cunha, atribuiu o pequeno n\u00famero de registros oficiais de ataques a grupos de candombl\u00e9 e umbanda como parte de uma estrat\u00e9gia de sil\u00eancio, onde o intuito impl\u00edcito \u00e9 escapar da viol\u00eancia f\u00edsica e moral.<\/p>\n<p class=\"yiv6974123848MsoNormal\">Para a p\u00f3s-doutoranda em Hist\u00f3ria Comparada da Universidade Federal do Rio de Janeiro (UFRJ), Helena Teodoro, a tem\u00e1tica est\u00e1 inserida num projeto de domina\u00e7\u00e3o pol\u00edtico-econ\u00f4mica.<\/p>\n<p class=\"yiv6974123848MsoNormal\">\u201cA intoler\u00e2ncia religiosa est\u00e1 profundamente ligada a um processo de manuten\u00e7\u00e3o dos poderes pol\u00edtico e econ\u00f4mico. Tem que haver uma proposta educacional, ligada \u00e0 m\u00eddia, de fundamento filos\u00f3fico, com vis\u00e3o de pol\u00edtica e de legisla\u00e7\u00e3o, caso contr\u00e1rio a intoler\u00e2ncia ir\u00e1 continuar\u201d, indicou.<\/p>\n<!-- AddThis Advanced Settings generic via filter on the_content --><!-- AddThis Share Buttons generic via filter on the_content -->","protected":false},"excerpt":{"rendered":"<p>Encontro fortaleceu o avan\u00e7o da CPI da Intoler\u00e2ncia Religiosa, presidida pela pedetista na Alerj As ra\u00edzes hist\u00f3ricas e o impacto do racismo religioso foram o foco do debate com pesquisadores universit\u00e1rios, nesta ter\u00e7a-feira (28), durante reuni\u00e3o promovida pela Comiss\u00e3o Parlamentar de Inqu\u00e9rito (CPI) da Intoler\u00e2ncia Religiosa, que \u00e9 presidida pela deputada Martha Rocha (PDT) na&#8230;<!-- AddThis Advanced Settings generic via filter on wp_trim_excerpt --><!-- AddThis Share Buttons generic via filter on wp_trim_excerpt --><\/p>\n","protected":false},"author":17,"featured_media":80173,"comment_status":"closed","ping_status":"closed","sticky":false,"template":"","format":"standard","meta":{"_monsterinsights_skip_tracking":false,"_monsterinsights_sitenote_active":false,"_monsterinsights_sitenote_note":"","_monsterinsights_sitenote_category":0,"_uf_show_specific_survey":0,"_uf_disable_surveys":false,"footnotes":""},"categories":[1390],"tags":[2727,5197,2869,5195,4507,2821,5196],"class_list":["post-80172","post","type-post","status-publish","format-standard","has-post-thumbnail","hentry","category-editorias","tag-alerj","tag-cpi-da-intolerancia-religiosa","tag-martha-rocha","tag-racismo-religioso","tag-uff","tag-universidade-federal-fluminense","tag-v"],"acf":[],"_links":{"self":[{"href":"https:\/\/pdt-rj.org.br\/index.php\/wp-json\/wp\/v2\/posts\/80172","targetHints":{"allow":["GET"]}}],"collection":[{"href":"https:\/\/pdt-rj.org.br\/index.php\/wp-json\/wp\/v2\/posts"}],"about":[{"href":"https:\/\/pdt-rj.org.br\/index.php\/wp-json\/wp\/v2\/types\/post"}],"author":[{"embeddable":true,"href":"https:\/\/pdt-rj.org.br\/index.php\/wp-json\/wp\/v2\/users\/17"}],"replies":[{"embeddable":true,"href":"https:\/\/pdt-rj.org.br\/index.php\/wp-json\/wp\/v2\/comments?post=80172"}],"version-history":[{"count":1,"href":"https:\/\/pdt-rj.org.br\/index.php\/wp-json\/wp\/v2\/posts\/80172\/revisions"}],"predecessor-version":[{"id":80174,"href":"https:\/\/pdt-rj.org.br\/index.php\/wp-json\/wp\/v2\/posts\/80172\/revisions\/80174"}],"wp:featuredmedia":[{"embeddable":true,"href":"https:\/\/pdt-rj.org.br\/index.php\/wp-json\/wp\/v2\/media\/80173"}],"wp:attachment":[{"href":"https:\/\/pdt-rj.org.br\/index.php\/wp-json\/wp\/v2\/media?parent=80172"}],"wp:term":[{"taxonomy":"category","embeddable":true,"href":"https:\/\/pdt-rj.org.br\/index.php\/wp-json\/wp\/v2\/categories?post=80172"},{"taxonomy":"post_tag","embeddable":true,"href":"https:\/\/pdt-rj.org.br\/index.php\/wp-json\/wp\/v2\/tags?post=80172"}],"curies":[{"name":"wp","href":"https:\/\/api.w.org\/{rel}","templated":true}]}}