{"id":80169,"date":"2021-10-05T01:56:24","date_gmt":"2021-10-05T04:56:24","guid":{"rendered":"http:\/\/pdt-rj.org.br\/?p=80169"},"modified":"2021-10-06T02:18:42","modified_gmt":"2021-10-06T05:18:42","slug":"niteroi-rj-lanca-pacto-pela-retomada-da-economia-com-injecao-de-mais-de-r-2-bilhoes","status":"publish","type":"post","link":"https:\/\/pdt-rj.org.br\/index.php\/niteroi-rj-lanca-pacto-pela-retomada-da-economia-com-injecao-de-mais-de-r-2-bilhoes\/","title":{"rendered":"Niter\u00f3i (RJ) lan\u00e7a pacto pela retomada da economia com inje\u00e7\u00e3o de mais de R$ 2 bilh\u00f5es"},"content":{"rendered":"<p class=\"yiv9878081099MsoNormal\"><em><b>Popula\u00e7\u00e3o poder\u00e1 opinar, em consulta p\u00fablica, sobre cada um dos sete eixos de abrang\u00eancia<\/b><\/em><\/p>\n<p class=\"yiv9878081099MsoNormal\">Administrada pelo PDT, a Prefeitura de Niter\u00f3i (RJ) lan\u00e7ou, nesta segunda-feira (4), o Pacto de Retomada Econ\u00f4mica, que vai injetar mais de R$ 2 bilh\u00f5es em investimentos na cidade. Deste total, mais de R$ 1,4 bilh\u00e3o estar\u00e1 concentrado no eixo Niter\u00f3i Empregada, que vai promover um pacote de mais de 25 obras p\u00fablicas para impulsionar a abertura de, aproximadamente, 12 mil postos de trabalho.<\/p>\n<p class=\"yiv9878081099MsoNormal\">No discurso, o prefeito Axel Grael anunciou o lan\u00e7amento dos editais de tr\u00eas obras de grande porte: a implanta\u00e7\u00e3o de rede de drenagem e pavimenta\u00e7\u00e3o do Engenho do Mato e do Jardim Imbu\u00ed e a constru\u00e7\u00e3o de um parque esportivo na Concha Ac\u00fastica.<\/p>\n<p class=\"yiv9878081099MsoNormal\">O investimento do munic\u00edpio nestas tr\u00eas obras, com editais anunciados, ser\u00e1 de aproximadamente R$ 285 milh\u00f5es e previs\u00e3o de gera\u00e7\u00e3o de 2.520 empregos. Entre todas as interven\u00e7\u00f5es previstas no Pacto, est\u00e3o obras de mobilidade, urbaniza\u00e7\u00e3o, drenagem e pavimenta\u00e7\u00e3o, al\u00e9m de projetos voltados para setores de sa\u00fade, educa\u00e7\u00e3o, turismo, cultura, meio ambiente, habita\u00e7\u00e3o e desenvolvimento econ\u00f4mico e social.<\/p>\n<p class=\"yiv9878081099MsoNormal\">Axel Grael explicou ainda que o Pacto de Retomada Econ\u00f4mica \u00e9 dividido em 7 eixos tem\u00e1ticos com a\u00e7\u00f5es que v\u00e3o de 2021 a 2024, como a cria\u00e7\u00e3o da Moeda Arariboia, que beneficiar\u00e1 30 mil fam\u00edlias, e a dragagem do Canal de S\u00e3o Louren\u00e7o, para estimular a ind\u00fastria naval.<\/p>\n<p class=\"yiv9878081099MsoNormal\">\u201cEsse \u00e9 um pacto de retomada da economia. Chamamos de pacto porque a prefeitura tem grande responsabilidade e capacidade de ajudar nesse processo, mas queremos trabalhar em parceria com a iniciativa privada, sociedade e academia para desenvolver nossa cidade e voltar a gerar empregos. Al\u00e9m dos bilh\u00f5es investidos, vamos contabilizar os empregos que estamos gerando. A gera\u00e7\u00e3o de empregos tem que ser nosso grande esfor\u00e7o\u201d, destacou o prefeito.<\/p>\n<p class=\"yiv9878081099MsoNormal\">O pacto completo pode ser acessado em\u00a0<a href=\"https:\/\/ofuturoeagoraniteroi.com.br\/\" target=\"_blank\" rel=\"nofollow noopener noreferrer\">https:\/\/ofuturoeagoraniteroi.com.br\/<\/a>.\u00a0 A sociedade vai poder participar atrav\u00e9s de uma consulta p\u00fablica que j\u00e1 est\u00e1 dispon\u00edvel no Colab.<\/p>\n<p class=\"yiv9878081099MsoNormal\">Atrav\u00e9s do link\u00a0<a href=\"http:\/\/consultas.colab.re\/pactoderetomadaeconomica\" target=\"_blank\" rel=\"nofollow noopener noreferrer\">consultas.colab.re\/pactoderetomadaeconomica<\/a>, a sociedade pode acessar a p\u00e1gina para opinar sobre as grandes prioridades do Pacto de Retomada Econ\u00f4mica.<\/p>\n<p class=\"yiv9878081099MsoNormal\">A secret\u00e1ria municipal de Fazenda, Mar\u00edlia Ortiz, afirmou que, da mesma forma que Niter\u00f3i foi exemplo no combate \u00e0 pandemia, ser\u00e1 refer\u00eancia no Pacto de Retomada da Economia. Ela frisou tamb\u00e9m que o pacto prev\u00ea incentivo ao setor de tecnologia, com o envio de projeto de lei para reduzir a al\u00edquota do ISS de 5% para 2% nos servi\u00e7os de streaming de \u00e1udios e v\u00eddeos e plataformas digitais da economia compartilhada.<\/p>\n<p class=\"yiv9878081099MsoNormal\">\u201cEste \u00e9 um pacto amplo, ousado. As a\u00e7\u00f5es foram encomendadas com prioridade pelo prefeito e tem a integra\u00e7\u00e3o das secretarias. Estamos fazendo um investimento muito completo para aportar recursos em diversos setores, como as \u00e1reas de emprego, desburocratiza\u00e7\u00e3o do ambiente de neg\u00f3cios, economia criativa e ecossistema de inova\u00e7\u00e3o. O Pacto tamb\u00e9m prioriza a \u00e1rea social, incluindo em seus projetos a popula\u00e7\u00e3o que mais sofreu com a perda de postos de trabalho e renda. Nesse sentido, a Moeda Social Arariboia ser\u00e1 fundamental para essa retomada econ\u00f4mica inclusiva\u201d, disse.<\/p>\n<p class=\"yiv9878081099MsoNormal\">Na \u00e1rea de mobilidade, a Prefeitura vai tirar do papel a revitaliza\u00e7\u00e3o da Alameda S\u00e3o Boaventura, com previs\u00e3o de gera\u00e7\u00e3o de 1.200 empregos, al\u00e9m de interven\u00e7\u00f5es para a amplia\u00e7\u00e3o da malha ciclovi\u00e1ria, que chegar\u00e1 a 100 quil\u00f4metros nos pr\u00f3ximos anos.<\/p>\n<p class=\"yiv9878081099MsoNormal\">Na sa\u00fade, \u00e1rea que recebeu expressivos investimentos e est\u00edmulos nos \u00faltimos 18 meses para combater a pandemia, a gest\u00e3o municipal est\u00e1 promovendo a reforma da maternidade municipal Alzira Reis, que ter\u00e1 sua capacidade ampliada em 30%. A previs\u00e3o \u00e9 de gera\u00e7\u00e3o de 320 novos postos de trabalho.<\/p>\n<p class=\"yiv9878081099MsoNormal\">Na Educa\u00e7\u00e3o, a cidade se prepara para receber mais duas plataformas digitais. Uma em Santa B\u00e1rbara e outra na comunidade do Viradouro, onde as obras avan\u00e7am e incluem, ainda, melhorias no acesso \u00e0 comunidade, urbaniza\u00e7\u00e3o de vias e conten\u00e7\u00f5es de encostas. A previs\u00e3o \u00e9 de 320 vagas de emprego. A Zona Norte tamb\u00e9m ir\u00e1 abrigar um novo restaurante popular, que ir\u00e1 funcionar na Alameda S\u00e3o Boaventura.<\/p>\n<p class=\"yiv9878081099MsoNormal\">Os projetos de revitaliza\u00e7\u00e3o das orlas do Centro e do Gragoat\u00e1, que t\u00eam previs\u00e3o de criar 800 postos de trabalho, e a reforma da Casa Norival de Freitas, no Centro, v\u00e3o representar importante fomento ao turismo da cidade. J\u00e1 a constru\u00e7\u00e3o de um parque esportivo na Concha Ac\u00fastica ser\u00e1 um grande incentivo para o esporte da cidade ao proporcionar a forma\u00e7\u00e3o de novos atletas.<\/p>\n<p class=\"yiv9878081099MsoNormal\">As obras do Parque Orla Piratininga (POP) Alfredo Sirkis, que j\u00e1 est\u00e3o em andamento, representam um passo fundamental para a recupera\u00e7\u00e3o do sistema lagunar da Regi\u00e3o Oce\u00e2nica.<\/p>\n<p class=\"yiv9878081099MsoNormal\">O vice-prefeito de Niter\u00f3i, Paulo Bagueira, defendeu que o lan\u00e7amento segue a evolu\u00e7\u00e3o da cidade ao longo dos \u00faltimos anos.<\/p>\n<p class=\"yiv9878081099MsoNormal\">\u201cNiter\u00f3i hoje \u00e9 uma luz no Estado do Rio de Janeiro. Esses projetos apresentados, uns j\u00e1 em andamento, outros no processo de execu\u00e7\u00e3o, n\u00e3o atingem a um s\u00f3 segmento, beneficiam todos os setores da cidade. Vamos continuar fazendo com que Niter\u00f3i seja o melhor lugar para se viver e ser feliz\u201d, ressaltou.<\/p>\n<p class=\"yiv9878081099MsoNormal\"><b>Consulta p\u00fablica<\/b><\/p>\n<p class=\"yiv9878081099MsoNormal\"><b>\u00a0<\/b>Para cada um dos sete eixos, ser\u00e3o organizados encontros setoriais de discuss\u00e3o dos projetos. Al\u00e9m do governo, v\u00e3o participar membros da sociedade civil e representantes de cada setor. A proposta da Prefeitura \u00e9 envolver os diferentes atores num pacto p\u00fablico e privado pela retomada da economia.\u00a0 A sociedade vai poder participar do pacto atrav\u00e9s de uma consulta p\u00fablica que j\u00e1 est\u00e1 dispon\u00edvel no Colab.<\/p>\n<p class=\"yiv9878081099MsoNormal\">Atrav\u00e9s do link\u00a0<a href=\"http:\/\/consultas.colab.re\/pactoderetomadaeconomica\" target=\"_blank\" rel=\"nofollow noopener noreferrer\">consultas.colab.re\/pactoderetomadaeconomica<\/a>, a popula\u00e7\u00e3o pode acessar a p\u00e1gina para opinar sobre as grandes prioridades do Pacto de Retomada Econ\u00f4mica.<\/p>\n<p class=\"yiv9878081099MsoNormal\">Tamb\u00e9m para contribuir com a governan\u00e7a colaborativa do Pacto de Retomada Econ\u00f4mica, ser\u00e1 publicado no Di\u00e1rio Oficial do Munic\u00edpio o Conselho de Desenvolvimento Econ\u00f4mico e Social. As esferas de governo, acad\u00eamica, sociedade civil e iniciativa privada ter\u00e3o representantes no grupo.<\/p>\n<p class=\"yiv9878081099MsoNormal\">\u201c\u00c9 com muito entusiasmo que eu vejo que a cidade continua seguindo dentro de um planejamento tra\u00e7ado com bastante responsabilidade e contemplando todos os setores. Fico satisfeito em saber que todas essas a\u00e7\u00f5es foram planejadas e a gente tem um futuro bem tra\u00e7ado. Temos uma boa margem neste ambiente de neg\u00f3cios, nos investimentos que o setor p\u00fablico est\u00e1 fazendo e que os empres\u00e1rios poder\u00e3o fazer. Est\u00e1 sendo criado um ambiente de neg\u00f3cios amig\u00e1vel para poder agilizar a aprova\u00e7\u00e3o de projetos, a libera\u00e7\u00e3o de alvar\u00e1s, e isso \u00e9 bastante importante para a cidade. \u00c9 um prazer poder estar participando desta iniciativa porque quem vai desfrutar disso diretamente somos todos n\u00f3s. Tenho certeza que teremos muito \u00eaxito\u201d, pontuou o presidente da Associa\u00e7\u00e3o Conselho Empresarial (ACEC), Joaquim Andrade.<\/p>\n<p class=\"yiv9878081099MsoNormal\"><b>Eixos<\/b><\/p>\n<p class=\"yiv9878081099MsoNormal\">No eixo Niter\u00f3i Empregada, a Plataforma de Empregabilidade \u00e9 um dos destaques. A estrat\u00e9gia tem como meta garantir a contrata\u00e7\u00e3o de pelo menos 6 mil pessoas. A plataforma visa a alocar o trabalhador no mercado de trabalho, por meio de vagas captadas junto a empregadores atrav\u00e9s do compartilhamento de dados. O Banco de Oportunidades da Juventude e o Impulsiona RJ (parceria com SENAC e SEBRAE para capacita\u00e7\u00e3o de jovens prioritariamente para setor do com\u00e9rcio de Bens, Servi\u00e7os e Turismo) fecham o eixo.<\/p>\n<p class=\"yiv9878081099MsoNormal\">No eixo Niter\u00f3i Integrada est\u00e1 a Moeda Social Ararib\u00f3ia, programa que vai impactar mais de 30 mil fam\u00edlias. A iniciativa vai injetar R$ 324 milh\u00f5es na economia do munic\u00edpio at\u00e9 2024 para garantir uma renda b\u00e1sica a todos os niteroienses em situa\u00e7\u00e3o de pobreza e extrema pobreza, podendo alcan\u00e7ar o valor mensal de R$ 540 por fam\u00edlia.<\/p>\n<p class=\"yiv9878081099MsoNormal\">O eixo Niter\u00f3i Tecnol\u00f3gica inclui o planejamento para aumentar em 20% a arrecada\u00e7\u00e3o do munic\u00edpio no setor de tecnologia at\u00e9 2024, atrav\u00e9s da Pen\u00ednsula da Inova\u00e7\u00e3o. Ser\u00e3o fomentadas at\u00e9 30 startups na \u00e1rea de tecnologia.<\/p>\n<p class=\"yiv9878081099MsoNormal\">O eixo Niter\u00f3i Promissora pretende aumentar em 30% a arrecada\u00e7\u00e3o no setor da economia do mar at\u00e9 2024, atrav\u00e9s de a\u00e7\u00f5es como a dragagem do Canal de S\u00e3o Louren\u00e7o. Este eixo dar\u00e1 aten\u00e7\u00e3o especial aos setores que mais impulsionaram a arrecada\u00e7\u00e3o em Imposto Sobre Servi\u00e7os (ISS) nos \u00faltimos meses.<\/p>\n<p class=\"yiv9878081099MsoNormal\">O eixo Niter\u00f3i Empreendedora inclui o j\u00e1 lan\u00e7ado Supera Mais \u00c1gil, programa que vai conceder R$ 11 milh\u00f5es em empr\u00e9stimos e pretende garantir a abertura das empresas beneficiadas por pelo menos 1 ano ap\u00f3s a concess\u00e3o dos cr\u00e9ditos pela Prefeitura de Niter\u00f3i. Tamb\u00e9m est\u00e3o previstos mais de 100 programas de capacita\u00e7\u00e3o para empres\u00e1rios at\u00e9 2024.<\/p>\n<p class=\"yiv9878081099MsoNormal\">Os eixos Niter\u00f3i Cultural e Niter\u00f3i Tur\u00edstica completam o pacto, com iniciativas para, respectivamente, recuperar os postos de trabalho do setor cultural e retomar as atividades tur\u00edsticas do munic\u00edpio.<\/p>\n<!-- AddThis Advanced Settings generic via filter on the_content --><!-- AddThis Share Buttons generic via filter on the_content -->","protected":false},"excerpt":{"rendered":"<p>Popula\u00e7\u00e3o poder\u00e1 opinar, em consulta p\u00fablica, sobre cada um dos sete eixos de abrang\u00eancia Administrada pelo PDT, a Prefeitura de Niter\u00f3i (RJ) lan\u00e7ou, nesta segunda-feira (4), o Pacto de Retomada Econ\u00f4mica, que vai injetar mais de R$ 2 bilh\u00f5es em investimentos na cidade. Deste total, mais de R$ 1,4 bilh\u00e3o estar\u00e1 concentrado no eixo Niter\u00f3i&#8230;<!-- AddThis Advanced Settings generic via filter on wp_trim_excerpt --><!-- AddThis Share Buttons generic via filter on wp_trim_excerpt --><\/p>\n","protected":false},"author":17,"featured_media":80170,"comment_status":"closed","ping_status":"closed","sticky":false,"template":"","format":"standard","meta":{"_monsterinsights_skip_tracking":false,"_monsterinsights_sitenote_active":false,"_monsterinsights_sitenote_note":"","_monsterinsights_sitenote_category":0,"_uf_show_specific_survey":0,"_uf_disable_surveys":false,"footnotes":""},"categories":[1390],"tags":[4025,5200,5199,2463,5198],"class_list":["post-80169","post","type-post","status-publish","format-standard","has-post-thumbnail","hentry","category-editorias","tag-axel-grael","tag-banco-de-oportunidades-da-juventude","tag-canal-de-sao-lourenco","tag-niteroi-rj","tag-pacto-de-retomada-economica"],"acf":[],"_links":{"self":[{"href":"https:\/\/pdt-rj.org.br\/index.php\/wp-json\/wp\/v2\/posts\/80169","targetHints":{"allow":["GET"]}}],"collection":[{"href":"https:\/\/pdt-rj.org.br\/index.php\/wp-json\/wp\/v2\/posts"}],"about":[{"href":"https:\/\/pdt-rj.org.br\/index.php\/wp-json\/wp\/v2\/types\/post"}],"author":[{"embeddable":true,"href":"https:\/\/pdt-rj.org.br\/index.php\/wp-json\/wp\/v2\/users\/17"}],"replies":[{"embeddable":true,"href":"https:\/\/pdt-rj.org.br\/index.php\/wp-json\/wp\/v2\/comments?post=80169"}],"version-history":[{"count":3,"href":"https:\/\/pdt-rj.org.br\/index.php\/wp-json\/wp\/v2\/posts\/80169\/revisions"}],"predecessor-version":[{"id":80176,"href":"https:\/\/pdt-rj.org.br\/index.php\/wp-json\/wp\/v2\/posts\/80169\/revisions\/80176"}],"wp:featuredmedia":[{"embeddable":true,"href":"https:\/\/pdt-rj.org.br\/index.php\/wp-json\/wp\/v2\/media\/80170"}],"wp:attachment":[{"href":"https:\/\/pdt-rj.org.br\/index.php\/wp-json\/wp\/v2\/media?parent=80169"}],"wp:term":[{"taxonomy":"category","embeddable":true,"href":"https:\/\/pdt-rj.org.br\/index.php\/wp-json\/wp\/v2\/categories?post=80169"},{"taxonomy":"post_tag","embeddable":true,"href":"https:\/\/pdt-rj.org.br\/index.php\/wp-json\/wp\/v2\/tags?post=80169"}],"curies":[{"name":"wp","href":"https:\/\/api.w.org\/{rel}","templated":true}]}}