{"id":80125,"date":"2021-10-02T22:20:56","date_gmt":"2021-10-03T01:20:56","guid":{"rendered":"http:\/\/pdt-rj.org.br\/?p=80125"},"modified":"2022-04-18T16:07:18","modified_gmt":"2022-04-18T19:07:18","slug":"ciro-gomes-enfatiza-uniao-democratica-pelo-impeachment-de-bolsonaro","status":"publish","type":"post","link":"https:\/\/pdt-rj.org.br\/index.php\/ciro-gomes-enfatiza-uniao-democratica-pelo-impeachment-de-bolsonaro\/","title":{"rendered":"Ciro Gomes enfatiza uni\u00e3o democr\u00e1tica pelo impeachment de Bolsonaro"},"content":{"rendered":"<div class=\"p_R b_2w4l8N I_52qC em_N it_689y X_fq7 N_6LEV j_ZlOSbd message-view\" tabindex=\"40\" data-test-id=\"message-view\" data-test-expanded=\"true\" data-iskeynav=\"true\">\n<div data-test-id=\"message-body-container\">\n<div class=\"I_52qC D_FY W_6D6F\" data-test-id=\"message-view-body\">\n<div class=\"msg-body P_wpofO mq_AS\" data-test-id=\"message-view-body-content\">\n<div class=\"jb_0 X_6MGW N_6Fd5\">\n<div id=\"yiv0051668612\">\n<p><em><b>Com Lupi e Rodrigo Neves, l\u00edderes do PDT apoiaram mobiliza\u00e7\u00e3o realizada neste s\u00e1bado no Rio de Janeiro<\/b><\/em><\/p>\n<p>O pr\u00e9-candidato a presidente da Rep\u00fablica pelo PDT, Ciro Gomes, enfatizou a uni\u00e3o democr\u00e1tica traduzida na mobiliza\u00e7\u00e3o em prol do impeachment de Jair Bolsonaro, que ocorreu neste s\u00e1bado (2), no Centro da cidade do Rio de Janeiro. Ao lado do presidente nacional da sigla, Carlos Lupi, e do indicado pedetista ao governo fluminense, Rodrigo Neves, o postulante ao Pal\u00e1cio do Planalto indicou que a amplitude do ato, com milhares de pessoas nas ruas, reverberar\u00e1 como press\u00e3o no Congresso Nacional.<\/p>\n<p>Destacando a contribui\u00e7\u00e3o de lideran\u00e7as de outros partidos progressistas, incluindo Cidadania, PCdoB, PSB, Psol, PT, PV, Rede e Solidariedade, de centrais sindicais, como CSB e CUT, e de movimentos sociais, Ciro externou a urg\u00eancia de afastar o \u201cgenocida do poder\u201d a partir do alinhamento dos defensores da Constitui\u00e7\u00e3o. Para ele, a disputa eleitoral de 2022 e as diferen\u00e7as ideol\u00f3gicas ficam, consequentemente, em segundo plano.<\/p>\n<p>\u201cFora Bolsonaro! \u00c9 um grito simples que deve unir a todos os democratas desse pa\u00eds. [\u2026] Bolsonaro \u00e9 um criminoso repetido, atenta contra a democracia, mata centenas de milhares de pessoas e n\u00e3o se comporta com decoro inerente do seu cargo\u201d, comentou.<\/p>\n<p>\u201cPrecisamos tirar Arthur Lira [presidente da C\u00e2mara dos Deputados] da in\u00e9rcia criminosa ao sentar em cima do processo de impeachment. Isso s\u00f3 vai acontecer com luta, com o povo organizado, de forma plural, generosa e deixando nossas diferen\u00e7as para depois que n\u00f3s protegermos a democracia e as liberdades do nosso povo\u201d, completou o pedetista, que seguiu para o ato na Avenida Paulista, no Centro de S\u00e3o Paulo.<\/p>\n<p><img loading=\"lazy\" decoding=\"async\" class=\"aligncenter wp-image-80127 size-large\" src=\"http:\/\/pdt-rj.org.br\/wp-content\/uploads\/2021\/10\/Carlos-Lupi-e-Ciro-Gomes-enfatizam-uni\u00e3o-democr\u00e1tica-pelo-impeachment-de-Bolsonaro-1024x580.jpeg\" alt=\"\" width=\"640\" height=\"363\" srcset=\"https:\/\/pdt-rj.org.br\/wp-content\/uploads\/2021\/10\/Carlos-Lupi-e-Ciro-Gomes-enfatizam-uni\u00e3o-democr\u00e1tica-pelo-impeachment-de-Bolsonaro.jpeg 1024w, https:\/\/pdt-rj.org.br\/wp-content\/uploads\/2021\/10\/Carlos-Lupi-e-Ciro-Gomes-enfatizam-uni\u00e3o-democr\u00e1tica-pelo-impeachment-de-Bolsonaro-100x57.jpeg 100w, https:\/\/pdt-rj.org.br\/wp-content\/uploads\/2021\/10\/Carlos-Lupi-e-Ciro-Gomes-enfatizam-uni\u00e3o-democr\u00e1tica-pelo-impeachment-de-Bolsonaro-300x170.jpeg 300w, https:\/\/pdt-rj.org.br\/wp-content\/uploads\/2021\/10\/Carlos-Lupi-e-Ciro-Gomes-enfatizam-uni\u00e3o-democr\u00e1tica-pelo-impeachment-de-Bolsonaro-768x435.jpeg 768w, https:\/\/pdt-rj.org.br\/wp-content\/uploads\/2021\/10\/Carlos-Lupi-e-Ciro-Gomes-enfatizam-uni\u00e3o-democr\u00e1tica-pelo-impeachment-de-Bolsonaro-159x90.jpeg 159w\" sizes=\"auto, (max-width: 640px) 100vw, 640px\" \/><\/p>\n<p>Na pra\u00e7a da Cinel\u00e2ndia, palco do hist\u00f3rico das Diretas J\u00e1 na d\u00e9cada de 80, Carlos Lupi relembrou o legado trabalhista do ex-governador do Rio e fundador do PDT, Leonel Brizola, ao pedir a necess\u00e1ria pris\u00e3o do chefe do governo federal pelos crimes de responsabilidade acumulados desde 2018.<\/p>\n<p>\u201cFoi onde Brizola come\u00e7ou a mais importante vit\u00f3ria das oposi\u00e7\u00f5es, em 1982. Aqui, demos um grito pelo Brasil e vamos gritar em bom som: lugar de Bolsonaro \u00e9 na cadeia\u201d, afirmou, ao mencionar a omiss\u00e3o e covardia bolsonarista.<\/p>\n<p>\u201c[Bolsonaro] Usa a B\u00edblia para enganar o povo. Esse vendilh\u00e3o da p\u00e1tria precisa ir para a cadeia. E o povo brasileiro precisa ter for\u00e7a para concretizar isso\u201d, acrescentou.<\/p>\n<p>Ex-prefeito de Niter\u00f3i (RJ), Rodrigo Neves destacou, na sequ\u00eancia, a import\u00e2ncia de garantir a democracia, a soberania nacional e a justi\u00e7a social, marcos reconhecidos ao longo das suas gest\u00f5es no munic\u00edpio da Regi\u00e3o Metropolitana.<\/p>\n<p>\u201cN\u00f3s temos uma enorme responsabilidade, que \u00e9 derrotar o fascismo atrav\u00e9s da unidade. As grandes mudan\u00e7as desse pa\u00eds aconteceram nas ruas. \u00c9 dessa forma que vamos derrotar Bolsonaro\u201d, disse, indicando a crise da pandemia do Covid-19 e o resgate do Estado ap\u00f3s sequenciais governados desastrosos.<\/p>\n<p>\u201cBolsonaro representa a combina\u00e7\u00e3o de autoritarismo com ataque \u00e0 democracia e implementa\u00e7\u00e3o de uma agenda ultraliberal, que retira de direitos dos trabalhadores e deixa sem perspetivas a juventude\u201d, finalizou.<\/p>\n<p>Durante o evento, outras lideran\u00e7as do PDT estiveram presentes, como os deputados federais Paulo Ramos e Chico D\u2019Angelo, os presidentes nacionais da Juventude Socialista e do Movimento Trabalhista pela Educa\u00e7\u00e3o pedetista, William Rodrigues e Maria Am\u00e9lia; do secret\u00e1rio nacional de Criatividade e Inova\u00e7\u00e3o da Funda\u00e7\u00e3o Leonel Brizola &#8211; Alberto Pasqualini (FLB-AP), Leonardo Lupi, e do presidente e vice-presidente do partido na capital, Augusto Ribeiro e Ant\u00f4nio Albuquerque.<\/p>\n<\/div>\n<\/div>\n<\/div>\n<\/div>\n<\/div>\n<\/div>\n<!-- AddThis Advanced Settings generic via filter on the_content --><!-- AddThis Share Buttons generic via filter on the_content -->","protected":false},"excerpt":{"rendered":"<p>Com Lupi e Rodrigo Neves, l\u00edderes do PDT apoiaram mobiliza\u00e7\u00e3o realizada neste s\u00e1bado no Rio de Janeiro O pr\u00e9-candidato a presidente da Rep\u00fablica pelo PDT, Ciro Gomes, enfatizou a uni\u00e3o democr\u00e1tica traduzida na mobiliza\u00e7\u00e3o em prol do impeachment de Jair Bolsonaro, que ocorreu neste s\u00e1bado (2), no Centro da cidade do Rio de Janeiro. Ao&#8230;<!-- AddThis Advanced Settings generic via filter on wp_trim_excerpt --><!-- AddThis Share Buttons generic via filter on wp_trim_excerpt --><\/p>\n","protected":false},"author":17,"featured_media":80126,"comment_status":"closed","ping_status":"closed","sticky":false,"template":"","format":"standard","meta":{"_monsterinsights_skip_tracking":false,"_monsterinsights_sitenote_active":false,"_monsterinsights_sitenote_note":"","_monsterinsights_sitenote_category":0,"_uf_show_specific_survey":0,"_uf_disable_surveys":false,"footnotes":""},"categories":[1390,5417,5416,1401,5415],"tags":[],"class_list":["post-80125","post","type-post","status-publish","format-standard","has-post-thumbnail","hentry","category-editorias","category-carlos-lupi","category-ciro-gomes","category-nacional","category-rodrigo-neves"],"acf":[],"_links":{"self":[{"href":"https:\/\/pdt-rj.org.br\/index.php\/wp-json\/wp\/v2\/posts\/80125","targetHints":{"allow":["GET"]}}],"collection":[{"href":"https:\/\/pdt-rj.org.br\/index.php\/wp-json\/wp\/v2\/posts"}],"about":[{"href":"https:\/\/pdt-rj.org.br\/index.php\/wp-json\/wp\/v2\/types\/post"}],"author":[{"embeddable":true,"href":"https:\/\/pdt-rj.org.br\/index.php\/wp-json\/wp\/v2\/users\/17"}],"replies":[{"embeddable":true,"href":"https:\/\/pdt-rj.org.br\/index.php\/wp-json\/wp\/v2\/comments?post=80125"}],"version-history":[{"count":4,"href":"https:\/\/pdt-rj.org.br\/index.php\/wp-json\/wp\/v2\/posts\/80125\/revisions"}],"predecessor-version":[{"id":80199,"href":"https:\/\/pdt-rj.org.br\/index.php\/wp-json\/wp\/v2\/posts\/80125\/revisions\/80199"}],"wp:featuredmedia":[{"embeddable":true,"href":"https:\/\/pdt-rj.org.br\/index.php\/wp-json\/wp\/v2\/media\/80126"}],"wp:attachment":[{"href":"https:\/\/pdt-rj.org.br\/index.php\/wp-json\/wp\/v2\/media?parent=80125"}],"wp:term":[{"taxonomy":"category","embeddable":true,"href":"https:\/\/pdt-rj.org.br\/index.php\/wp-json\/wp\/v2\/categories?post=80125"},{"taxonomy":"post_tag","embeddable":true,"href":"https:\/\/pdt-rj.org.br\/index.php\/wp-json\/wp\/v2\/tags?post=80125"}],"curies":[{"name":"wp","href":"https:\/\/api.w.org\/{rel}","templated":true}]}}