{"id":80119,"date":"2021-09-30T18:52:51","date_gmt":"2021-09-30T21:52:51","guid":{"rendered":"http:\/\/pdt-rj.org.br\/?p=80119"},"modified":"2021-10-02T00:05:25","modified_gmt":"2021-10-02T03:05:25","slug":"um-movimento-pela-felicidade","status":"publish","type":"post","link":"https:\/\/pdt-rj.org.br\/index.php\/um-movimento-pela-felicidade\/","title":{"rendered":"Um movimento pela felicidade"},"content":{"rendered":"<p class=\"yiv1158284860MsoNormal\"><strong><i>&#8220;Valorizar a pol\u00edtica \u00e9 valorizar a democracia. Valorizar a democracia \u00e9 dar voz a todos, especialmente aos que sempre foram silenciados&#8221;<\/i><\/strong><\/p>\n<p>&nbsp;<\/p>\n<p class=\"yiv1158284860MsoNormal\">Tudo \u00e9 pol\u00edtica e ningu\u00e9m \u00e9 apol\u00edtico. Simples assim. Embora muita gente bata no peito e diga que detesta pol\u00edtica, odeia pol\u00edticos, s\u00f3 vota porque \u00e9 obrigada e vai anular o voto ou simplesmente justificar a aus\u00eancia nas pr\u00f3ximas elei\u00e7\u00f5es, o fato \u00e9 que mesmo esta rejei\u00e7\u00e3o \u00e9 um ato pol\u00edtico.<\/p>\n<p class=\"yiv1158284860MsoNormal\">Elei\u00e7\u00f5es s\u00e3o apenas uma etapa de algo maior chamado democracia. Pol\u00edtica \u00e9 algo mais amplo e envolve muito mais fatores do que simplesmente cumprir uma obriga\u00e7\u00e3o e comparecer \u00e0s urnas de dois em dois anos. Saber em quem est\u00e1 votando e cobrar os compromissos dos eleitos deveriam ser deveres maiores at\u00e9 do que o pr\u00f3prio voto.<\/p>\n<p class=\"yiv1158284860MsoNormal\">Cabe aqui ressaltar que defendo plenamente o direito de quem critica a pol\u00edtica e entendo a revolta e a frustra\u00e7\u00e3o de grande parte da popula\u00e7\u00e3o com os nossos pol\u00edticos. S\u00f3 que tem o outro lado da hist\u00f3ria. De vereador a presidente, todos os pol\u00edticos com mandato foram eleitos pelo povo. \u00c1gua suja na caixa d&#8217;\u00e1gua n\u00e3o d\u00e1 \u00e1gua limpa na torneira. Se erramos na hora do voto, n\u00f3s mesmos seremos as v\u00edtimas.<\/p>\n<p class=\"yiv1158284860MsoNormal\">Valorizar a pol\u00edtica como pr\u00e1tica do bem comum \u00e9 o primeiro passo para mudar esse cen\u00e1rio. Acho muito estranho quando vejo pol\u00edticos se elegendo falando mal da pol\u00edtica. Todos que disputam uma elei\u00e7\u00e3o, ou participam de alguma esfera de governo, s\u00e3o pol\u00edticos. A primeira trai\u00e7\u00e3o ao eleitor vem exatamente quando o sujeito diz &#8220;vote em mim, n\u00e3o sou pol\u00edtico&#8221;. \u00c9 como o cara dizer: &#8220;vou nadar, mas n\u00e3o vou entrar na \u00e1gua&#8221;.<\/p>\n<p class=\"yiv1158284860MsoNormal\">Estou passando por uma experi\u00eancia fascinante na Prefeitura de Itabira (MG). O prefeito Marco Ant\u00f4nio exige uma atua\u00e7\u00e3o coesa de sua equipe, cobra uma presen\u00e7a constante de seu time junto aos territ\u00f3rios da cidade e, diretamente, coordena as a\u00e7\u00f5es t\u00e9cnicas e pol\u00edticas voltadas para melhorar a vida das pessoas. Isso j\u00e1 est\u00e1 fazendo a diferen\u00e7a. As decis\u00f5es n\u00e3o saem burocraticamente dos gabinetes. S\u00e3o tomadas a partir das ruas da cidade, onde est\u00e3o os problemas das pessoas, o chamado Brasil profundo. \u00c9 m\u00e1gico ver o que as pessoas mais precisam e reivindicam se tornar pol\u00edtica p\u00fablica.<\/p>\n<p class=\"yiv1158284860MsoNormal\">Valorizar a pol\u00edtica \u00e9 valorizar a democracia. Valorizar a democracia \u00e9 dar voz a todos, especialmente aos que sempre foram silenciados. Tenho uma cabe\u00e7a cheia de sonhos e os p\u00e9s firmes no ch\u00e3o. A cada dia acumulo experi\u00eancias para os novos desafios que vir\u00e3o. Alguns me criticam por ser jovem, como se isso fosse um defeito, quando deveria ser entendido como qualidade.<\/p>\n<p class=\"yiv1158284860MsoNormal\">\u00c9 aos jovens que o futuro pertence. Desde que esse futuro seja debatido e constru\u00eddo por todos, independentemente da idade cronol\u00f3gica que cada um tenha. \u00c9 assim que chegaremos \u00e0 atividade fim da pol\u00edtica: um grande movimento, coletivo, para garantir a felicidade das pessoas. Sem a falsa pol\u00eamica entre velha e nova pol\u00edtica. O que o povo precisa \u00e9 a boa pol\u00edtica. Simples assim.<\/p>\n<p>&nbsp;<\/p>\n<p class=\"yiv1158284860MsoNormal\"><b>*<em>Gabriel Quint\u00e3o \u00e9 secret\u00e1rio de Gest\u00e3o, Programas e Metas da Prefeitura de Itabira (MG) e membro da dire\u00e7\u00e3o estadual da Juventude Socialista (JS).<\/em><\/b><\/p>\n<!-- AddThis Advanced Settings generic via filter on the_content --><!-- AddThis Share Buttons generic via filter on the_content -->","protected":false},"excerpt":{"rendered":"<p>&#8220;Valorizar a pol\u00edtica \u00e9 valorizar a democracia. Valorizar a democracia \u00e9 dar voz a todos, especialmente aos que sempre foram silenciados&#8221; &nbsp; Tudo \u00e9 pol\u00edtica e ningu\u00e9m \u00e9 apol\u00edtico. Simples assim. Embora muita gente bata no peito e diga que detesta pol\u00edtica, odeia pol\u00edticos, s\u00f3 vota porque \u00e9 obrigada e vai anular o voto ou&#8230;<!-- AddThis Advanced Settings generic via filter on wp_trim_excerpt --><!-- AddThis Share Buttons generic via filter on wp_trim_excerpt --><\/p>\n","protected":false},"author":17,"featured_media":80122,"comment_status":"closed","ping_status":"closed","sticky":false,"template":"","format":"standard","meta":{"_monsterinsights_skip_tracking":false,"_monsterinsights_sitenote_active":false,"_monsterinsights_sitenote_note":"","_monsterinsights_sitenote_category":0,"_uf_show_specific_survey":0,"_uf_disable_surveys":false,"footnotes":""},"categories":[1584,1390],"tags":[22,5184,5185],"class_list":["post-80119","post","type-post","status-publish","format-standard","has-post-thumbnail","hentry","category-artigos","category-editorias","tag-brasil","tag-gabriel-quintao","tag-itabira-mg"],"acf":[],"_links":{"self":[{"href":"https:\/\/pdt-rj.org.br\/index.php\/wp-json\/wp\/v2\/posts\/80119","targetHints":{"allow":["GET"]}}],"collection":[{"href":"https:\/\/pdt-rj.org.br\/index.php\/wp-json\/wp\/v2\/posts"}],"about":[{"href":"https:\/\/pdt-rj.org.br\/index.php\/wp-json\/wp\/v2\/types\/post"}],"author":[{"embeddable":true,"href":"https:\/\/pdt-rj.org.br\/index.php\/wp-json\/wp\/v2\/users\/17"}],"replies":[{"embeddable":true,"href":"https:\/\/pdt-rj.org.br\/index.php\/wp-json\/wp\/v2\/comments?post=80119"}],"version-history":[{"count":2,"href":"https:\/\/pdt-rj.org.br\/index.php\/wp-json\/wp\/v2\/posts\/80119\/revisions"}],"predecessor-version":[{"id":80124,"href":"https:\/\/pdt-rj.org.br\/index.php\/wp-json\/wp\/v2\/posts\/80119\/revisions\/80124"}],"wp:featuredmedia":[{"embeddable":true,"href":"https:\/\/pdt-rj.org.br\/index.php\/wp-json\/wp\/v2\/media\/80122"}],"wp:attachment":[{"href":"https:\/\/pdt-rj.org.br\/index.php\/wp-json\/wp\/v2\/media?parent=80119"}],"wp:term":[{"taxonomy":"category","embeddable":true,"href":"https:\/\/pdt-rj.org.br\/index.php\/wp-json\/wp\/v2\/categories?post=80119"},{"taxonomy":"post_tag","embeddable":true,"href":"https:\/\/pdt-rj.org.br\/index.php\/wp-json\/wp\/v2\/tags?post=80119"}],"curies":[{"name":"wp","href":"https:\/\/api.w.org\/{rel}","templated":true}]}}