{"id":80116,"date":"2021-10-01T18:42:05","date_gmt":"2021-10-01T21:42:05","guid":{"rendered":"http:\/\/pdt-rj.org.br\/?p=80116"},"modified":"2021-10-01T18:42:05","modified_gmt":"2021-10-01T21:42:05","slug":"bid-visita-obras-realizadas-pela-prefeitura-de-niteroi-rj-em-comunidades","status":"publish","type":"post","link":"https:\/\/pdt-rj.org.br\/index.php\/bid-visita-obras-realizadas-pela-prefeitura-de-niteroi-rj-em-comunidades\/","title":{"rendered":"BID visita obras realizadas pela Prefeitura de Niter\u00f3i (RJ) em comunidades"},"content":{"rendered":"<p class=\"yiv2282377306MsoNormal\"><em><b>Com investimentos de R$ 70 milh\u00f5es via parceria, interven\u00e7\u00f5es beneficiam mais de 6 mil moradores<\/b><\/em><\/p>\n<p class=\"yiv2282377306MsoNormal\"><i>\u00a0<\/i>O prefeito de Niter\u00f3i (RJ), Axel Grael (PDT), recebeu, na manh\u00e3 desta quinta-feira (30), o representante do Banco Interamericano de Desenvolvimento (BID) no Brasil, Morgan Doyle, para uma visita t\u00e9cnica nas principais obras financiadas pela institui\u00e7\u00e3o nas comunidades S\u00e3o Jos\u00e9, no Fonseca, e Igrejinha, no Caramujo. As interven\u00e7\u00f5es de urbaniza\u00e7\u00e3o, drenagem, pavimenta\u00e7\u00e3o e conten\u00e7\u00e3o de encostas contam com investimentos na ordem de R$ 70 milh\u00f5es, beneficiando mais de 6 mil moradores da regi\u00e3o.<\/p>\n<p class=\"yiv2282377306MsoNormal\">Ao lado de equipes do Escrit\u00f3rio de Gest\u00e3o de Projetos (EGP), da Emusa e da Secretaria de Obras, Axel Grael enfatizou que o munic\u00edpio est\u00e1 na fase final deste contrato, mas que est\u00e1 conversando com o banco sobre a possibilidade de novas parcerias.<\/p>\n<p class=\"yiv2282377306MsoNormal\">\u201cDesde 2013, em uma \u00e9poca que a Prefeitura de Niter\u00f3i vivia uma crise fiscal muito grande, n\u00f3s fomos buscar recursos para fazer as obras de infraestrutura que precis\u00e1vamos. Conseguimos o apoio do BID para o Programa de Desenvolvimento Urbano e Inclus\u00e3o Social de Niter\u00f3i (Produis) e, com isso, viabilizamos obras de melhorias urbanas como o pacote da S\u00e3o Jos\u00e9, o Parque Esportivo do Caramujo e v\u00e1rias outras interven\u00e7\u00f5es como contrapartida, como no Capim Melado e na Vila Ipiranga. O Sigeo veio em fun\u00e7\u00e3o deste contrato, e agora o CCO da Mobilidade. \u00c9 importante a vinda de um dirigente do BID \u00e0 nossa cidade, ele ficou muito impressionado pelo que viu. Esperamos que isso se desdobre em novas parcerias\u201d, pontuou.<\/p>\n<p class=\"yiv2282377306MsoNormal\">A secret\u00e1ria do EGP, Val\u00e9ria Braga, destacou que a Prefeitura de Niter\u00f3i e o BID t\u00eam uma parceria s\u00f3lida, que gerou frutos importantes para a cidade em investimentos de infraestrutura e mobilidade urbana.<\/p>\n<p class=\"yiv2282377306MsoNormal\">\u201c\u00c9 muito emocionante ter a presen\u00e7a do Morgan aqui visitando todas essas obras que realmente fizeram uma transforma\u00e7\u00e3o nesses bairros. Ele est\u00e1 tendo a oportunidade, inclusive, de ver como os moradores est\u00e3o com um senso de pertencimento do local, aprimorando o cuidado, multiplicando as a\u00e7\u00f5es, e isso est\u00e1 sendo muito importante, tanto para n\u00f3s da Prefeitura, que trabalhamos neste projeto, quanto para o BID, que foi o agente financiador\u201d, disse.<\/p>\n<p class=\"yiv2282377306MsoNormal\">Valeria Braga lembrou, ainda, que o trabalho com o BID tamb\u00e9m est\u00e1 gerando importantes oportunidades e uma delas foi indicar Niter\u00f3i para a Rede Urban 95.<\/p>\n<p class=\"yiv2282377306MsoNormal\">\u201cBaseados nestes conceitos da Rede Urban 95, a gente est\u00e1 tendo mais uma oportunidade de aprender e ser capacitado, estamos aplicando estes conceitos a essas obras do BID. Ent\u00e3o, algumas pra\u00e7as que est\u00e3o inclu\u00eddas nestas interven\u00e7\u00f5es j\u00e1 est\u00e3o sendo feitas neste conceito. Al\u00e9m disso, tamb\u00e9m conversamos com o Morgan que existe um projeto, que \u00e9 o &#8216;Zona Norte Sustent\u00e1vel&#8217;, que prev\u00ea mais urbaniza\u00e7\u00e3o, mobilidade e a\u00e7\u00f5es ambientais nesta regi\u00e3o da cidade\u201d, pontuou Val\u00e9ria.<\/p>\n<p class=\"yiv2282377306MsoNormal\">Morgan Doyle, que tamb\u00e9m visitou o Parque Esportivo do Caramujo e o Centro de Controle Operacional (CCO) Mobilidade, onde foi recebido pelo presidente da NitTrans, Gilson Souza, e contou que ficou empolgado com a visita, ao ter a possibilidade de ver a transforma\u00e7\u00e3o da malha urbana, com os projetos que s\u00e3o concentrados mas que tem uma cobertura muito grande para a Zona Norte da cidade, mudando a qualidade de vida dos moradores.<\/p>\n<p class=\"yiv2282377306MsoNormal\">\u201cFoi \u00f3timo poder percorrer esses locais e entender como foi o processo de engajamento da comunidade e a implanta\u00e7\u00e3o do projeto. Fico muito feliz com a parceria e muito empolgado de ver nas casas e como as lideran\u00e7as comunit\u00e1rias t\u00eam uma sensa\u00e7\u00e3o de orgulho de pertencer a essa cidade, e isso me faz muito feliz. O desenho de como foi feito realmente, em parceria com as comunidades, com essa vis\u00e3o de aprimorar a qualidade de vida, que tem mudado a realidade cotidiana das pessoas. As pra\u00e7as, as obras de macrodrenagem, de conten\u00e7\u00e3o, que realmente t\u00eam uma vis\u00e3o abrangente da vida urbana. Criar \u00e1reas totalmente integradas nessas comunidades e dar essa qualidade de vida que toda pessoa aspira ter para seu lar \u00e9 muito importante\u201d, afirmou.<\/p>\n<p class=\"yiv2282377306MsoNormal\">Morador da comunidade S\u00e3o Jos\u00e9 desde que nasceu, h\u00e1 53 anos, Carlos Roberto Gomes, fez quest\u00e3o de conversar com a equipe e contar da sua satisfa\u00e7\u00e3o com a transforma\u00e7\u00e3o da regi\u00e3o mostrando todo o plantio que est\u00e1 fazendo em \u00e1reas pr\u00f3ximas \u00e0s pra\u00e7as.<\/p>\n<p class=\"yiv2282377306MsoNormal\">\u201cEstou muito orgulhoso. Essas obras mudaram a nossa realidade. Antes, em dias de muita chuva, a gente tinha enorme dificuldade para sair de casa por conta da lama. Hoje, temos ruas urbanizadas, pra\u00e7as, escadas de acesso. Agora posso dizer que tenho muito orgulho em morar aqui. Gosto muito de plantas e estou fazendo o plantio de mudas em alguns locais que j\u00e1 come\u00e7aram a florescer. O importante agora \u00e9 cuidarmos de tudo\u201d, disse entusiasmado.<\/p>\n<!-- AddThis Advanced Settings generic via filter on the_content --><!-- AddThis Share Buttons generic via filter on the_content -->","protected":false},"excerpt":{"rendered":"<p>Com investimentos de R$ 70 milh\u00f5es via parceria, interven\u00e7\u00f5es beneficiam mais de 6 mil moradores \u00a0O prefeito de Niter\u00f3i (RJ), Axel Grael (PDT), recebeu, na manh\u00e3 desta quinta-feira (30), o representante do Banco Interamericano de Desenvolvimento (BID) no Brasil, Morgan Doyle, para uma visita t\u00e9cnica nas principais obras financiadas pela institui\u00e7\u00e3o nas comunidades S\u00e3o Jos\u00e9,&#8230;<!-- AddThis Advanced Settings generic via filter on wp_trim_excerpt --><!-- AddThis Share Buttons generic via filter on wp_trim_excerpt --><\/p>\n","protected":false},"author":17,"featured_media":80117,"comment_status":"closed","ping_status":"closed","sticky":false,"template":"","format":"standard","meta":{"_monsterinsights_skip_tracking":false,"_monsterinsights_sitenote_active":false,"_monsterinsights_sitenote_note":"","_monsterinsights_sitenote_category":0,"_uf_show_specific_survey":0,"_uf_disable_surveys":false,"footnotes":""},"categories":[1390],"tags":[4025,5182,5181,5183,2463],"class_list":["post-80116","post","type-post","status-publish","format-standard","has-post-thumbnail","hentry","category-editorias","tag-axel-grael","tag-banco-interamericano-de-desenvolvimento","tag-bid","tag-morgan-doyle","tag-niteroi-rj"],"acf":[],"_links":{"self":[{"href":"https:\/\/pdt-rj.org.br\/index.php\/wp-json\/wp\/v2\/posts\/80116","targetHints":{"allow":["GET"]}}],"collection":[{"href":"https:\/\/pdt-rj.org.br\/index.php\/wp-json\/wp\/v2\/posts"}],"about":[{"href":"https:\/\/pdt-rj.org.br\/index.php\/wp-json\/wp\/v2\/types\/post"}],"author":[{"embeddable":true,"href":"https:\/\/pdt-rj.org.br\/index.php\/wp-json\/wp\/v2\/users\/17"}],"replies":[{"embeddable":true,"href":"https:\/\/pdt-rj.org.br\/index.php\/wp-json\/wp\/v2\/comments?post=80116"}],"version-history":[{"count":1,"href":"https:\/\/pdt-rj.org.br\/index.php\/wp-json\/wp\/v2\/posts\/80116\/revisions"}],"predecessor-version":[{"id":80118,"href":"https:\/\/pdt-rj.org.br\/index.php\/wp-json\/wp\/v2\/posts\/80116\/revisions\/80118"}],"wp:featuredmedia":[{"embeddable":true,"href":"https:\/\/pdt-rj.org.br\/index.php\/wp-json\/wp\/v2\/media\/80117"}],"wp:attachment":[{"href":"https:\/\/pdt-rj.org.br\/index.php\/wp-json\/wp\/v2\/media?parent=80116"}],"wp:term":[{"taxonomy":"category","embeddable":true,"href":"https:\/\/pdt-rj.org.br\/index.php\/wp-json\/wp\/v2\/categories?post=80116"},{"taxonomy":"post_tag","embeddable":true,"href":"https:\/\/pdt-rj.org.br\/index.php\/wp-json\/wp\/v2\/tags?post=80116"}],"curies":[{"name":"wp","href":"https:\/\/api.w.org\/{rel}","templated":true}]}}