{"id":80096,"date":"2021-09-28T21:57:07","date_gmt":"2021-09-29T00:57:07","guid":{"rendered":"http:\/\/pdt-rj.org.br\/?p=80096"},"modified":"2021-09-29T12:41:33","modified_gmt":"2021-09-29T15:41:33","slug":"fundacao-do-rio-de-janeiro-recebe-doacao-de-acervo-sobre-pdt-e-trabalhismo","status":"publish","type":"post","link":"https:\/\/pdt-rj.org.br\/index.php\/fundacao-do-rio-de-janeiro-recebe-doacao-de-acervo-sobre-pdt-e-trabalhismo\/","title":{"rendered":"Funda\u00e7\u00e3o do Rio de Janeiro recebe doa\u00e7\u00e3o de acervo sobre PDT e Trabalhismo"},"content":{"rendered":"<p class=\"yiv2032233575MsoNormal\"><em><b>Registros mostram momentos hist\u00f3ricos de lideran\u00e7as como Get\u00falio Vargas, Jo\u00e3o Goulart e Leonel Brizola<\/b><\/em><\/p>\n<p class=\"yiv2032233575MsoNormal\">A Funda\u00e7\u00e3o Leonel Brizola \u2013 Alberto Pasqualini no Rio de Janeiro (FLB-AP\/RJ) recebeu, nesta segunda-feira (27), um diversificado acervo sobre o PDT e lideran\u00e7as do Trabalhismo, incluindo os ex-presidentes da Rep\u00fablica Get\u00falio Vargas e Jo\u00e3o Goulart e o ex-governador Leonel Brizola. A doa\u00e7\u00e3o foi feita pelo membro do diret\u00f3rio fluminense, Francisco Mendes, o \u201cChic\u00e3o\u201d, na sede da organiza\u00e7\u00e3o de coopera\u00e7\u00e3o do partido, no Centro da capital.<\/p>\n<p class=\"yiv2032233575MsoNormal\">Segundo o secret\u00e1rio nacional de Criatividade e Inova\u00e7\u00e3o e diretor estadual de projetos da FLB-AP, Leonardo Lupi, o material, que ser\u00e1 digitalizado, detalha marcos da hist\u00f3ria pol\u00edtica nacional ao longo de mais de 70 anos. Em destaque, folhetos e fotos de campanhas eleitorais e de forma\u00e7\u00e3o pol\u00edtica, al\u00e9m de reportagens das revistas Manchete, Fatos &amp; Fotos e O Cruzeiro.<\/p>\n<p class=\"yiv2032233575MsoNormal\">\u201cS\u00e3o raridades que ser\u00e3o preservadas e servir\u00e3o de semente para a forma\u00e7\u00e3o das futuras gera\u00e7\u00f5es de pedetistas. Uma raridade \u00e9 a c\u00f3pia de uma carta do ex-deputado federal Benedito Cerqueira, escrita em Lisboa antes da redemocratiza\u00e7\u00e3o, sobre o antigo PTB\u201d, disse, ao lado Pedro Porto e Vitor Almeida, diretores de Rela\u00e7\u00f5es Institucionais e de Acervo e Mem\u00f3ria da Funda\u00e7\u00e3o.<\/p>\n<!-- AddThis Advanced Settings generic via filter on the_content --><!-- AddThis Share Buttons generic via filter on the_content -->","protected":false},"excerpt":{"rendered":"<p>Registros mostram momentos hist\u00f3ricos de lideran\u00e7as como Get\u00falio Vargas, Jo\u00e3o Goulart e Leonel Brizola A Funda\u00e7\u00e3o Leonel Brizola \u2013 Alberto Pasqualini no Rio de Janeiro (FLB-AP\/RJ) recebeu, nesta segunda-feira (27), um diversificado acervo sobre o PDT e lideran\u00e7as do Trabalhismo, incluindo os ex-presidentes da Rep\u00fablica Get\u00falio Vargas e Jo\u00e3o Goulart e o ex-governador Leonel Brizola&#8230;.<!-- AddThis Advanced Settings generic via filter on wp_trim_excerpt --><!-- AddThis Share Buttons generic via filter on wp_trim_excerpt --><\/p>\n","protected":false},"author":17,"featured_media":80103,"comment_status":"closed","ping_status":"closed","sticky":false,"template":"","format":"standard","meta":{"_monsterinsights_skip_tracking":false,"_monsterinsights_sitenote_active":false,"_monsterinsights_sitenote_note":"","_monsterinsights_sitenote_category":0,"_uf_show_specific_survey":0,"_uf_disable_surveys":false,"footnotes":""},"categories":[1390,3328],"tags":[5175,408,426,437,514,565,5174,5176],"class_list":["post-80096","post","type-post","status-publish","format-standard","has-post-thumbnail","hentry","category-editorias","category-flb-ap","tag-fatos-fotos","tag-flb-ap","tag-fundacao-leonel-brizola-alberto-pasqualini","tag-getulio-vargas","tag-joao-goulart","tag-leonel-brizola","tag-manchete","tag-o-cruzeiro"],"acf":[],"_links":{"self":[{"href":"https:\/\/pdt-rj.org.br\/index.php\/wp-json\/wp\/v2\/posts\/80096","targetHints":{"allow":["GET"]}}],"collection":[{"href":"https:\/\/pdt-rj.org.br\/index.php\/wp-json\/wp\/v2\/posts"}],"about":[{"href":"https:\/\/pdt-rj.org.br\/index.php\/wp-json\/wp\/v2\/types\/post"}],"author":[{"embeddable":true,"href":"https:\/\/pdt-rj.org.br\/index.php\/wp-json\/wp\/v2\/users\/17"}],"replies":[{"embeddable":true,"href":"https:\/\/pdt-rj.org.br\/index.php\/wp-json\/wp\/v2\/comments?post=80096"}],"version-history":[{"count":2,"href":"https:\/\/pdt-rj.org.br\/index.php\/wp-json\/wp\/v2\/posts\/80096\/revisions"}],"predecessor-version":[{"id":80099,"href":"https:\/\/pdt-rj.org.br\/index.php\/wp-json\/wp\/v2\/posts\/80096\/revisions\/80099"}],"wp:featuredmedia":[{"embeddable":true,"href":"https:\/\/pdt-rj.org.br\/index.php\/wp-json\/wp\/v2\/media\/80103"}],"wp:attachment":[{"href":"https:\/\/pdt-rj.org.br\/index.php\/wp-json\/wp\/v2\/media?parent=80096"}],"wp:term":[{"taxonomy":"category","embeddable":true,"href":"https:\/\/pdt-rj.org.br\/index.php\/wp-json\/wp\/v2\/categories?post=80096"},{"taxonomy":"post_tag","embeddable":true,"href":"https:\/\/pdt-rj.org.br\/index.php\/wp-json\/wp\/v2\/tags?post=80096"}],"curies":[{"name":"wp","href":"https:\/\/api.w.org\/{rel}","templated":true}]}}