{"id":80024,"date":"2021-09-25T01:03:35","date_gmt":"2021-09-25T04:03:35","guid":{"rendered":"http:\/\/pdt-rj.org.br\/?p=80024"},"modified":"2022-04-18T16:07:01","modified_gmt":"2022-04-18T19:07:01","slug":"orlando-zaccone-se-filia-ao-pdt-do-rj-em-ato-com-ciro-gomes-e-carlos-lupi","status":"publish","type":"post","link":"https:\/\/pdt-rj.org.br\/index.php\/orlando-zaccone-se-filia-ao-pdt-do-rj-em-ato-com-ciro-gomes-e-carlos-lupi\/","title":{"rendered":"Orlando Zaccone se filia ao PDT do RJ em ato com Ciro Gomes e Carlos Lupi"},"content":{"rendered":"<p class=\"yiv8013519416p1\"><span class=\"yiv8013519416s2\">Delegado da Pol\u00edcia Civil do Rio de Janeiro e l\u00edder do movimento \u201cPoliciais Antifascismo\u201d, Orlando Zaccone, 53 anos, formalizou sua filia\u00e7\u00e3o ao PDT fluminense nesta sexta-feira (24). O ato no bairro da Tijuca, Zona Norte da capital, foi prestigiado pelo presidente nacional do partido, Carlos Lupi, e o pr\u00e9-candidato pedetista a presidente da Rep\u00fablica, Ciro Gomes.<\/span><\/p>\n<p class=\"yiv8013519416p1\"><span class=\"yiv8013519416s2\">Agradecendo o apoio da milit\u00e2ncia pedetista presente no Tijuca T\u00eanis Clube, Zaccone, que \u00e9 pr\u00e9-candidato a deputado federal, abordou a relev\u00e2ncia de oferecer \u00e0 popula\u00e7\u00e3o um caminho concreto para recuperar o pa\u00eds ap\u00f3s anos de retrocessos gerados por Jair Bolsonaro.<\/span><\/p>\n<p class=\"yiv8013519416p1\"><span class=\"yiv8013519416s2\">\u201cFico muito feliz de estar com voc\u00eas nesse momento de filia\u00e7\u00e3o ao PDT. \u00c9 uma honra poder ter essa oportunidade\u201d, disse, mencionando o projeto trabalhista constru\u00eddo por Leonel Brizola e Darcy Ribeiro no estado, bem como o lan\u00e7amento da cerveja Cir\u00e3o da Massa.<\/span><\/p>\n<p class=\"yiv8013519416p1\"><span class=\"yiv8013519416s2\"><img loading=\"lazy\" decoding=\"async\" class=\"aligncenter wp-image-80030 \" src=\"http:\/\/pdt-rj.org.br\/wp-content\/uploads\/2021\/09\/Orlando-Zaccone-se-filia-ao-PDT-do-RJ-em-ato-com-Ciro-Gomes-e-Carlos-Lupi..jpeg\" alt=\"\" width=\"786\" height=\"583\" srcset=\"https:\/\/pdt-rj.org.br\/wp-content\/uploads\/2021\/09\/Orlando-Zaccone-se-filia-ao-PDT-do-RJ-em-ato-com-Ciro-Gomes-e-Carlos-Lupi.-100x75.jpeg 100w, https:\/\/pdt-rj.org.br\/wp-content\/uploads\/2021\/09\/Orlando-Zaccone-se-filia-ao-PDT-do-RJ-em-ato-com-Ciro-Gomes-e-Carlos-Lupi.-120x90.jpeg 120w, https:\/\/pdt-rj.org.br\/wp-content\/uploads\/2021\/09\/Orlando-Zaccone-se-filia-ao-PDT-do-RJ-em-ato-com-Ciro-Gomes-e-Carlos-Lupi.-480x357.jpeg 480w\" sizes=\"auto, (max-width: 786px) 100vw, 786px\" \/><\/span><\/p>\n<div class=\"I_52qC D_FY W_6D6F\" data-test-id=\"message-view-body\">\n<div class=\"msg-body P_wpofO mq_AS\" data-test-id=\"message-view-body-content\">\n<div class=\"jb_0 X_6MGW N_6Fd5\">\n<div>\n<div id=\"yiv8013519416\">\n<p class=\"yiv8013519416p1\"><span class=\"yiv8013519416s2\">Colocando o Projeto Nacional de Desenvolvimento (PND) como ferramenta propulsora, Ciro abordou a crise conjuntural brasileira, com destaque para as medidas bolsonaristas para suprimir direitos e conquistas hist\u00f3ricas, al\u00e9m de atingir a base da democracia.<\/span><\/p>\n<p class=\"yiv8013519416p1\"><span class=\"yiv8013519416s2\">\u201cA gente n\u00e3o pode passar correndo pelos n\u00fameros, que traduzem a trag\u00e9dia que impacta a sociedade brasileira. S\u00e3o os piores \u00edndices da hist\u00f3ria. Temos um modelo econ\u00f4mico de um neoliberalismo picareta, bem como o pol\u00edtico a partir do presidencialismo de coaliz\u00e3o\u201d, relatou o ex-ministro da Fazenda.<\/span><\/p>\n<p class=\"yiv8013519416p1\"><span class=\"yiv8013519416s2\">\u201cA sua filia\u00e7\u00e3o ocorre quando a pol\u00edtica sofre desmoraliza\u00e7\u00e3o no imagin\u00e1rio do nosso povo. Voc\u00ea vem do mundo real apostando na pol\u00edtica como linguagem da democracia\u201d, completou, que mais cedo visitou a f\u00e1brica da Granado, em Japeri (RJ), e esteve reunido com representantes religiosos em reuni\u00e3o do movimento Crist\u00e3os Trabalhistas.<\/span><\/p>\n<p class=\"yiv8013519416p1\"><span class=\"yiv8013519416s2\">Na sua manifesta\u00e7\u00e3o, Lupi mostrou o comprometimento da sigla contra a onda fascista que impacta o Brasil. Por isso, exaltou a chegada de novos membros vinculados com os princ\u00edpios democr\u00e1ticos.<\/span><\/p>\n<p class=\"yiv8013519416p1\"><span class=\"yiv8013519416s2\">\u201cN\u00f3s temos a ousadia de querer representar a massa, de quem n\u00e3o tem voz. Zaccone \u00e9 muito bem-vindo para agregar nessa luta contra o fascismo representado pelo genocida do Bolsonaro\u201d, salientou.<\/span><\/p>\n<p class=\"yiv8013519416p1\"><span class=\"yiv8013519416s2\">A deputada estadual Martha Rocha relembrou sua trajet\u00f3ria como delegada e chefe da Pol\u00edcia Civil e mencionou a qualidade do Zaccone como profissional e militante pol\u00edtico.\u00a0\u00a0<\/span><\/p>\n<p class=\"yiv8013519416p1\"><span class=\"yiv8013519416s2\">\u201cO PDT \u00e9 a cara da sua hist\u00f3ria de vida, que n\u00e3o silenciou diante da injusti\u00e7a e sempre lutou pela democracia\u201d, mencionou.\u00a0<\/span><\/p>\n<p class=\"yiv8013519416p1\"><span class=\"yiv8013519416s2\">Secret\u00e1rio nacional de Criatividade e Inova\u00e7\u00e3o da Funda\u00e7\u00e3o Leonel Brizola &#8211; Alberto Pasqualini (FLB-AP), Leonardo Lupi destacou o interesse do PDT de fomentar o debate coletivo sobre a seguran\u00e7a p\u00fablica.\u00a0<\/span><\/p>\n<p class=\"yiv8013519416p1\"><span class=\"yiv8013519416s2\">\u201cO PDT se preocupa com os trabalhadores, incluindo os policiais. N\u00e3o tem como falar de mudan\u00e7as na seguran\u00e7a sem abordar o genoc\u00eddio. Vamos tratar o tema atrav\u00e9s do olhar do Trabalhismo e dentro do Projeto Nacional de Desenvolvimento\u201d, explicou.<\/span><\/p>\n<p class=\"yiv8013519416p1\"><span class=\"yiv8013519416s2\">Al\u00e9m de artistas, como o cantor Tico Santa Cruz, e representantes de movimentos sociais e de classe, o evento contou ainda com as participa\u00e7\u00f5es de lideran\u00e7as nacionais do partido, incluindo os deputados federais Chico D\u2019Angelo (RJ) e M\u00e1rio Heringer (MG); o deputado estadual\u00a0<span class=\"yiv8013519416Apple-converted-space\">\u00a0<\/span>Goura (PR); o secret\u00e1rio de Ci\u00eancia e Tecnologia e o coordenador de Trabalho e Renda de Niter\u00f3i, Caio Vianna e Brizola Neto, respectivamente; o presidente do Movimento Negro no Rio, Luiz Eduardo Negrogun e o vice-presidente municipal do partido, Ant\u00f4nio Albuquerque.\u00a0<\/span><\/p>\n<\/div>\n<\/div>\n<\/div>\n<\/div>\n<\/div>\n<!-- AddThis Advanced Settings generic via filter on the_content --><!-- AddThis Share Buttons generic via filter on the_content -->","protected":false},"excerpt":{"rendered":"<p>Delegado da Pol\u00edcia Civil do Rio de Janeiro e l\u00edder do movimento \u201cPoliciais Antifascismo\u201d, Orlando Zaccone, 53 anos, formalizou sua filia\u00e7\u00e3o ao PDT fluminense nesta sexta-feira (24). O ato no bairro da Tijuca, Zona Norte da capital, foi prestigiado pelo presidente nacional do partido, Carlos Lupi, e o pr\u00e9-candidato pedetista a presidente da Rep\u00fablica, Ciro&#8230;<!-- AddThis Advanced Settings generic via filter on wp_trim_excerpt --><!-- AddThis Share Buttons generic via filter on wp_trim_excerpt --><\/p>\n","protected":false},"author":17,"featured_media":80035,"comment_status":"closed","ping_status":"closed","sticky":false,"template":"","format":"standard","meta":{"_monsterinsights_skip_tracking":false,"_monsterinsights_sitenote_active":false,"_monsterinsights_sitenote_note":"","_monsterinsights_sitenote_category":0,"_uf_show_specific_survey":0,"_uf_disable_surveys":false,"footnotes":""},"categories":[1390,5417,5416,5414,1401],"tags":[1025,196,220,4027,4099,408,426,4251,5107,5159,38,3969,1541,3125],"class_list":["post-80024","post","type-post","status-publish","format-standard","has-post-thumbnail","hentry","category-editorias","category-carlos-lupi","category-ciro-gomes","category-estado","category-nacional","tag-brizola-neto","tag-carlos-lupi","tag-ciro-gomes","tag-cristaos-trabalhistas","tag-delegada-martha-rocha","tag-flb-ap","tag-fundacao-leonel-brizola-alberto-pasqualini","tag-japeri-rj","tag-leonardo-lupi","tag-orlando-zaccone","tag-pdt","tag-pnd","tag-projeto-nacional-de-desenvolvimento","tag-tico-santa-cruz"],"acf":[],"_links":{"self":[{"href":"https:\/\/pdt-rj.org.br\/index.php\/wp-json\/wp\/v2\/posts\/80024","targetHints":{"allow":["GET"]}}],"collection":[{"href":"https:\/\/pdt-rj.org.br\/index.php\/wp-json\/wp\/v2\/posts"}],"about":[{"href":"https:\/\/pdt-rj.org.br\/index.php\/wp-json\/wp\/v2\/types\/post"}],"author":[{"embeddable":true,"href":"https:\/\/pdt-rj.org.br\/index.php\/wp-json\/wp\/v2\/users\/17"}],"replies":[{"embeddable":true,"href":"https:\/\/pdt-rj.org.br\/index.php\/wp-json\/wp\/v2\/comments?post=80024"}],"version-history":[{"count":6,"href":"https:\/\/pdt-rj.org.br\/index.php\/wp-json\/wp\/v2\/posts\/80024\/revisions"}],"predecessor-version":[{"id":80033,"href":"https:\/\/pdt-rj.org.br\/index.php\/wp-json\/wp\/v2\/posts\/80024\/revisions\/80033"}],"wp:featuredmedia":[{"embeddable":true,"href":"https:\/\/pdt-rj.org.br\/index.php\/wp-json\/wp\/v2\/media\/80035"}],"wp:attachment":[{"href":"https:\/\/pdt-rj.org.br\/index.php\/wp-json\/wp\/v2\/media?parent=80024"}],"wp:term":[{"taxonomy":"category","embeddable":true,"href":"https:\/\/pdt-rj.org.br\/index.php\/wp-json\/wp\/v2\/categories?post=80024"},{"taxonomy":"post_tag","embeddable":true,"href":"https:\/\/pdt-rj.org.br\/index.php\/wp-json\/wp\/v2\/tags?post=80024"}],"curies":[{"name":"wp","href":"https:\/\/api.w.org\/{rel}","templated":true}]}}