{"id":80016,"date":"2021-09-24T19:12:53","date_gmt":"2021-09-24T22:12:53","guid":{"rendered":"http:\/\/pdt-rj.org.br\/?p=80016"},"modified":"2021-09-24T19:20:04","modified_gmt":"2021-09-24T22:20:04","slug":"prefeita-dra-fernanda-ontiveros-recebe-titulo-de-cidada-na-camara-municipal-de-japeri","status":"publish","type":"post","link":"https:\/\/pdt-rj.org.br\/index.php\/prefeita-dra-fernanda-ontiveros-recebe-titulo-de-cidada-na-camara-municipal-de-japeri\/","title":{"rendered":"Prefeita Dr\u00aa Fernanda Ontiveros recebe t\u00edtulo de cidad\u00e3 na C\u00e2mara Municipal de Japeri"},"content":{"rendered":"<p class=\"yiv6021281646gmail-has-text-align-justify\"><em><b>Eleita pelo PDT, a m\u00e9dica destacou o comprometimento da atual gest\u00e3o com o desenvolvimento social<\/b><\/em><\/p>\n<p class=\"yiv6021281646gmail-has-text-align-justify\">A prefeita de Japeri (RJ), Dr\u00aa Fernanda Ontiveros (PDT), recebeu nessa quinta-feira (23) o t\u00edtulo de cidad\u00e3 na C\u00e2mara Municipal. A honraria foi concedida pelo vereador licenciado e secret\u00e1rio de Assist\u00eancia Social, Junior Martins.<\/p>\n<p class=\"yiv6021281646gmail-has-text-align-justify\">Em seu discurso, a m\u00e9dica enfatizou a import\u00e2ncia da integra\u00e7\u00e3o com os poderes legislativo e executivo para conquistar um progresso social para a popula\u00e7\u00e3o. A nova realidade, segundo ela, contrasta com o praticado nos \u00faltimos anos no munic\u00edpio.<\/p>\n<p class=\"yiv6021281646gmail-has-text-align-justify\">\u201cConto com cada vereador para que, juntos, possamos mudar a hist\u00f3ria de Japeri. Anteriormente, v\u00edamos um governo territorialista em Japeri, onde secret\u00e1rios tinham prazer em ver a derrota um do outro. Vejo que conseguimos quebrar esse estigma e que temos di\u00e1logo amplo com os vereadores, os secret\u00e1rios se ajudam. E assim vamos trabalhando\u201d, afirmou a prefeita, ao lado do pai e presidente municipal do partido, Carlos Ontiveros.<\/p>\n<p class=\"yiv6021281646gmail-has-text-align-justify\">\u201cTemos que olhar pra frente, com uma pol\u00edtica diferente de gerar empregos, renda e qualidade nos servi\u00e7os p\u00fablicos. Quem ganha com essa uni\u00e3o \u00e9 o cidad\u00e3o japeriense\u201d, completou.<\/p>\n<p class=\"yiv6021281646gmail-has-text-align-justify\">Entre as prioridades,\u00a0Fernanda\u00a0Ontiveros\u00a0destacou ainda o compromisso de construir pelo menos seis Unidades B\u00e1sicas de Sa\u00fade (UBS) at\u00e9 o fim de seu mandato.<\/p>\n<p class=\"yiv6021281646gmail-has-text-align-justify\">\u201cJ\u00e1 \u00e9 algo que temos planejado com a Secretaria Municipal de Sa\u00fade. Queremos, at\u00e9 2025, construir mais UBS no munic\u00edpio\u201d, concluiu.<\/p>\n<p class=\"yiv6021281646gmail-has-text-align-justify\">Foto: Prefeitura de Japeri.<\/p>\n<!-- AddThis Advanced Settings generic via filter on the_content --><!-- AddThis Share Buttons generic via filter on the_content -->","protected":false},"excerpt":{"rendered":"<p>Eleita pelo PDT, a m\u00e9dica destacou o comprometimento da atual gest\u00e3o com o desenvolvimento social A prefeita de Japeri (RJ), Dr\u00aa Fernanda Ontiveros (PDT), recebeu nessa quinta-feira (23) o t\u00edtulo de cidad\u00e3 na C\u00e2mara Municipal. A honraria foi concedida pelo vereador licenciado e secret\u00e1rio de Assist\u00eancia Social, Junior Martins. Em seu discurso, a m\u00e9dica enfatizou&#8230;<!-- AddThis Advanced Settings generic via filter on wp_trim_excerpt --><!-- AddThis Share Buttons generic via filter on wp_trim_excerpt --><\/p>\n","protected":false},"author":17,"featured_media":80017,"comment_status":"closed","ping_status":"closed","sticky":false,"template":"","format":"standard","meta":{"_monsterinsights_skip_tracking":false,"_monsterinsights_sitenote_active":false,"_monsterinsights_sitenote_note":"","_monsterinsights_sitenote_category":0,"_uf_show_specific_survey":0,"_uf_disable_surveys":false,"footnotes":""},"categories":[1390],"tags":[5155,5117,4251],"class_list":["post-80016","post","type-post","status-publish","format-standard","has-post-thumbnail","hentry","category-editorias","tag-carlos-ontiveros","tag-dra-fernanda-ontiveros","tag-japeri-rj"],"acf":[],"_links":{"self":[{"href":"https:\/\/pdt-rj.org.br\/index.php\/wp-json\/wp\/v2\/posts\/80016","targetHints":{"allow":["GET"]}}],"collection":[{"href":"https:\/\/pdt-rj.org.br\/index.php\/wp-json\/wp\/v2\/posts"}],"about":[{"href":"https:\/\/pdt-rj.org.br\/index.php\/wp-json\/wp\/v2\/types\/post"}],"author":[{"embeddable":true,"href":"https:\/\/pdt-rj.org.br\/index.php\/wp-json\/wp\/v2\/users\/17"}],"replies":[{"embeddable":true,"href":"https:\/\/pdt-rj.org.br\/index.php\/wp-json\/wp\/v2\/comments?post=80016"}],"version-history":[{"count":1,"href":"https:\/\/pdt-rj.org.br\/index.php\/wp-json\/wp\/v2\/posts\/80016\/revisions"}],"predecessor-version":[{"id":80018,"href":"https:\/\/pdt-rj.org.br\/index.php\/wp-json\/wp\/v2\/posts\/80016\/revisions\/80018"}],"wp:featuredmedia":[{"embeddable":true,"href":"https:\/\/pdt-rj.org.br\/index.php\/wp-json\/wp\/v2\/media\/80017"}],"wp:attachment":[{"href":"https:\/\/pdt-rj.org.br\/index.php\/wp-json\/wp\/v2\/media?parent=80016"}],"wp:term":[{"taxonomy":"category","embeddable":true,"href":"https:\/\/pdt-rj.org.br\/index.php\/wp-json\/wp\/v2\/categories?post=80016"},{"taxonomy":"post_tag","embeddable":true,"href":"https:\/\/pdt-rj.org.br\/index.php\/wp-json\/wp\/v2\/tags?post=80016"}],"curies":[{"name":"wp","href":"https:\/\/api.w.org\/{rel}","templated":true}]}}