{"id":79955,"date":"2021-09-21T19:41:09","date_gmt":"2021-09-21T22:41:09","guid":{"rendered":"http:\/\/pdt-rj.org.br\/?p=79955"},"modified":"2021-09-22T01:07:05","modified_gmt":"2021-09-22T04:07:05","slug":"a-historia-dos-povos-indigenas-nao-comeca-em-1988","status":"publish","type":"post","link":"https:\/\/pdt-rj.org.br\/index.php\/a-historia-dos-povos-indigenas-nao-comeca-em-1988\/","title":{"rendered":"A hist\u00f3ria dos povos ind\u00edgenas n\u00e3o come\u00e7a em 1988"},"content":{"rendered":"<div class=\"msg-body P_wpofO mq_AS\" data-test-id=\"message-view-body-content\">\n<div class=\"jb_0 X_6MGW N_6Fd5\">\n<div id=\"yiv3761020451\">\n<div dir=\"ltr\">\n<p class=\"yiv3761020451gmail-Default\">Em 2013, o Tribunal Regional Federal da 4\u00aa Regi\u00e3o (TRF-4) acolheu a tese absurda do marco temporal, que basicamente estabelece que os povos ind\u00edgenas s\u00f3 possuem direito \u00e0s terras em que vivem se j\u00e1 de posse delas na data da promulga\u00e7\u00e3o da Constitui\u00e7\u00e3o Federal de 1988. A tese \u00e9 uma das maiores supress\u00f5es de direitos da hist\u00f3ria dos povos ind\u00edgenas do Brasil. Um recurso extraordin\u00e1rio da Funai contra o marco temporal questiona a decis\u00e3o e o Supremo est\u00e1 analisando.<\/p>\n<p class=\"yiv3761020451gmail-Default\">Os povos ind\u00edgenas s\u00e3o os povos origin\u00e1rios de nosso Pa\u00eds, est\u00e3o aqui antes da chegada dos europeus e possuem total direito \u00e0 posse dessas terras. A legisla\u00e7\u00e3o fundamental, apelidada de Constitui\u00e7\u00e3o Cidad\u00e3, n\u00e3o pode ser o marco da retirada de direitos dos povos que s\u00e3o os mais afetados pelo desmatamento, agroneg\u00f3cio, garimpos ilegais e tamb\u00e9m pela coloniza\u00e7\u00e3o europeia.<\/p>\n<p class=\"yiv3761020451gmail-Default\">O artigo 231 da Constitui\u00e7\u00e3o, em seu \u00a72\u00ba, disp\u00f5e que: \u201cAs terras tradicionalmente ocupadas pelos \u00edndios destinam-se \u00e0 sua posse permanente, cabendo-lhes o usufruto exclusivo das riquezas do solo, dos rios e dos lagos nelas existentes.\u201d O texto \u00e9 claro quando diz que os povos ind\u00edgenas t\u00eam direito \u00e0s terras tradicionalmente ocupadas, n\u00e3o estabelecendo um marco temporal para essa ocupa\u00e7\u00e3o.<\/p>\n<p class=\"yiv3761020451gmail-Default\">Com um chefe de Estado que s\u00f3 sabe atacar a nossa democracia e as minorias de nosso pa\u00eds, destruir o Ibama, MMA e tamb\u00e9m nossa flora e fauna, os povos ind\u00edgenas se jogam na linha de frente em prol de nosso pa\u00eds, lutando pela sua pr\u00f3pria sobreviv\u00eancia e pela sobreviv\u00eancia de nossa terra e de nossos animais.<\/p>\n<p class=\"yiv3761020451gmail-Default\">Cabe a n\u00f3s, como trabalhistas e defensores de um desenvolvimento sustent\u00e1vel, estar na linha de frente com eles. Garimpeiros, fazendeiros, bolsonaristas e semelhantes adoram dizer que os povos ind\u00edgenas e os ambientalistas est\u00e3o no passado, que n\u00e3o h\u00e1 como se desenvolver com respeito total ao nosso meio ambiente.<\/p>\n<p class=\"yiv3761020451gmail-Default\">Ocorre que, em tempos de aquecimento global, Acordo de Paris, Agenda 21, Protocolo de Kyoto, Rio+20 e de san\u00e7\u00f5es internacionais a quem n\u00e3o preserva o meio ambiente, fica claro que quem defende a flora e a fauna est\u00e1 muito mais dentro do s\u00e9culo XXI do que quem a destr\u00f3i.<\/p>\n<p>&nbsp;<\/p>\n<p class=\"yiv3761020451gmail-Default\"><em><b>*Rodrigo Cabral, Lucas Santos e Lucas C\u00e2mara s\u00e3o diretores de Meio Ambiente da Uni\u00e3o Nacional dos Estudantes (UNE) e militantes da Juventude Socialista e do Reinventar.<\/b><\/em><\/p>\n<\/div>\n<\/div>\n<\/div>\n<\/div>\n<!-- AddThis Advanced Settings generic via filter on the_content --><!-- AddThis Share Buttons generic via filter on the_content -->","protected":false},"excerpt":{"rendered":"<p>Em 2013, o Tribunal Regional Federal da 4\u00aa Regi\u00e3o (TRF-4) acolheu a tese absurda do marco temporal, que basicamente estabelece que os povos ind\u00edgenas s\u00f3 possuem direito \u00e0s terras em que vivem se j\u00e1 de posse delas na data da promulga\u00e7\u00e3o da Constitui\u00e7\u00e3o Federal de 1988. A tese \u00e9 uma das maiores supress\u00f5es de direitos&#8230;<!-- AddThis Advanced Settings generic via filter on wp_trim_excerpt --><!-- AddThis Share Buttons generic via filter on wp_trim_excerpt --><\/p>\n","protected":false},"author":17,"featured_media":79962,"comment_status":"closed","ping_status":"closed","sticky":false,"template":"","format":"standard","meta":{"_monsterinsights_skip_tracking":false,"_monsterinsights_sitenote_active":false,"_monsterinsights_sitenote_note":"","_monsterinsights_sitenote_category":0,"_uf_show_specific_survey":0,"_uf_disable_surveys":false,"footnotes":""},"categories":[1584,1390],"tags":[3485,5143,5142,425,2998,3529],"class_list":["post-79955","post","type-post","status-publish","format-standard","has-post-thumbnail","hentry","category-artigos","category-editorias","tag-constituicao-federal-de-1988","tag-fauna","tag-flora","tag-funai","tag-ibama","tag-marco-temporal"],"acf":[],"_links":{"self":[{"href":"https:\/\/pdt-rj.org.br\/index.php\/wp-json\/wp\/v2\/posts\/79955","targetHints":{"allow":["GET"]}}],"collection":[{"href":"https:\/\/pdt-rj.org.br\/index.php\/wp-json\/wp\/v2\/posts"}],"about":[{"href":"https:\/\/pdt-rj.org.br\/index.php\/wp-json\/wp\/v2\/types\/post"}],"author":[{"embeddable":true,"href":"https:\/\/pdt-rj.org.br\/index.php\/wp-json\/wp\/v2\/users\/17"}],"replies":[{"embeddable":true,"href":"https:\/\/pdt-rj.org.br\/index.php\/wp-json\/wp\/v2\/comments?post=79955"}],"version-history":[{"count":4,"href":"https:\/\/pdt-rj.org.br\/index.php\/wp-json\/wp\/v2\/posts\/79955\/revisions"}],"predecessor-version":[{"id":79965,"href":"https:\/\/pdt-rj.org.br\/index.php\/wp-json\/wp\/v2\/posts\/79955\/revisions\/79965"}],"wp:featuredmedia":[{"embeddable":true,"href":"https:\/\/pdt-rj.org.br\/index.php\/wp-json\/wp\/v2\/media\/79962"}],"wp:attachment":[{"href":"https:\/\/pdt-rj.org.br\/index.php\/wp-json\/wp\/v2\/media?parent=79955"}],"wp:term":[{"taxonomy":"category","embeddable":true,"href":"https:\/\/pdt-rj.org.br\/index.php\/wp-json\/wp\/v2\/categories?post=79955"},{"taxonomy":"post_tag","embeddable":true,"href":"https:\/\/pdt-rj.org.br\/index.php\/wp-json\/wp\/v2\/tags?post=79955"}],"curies":[{"name":"wp","href":"https:\/\/api.w.org\/{rel}","templated":true}]}}