{"id":79935,"date":"2021-09-20T23:52:25","date_gmt":"2021-09-21T02:52:25","guid":{"rendered":"http:\/\/pdt-rj.org.br\/?p=79935"},"modified":"2022-04-18T15:49:42","modified_gmt":"2022-04-18T18:49:42","slug":"rodrigo-neves-e-martha-rocha-analisam-prioridades-para-retomada-do-progresso-no-rj","status":"publish","type":"post","link":"https:\/\/pdt-rj.org.br\/index.php\/rodrigo-neves-e-martha-rocha-analisam-prioridades-para-retomada-do-progresso-no-rj\/","title":{"rendered":"Rodrigo Neves e Martha Rocha analisam prioridades para retomada do progresso no RJ\u00a0"},"content":{"rendered":"<p class=\"yiv2515121666p1\" style=\"text-align: left;\"><em><strong><span class=\"yiv2515121666s1\">Encontro com lideran\u00e7as da capital estimula aprimoramento do plano de governo do PDT<\/span><\/strong><\/em><\/p>\n<p class=\"yiv2515121666p1\"><span class=\"yiv2515121666s2\">\u201cO Rio de Janeiro tem solu\u00e7\u00e3o. N\u00f3s vamos reconstruir o estado\u201d, garantiu o pr\u00e9-candidato ao governo pelo PDT e ex-prefeito de Niter\u00f3i (RJ), Rodrigo Neves, ao participar de debate promovido pela deputada estadual Martha Rocha (PDT-RJ) com lideran\u00e7as da Grande Tijuca, na Zona Norte da capital. Na pauta desta segunda-feira (20), as prioridades para retomada do progresso fluminense.\u00a0<\/span><\/p>\n<p class=\"yiv2515121666p1\"><span class=\"yiv2515121666s2\">\u201cO Rio precisa de experi\u00eancia j\u00e1 testada e aprovada. N\u00e3o existe salvador da p\u00e1tria. E isso vir\u00e1 em conjunto com a for\u00e7a do nosso povo. [\u2026] N\u00e3o vamos desistir do Rio e do Brasil\u201d, afirmou Neves, ao mencionar como exemplo de sucesso a s\u00e9rie de gest\u00f5es do PDT em Niter\u00f3i, incluindo a atual, comandada pelo seu sucessor, prefeito Axel Grael, e o vice-prefeito, Paulo Bagueira, que estava presente no evento.\u00a0<\/span><\/p>\n<p class=\"yiv2515121666p1\"><span class=\"yiv2515121666s2\">Respeitando todos protocolos de preven\u00e7\u00e3o \u00e0 Covid-19, os pedetistas detalharam o aprimoramento coletivo do plano de governo \u201cO Estado do Rio que queremos\u201d, com destaque para os quatro eixos: seguran\u00e7a p\u00fablica, sa\u00fade, educa\u00e7\u00e3o e reestrutura\u00e7\u00e3o econ\u00f4mica.<\/span><\/p>\n<p class=\"yiv2515121666p1\"><span class=\"yiv2515121666s2\">\u201cEstou estudando e ouvindo a sociedade. Sigo com encontros rotineiros com representantes dos mais diversos setores para reverter o esvaziamento econ\u00f4mico do Rio\u201d, avaliou, citando a estagna\u00e7\u00e3o, na Regi\u00e3o Metropolitana, das ind\u00fastrias de transforma\u00e7\u00e3o, naval e pesqueira.\u00a0<\/span><\/p>\n<p class=\"yiv2515121666p1\"><span class=\"yiv2515121666s2\">\u201cN\u00f3s vivemos a mais grave crise da hist\u00f3ria do Rio. \u00c9 sem precedentes. [\u2026] Nos \u00faltimos cinco anos, n\u00e3o tivemos, efetivamente, governo. Com isso, o Rio apresenta um dos piores \u00edndices de desemprego do Brasil. Mais de 50% dos trabalhadores est\u00e3o desempregados ou na economia informal e geram consequ\u00eancias ampliadas\u201d, pontuou.\u00a0<\/span><\/p>\n<p class=\"yiv2515121666p1\"><span class=\"yiv2515121666s2\">Pelo contexto, Neves ratificou o diferencial do planejamento estrat\u00e9gico ao abordar o investimento estatal como mecanismo de revers\u00e3o dos retrocessos sociais. Como exemplo, ele relembrou o impacto positivo gerado pelo projeto educacional criado pelo ex-governador Leonel Brizola nas d\u00e9cadas de 80 e 90, mas abandonado pelas administra\u00e7\u00f5es subsequentes.\u00a0<\/span><\/p>\n<p class=\"yiv2515121666p1\"><span class=\"yiv2515121666s2\">\u201cSe n\u00e3o tivessem abandonado os Cieps, n\u00e3o estar\u00edamos perdendo tantos jovens para a criminalidade\u201d, salientou, indicando que resgatar\u00e1 todas as unidades espalhadas pelo estado, o que j\u00e1 foi feito, em Niter\u00f3i, nas suas duas gest\u00f5es.\u00a0<\/span><\/p>\n<p class=\"yiv2515121666p1\"><strong><span class=\"yiv2515121666s1\">Unidade<\/span><span class=\"yiv2515121666s2\">\u00a0<\/span><\/strong><\/p>\n<p class=\"yiv2515121666p1\"><span class=\"yiv2515121666s2\">Anfitri\u00e3, Martha Rocha destacou a import\u00e2ncia da intera\u00e7\u00e3o com a popula\u00e7\u00e3o local, al\u00e9m do di\u00e1logo com as mulheres. A proximidade e o compromisso do pedetista demonstra, segundo ela, uma alternativa esperada pelos cidad\u00e3os para o Pal\u00e1cio Guanabara.<\/span><\/p>\n<p class=\"yiv2515121666p1\"><span class=\"yiv2515121666s2\">\u201c\u00c9 um privil\u00e9gio ter ao lado uma lideran\u00e7a como o Rodrigo Neves. Ele transformou Niter\u00f3i e est\u00e1 propondo esses avan\u00e7os para todo o estado, incluindo a cidade do Rio\u201d, exp\u00f4s.<\/span><\/p>\n<p class=\"yiv2515121666p1\"><span class=\"yiv2515121666s2\">\u201cPor isso,<span class=\"yiv2515121666Apple-converted-space\">\u00a0<\/span>n\u00e3o vai faltar compet\u00eancia e coragem para ele assumir esse grande desafio\u201d, acrescentou.\u00a0<\/span><\/p>\n<p class=\"yiv2515121666p1\"><span class=\"yiv2515121666s2\">O secret\u00e1rio nacional de Criatividade e Inova\u00e7\u00e3o da Funda\u00e7\u00e3o Leonel Brizola &#8211; Alberto Pasqualini (FLB-AP), Leonardo Lupi, enfatizou que o impacto do desemprego \u00e9 ainda mais negativo entre os jovens. Como sa\u00edda, ele colocou os princ\u00edpios populares do Trabalhismo, que s\u00e3o defendidos por Rodrigo e Martha.\u00a0<\/span><\/p>\n<p class=\"yiv2515121666p1\"><span class=\"yiv2515121666s2\">\u201cEssa sensibilidade deles para criar oportunidades de emprego e de qualifica\u00e7\u00e3o far\u00e1 a diferen\u00e7a para todos n\u00f3s do Rio\u201d, relatou.<\/span><\/p>\n<p class=\"yiv2515121666p1\"><span class=\"yiv2515121666s2\">O evento contou ainda com as participa\u00e7\u00f5es de representantes dos movimentos sociais, do terceiro setor e do mercado, bem como do partido, incluindo os presidente e vice-presidente do partido na capital, Augusto Ribeiro e Ant\u00f4nio Albuquerque, respectivamente, e o vereador de Niter\u00f3i, Binho Guimar\u00e3es.\u00a0<\/span><\/p>\n<!-- AddThis Advanced Settings generic via filter on the_content --><!-- AddThis Share Buttons generic via filter on the_content -->","protected":false},"excerpt":{"rendered":"<p>Encontro com lideran\u00e7as da capital estimula aprimoramento do plano de governo do PDT \u201cO Rio de Janeiro tem solu\u00e7\u00e3o. N\u00f3s vamos reconstruir o estado\u201d, garantiu o pr\u00e9-candidato ao governo pelo PDT e ex-prefeito de Niter\u00f3i (RJ), Rodrigo Neves, ao participar de debate promovido pela deputada estadual Martha Rocha (PDT-RJ) com lideran\u00e7as da Grande Tijuca, na&#8230;<!-- AddThis Advanced Settings generic via filter on wp_trim_excerpt --><!-- AddThis Share Buttons generic via filter on wp_trim_excerpt --><\/p>\n","protected":false},"author":17,"featured_media":79936,"comment_status":"closed","ping_status":"closed","sticky":false,"template":"","format":"standard","meta":{"_monsterinsights_skip_tracking":false,"_monsterinsights_sitenote_active":false,"_monsterinsights_sitenote_note":"","_monsterinsights_sitenote_category":0,"_uf_show_specific_survey":0,"_uf_disable_surveys":false,"footnotes":""},"categories":[976,5415],"tags":[1545,3348,408,426,5107,2869,2463,5138,1602,3169],"class_list":["post-79935","post","type-post","status-publish","format-standard","has-post-thumbnail","hentry","category-noticias-em-destaque","category-rodrigo-neves","tag-cieps","tag-covid-19","tag-flb-ap","tag-fundacao-leonel-brizola-alberto-pasqualini","tag-leonardo-lupi","tag-martha-rocha","tag-niteroi-rj","tag-palacio-guanabara","tag-rio-de-janeiro","tag-rodrigo-neves"],"acf":[],"_links":{"self":[{"href":"https:\/\/pdt-rj.org.br\/index.php\/wp-json\/wp\/v2\/posts\/79935","targetHints":{"allow":["GET"]}}],"collection":[{"href":"https:\/\/pdt-rj.org.br\/index.php\/wp-json\/wp\/v2\/posts"}],"about":[{"href":"https:\/\/pdt-rj.org.br\/index.php\/wp-json\/wp\/v2\/types\/post"}],"author":[{"embeddable":true,"href":"https:\/\/pdt-rj.org.br\/index.php\/wp-json\/wp\/v2\/users\/17"}],"replies":[{"embeddable":true,"href":"https:\/\/pdt-rj.org.br\/index.php\/wp-json\/wp\/v2\/comments?post=79935"}],"version-history":[{"count":2,"href":"https:\/\/pdt-rj.org.br\/index.php\/wp-json\/wp\/v2\/posts\/79935\/revisions"}],"predecessor-version":[{"id":79938,"href":"https:\/\/pdt-rj.org.br\/index.php\/wp-json\/wp\/v2\/posts\/79935\/revisions\/79938"}],"wp:featuredmedia":[{"embeddable":true,"href":"https:\/\/pdt-rj.org.br\/index.php\/wp-json\/wp\/v2\/media\/79936"}],"wp:attachment":[{"href":"https:\/\/pdt-rj.org.br\/index.php\/wp-json\/wp\/v2\/media?parent=79935"}],"wp:term":[{"taxonomy":"category","embeddable":true,"href":"https:\/\/pdt-rj.org.br\/index.php\/wp-json\/wp\/v2\/categories?post=79935"},{"taxonomy":"post_tag","embeddable":true,"href":"https:\/\/pdt-rj.org.br\/index.php\/wp-json\/wp\/v2\/tags?post=79935"}],"curies":[{"name":"wp","href":"https:\/\/api.w.org\/{rel}","templated":true}]}}