{"id":79923,"date":"2021-09-18T01:21:16","date_gmt":"2021-09-18T04:21:16","guid":{"rendered":"http:\/\/pdt-rj.org.br\/?p=79923"},"modified":"2021-09-18T01:22:30","modified_gmt":"2021-09-18T04:22:30","slug":"axel-grael-nenhuma-cidade-brasileira-fez-o-que-niteroi-esta-fazendo","status":"publish","type":"post","link":"https:\/\/pdt-rj.org.br\/index.php\/axel-grael-nenhuma-cidade-brasileira-fez-o-que-niteroi-esta-fazendo\/","title":{"rendered":"Axel Grael: \u201cNenhuma cidade brasileira fez o que Niter\u00f3i est\u00e1 fazendo\u201d"},"content":{"rendered":"<div class=\"msg-body P_wpofO mq_AS\" data-test-id=\"message-view-body-content\">\n<div class=\"jb_0 X_6MGW N_6Fd5\">\n<div id=\"yiv2897781096\">\n<div dir=\"ltr\">\n<p class=\"yiv2897781096MsoNormal\"><em><b>E n\u00e3o vamos parar. Nos pr\u00f3ximos dias, vamos anunciar o programa de retomada da economia<\/b><\/em><\/p>\n<p class=\"yiv2897781096MsoNormal\">Esta semana, enviei para a C\u00e2mara de Vereadores de Niter\u00f3i (RJ) mensagem para que o Renda B\u00e1sica Tempor\u00e1ria seja prorrogado at\u00e9 dezembro deste ano para aqueles que estiverem vacinados (pelo menos com a primeira dose, sem que a segunda esteja atrasada).<\/p>\n<p class=\"yiv2897781096MsoNormal\">A programa\u00e7\u00e3o inicial, compromisso que assumi durante a campanha eleitoral, era manter o benef\u00edcio at\u00e9 a chegada da vacina. No entanto, diante da crise econ\u00f4mica e social que aflige o Pa\u00eds, decidi manter o apoio aos que mais precisam at\u00e9 o fim deste ano.<\/p>\n<p class=\"yiv2897781096MsoNormal\">Por outro lado, tamb\u00e9m nos \u00faltimos dias, anunciei o programa Novo Normal Niter\u00f3i, validado por nosso comit\u00ea cient\u00edfico, com regras sanit\u00e1rias mais flex\u00edveis a partir de 1 de outubro. Em Niter\u00f3i, os \u00edndices de vacina\u00e7\u00e3o (segunda dose) j\u00e1 se aproximam dos 70%, mas ainda manteremos protocolos (sempre baseados na ci\u00eancia) at\u00e9 que toda a Regi\u00e3o Metropolitana tenha atingido 100% de oferta de vacinas.<\/p>\n<p class=\"yiv2897781096MsoNormal\">Desde abril de 2020, de forma ininterrupta, o Renda B\u00e1sica Tempor\u00e1ria beneficia com R$500 mensais as 50 mil fam\u00edlias niteroienses que mais precisam. Al\u00e9m disso, desenvolvemos programas de apoio a 3 mil empresas, garantindo a manuten\u00e7\u00e3o de 15 mil empregos. No total, o munic\u00edpio j\u00e1 investiu mais de R$1 bi em a\u00e7\u00f5es de retaguarda de Sa\u00fade e programas sociais para salvar vidas e minimizar efeitos na economia.<\/p>\n<p class=\"yiv2897781096MsoNormal\">Trata-se de um expressivo esfor\u00e7o financeiro da Prefeitura de Niter\u00f3i, que trabalha desde o in\u00edcio da pandemia com planejamento, seriedade e a\u00e7\u00f5es assertivas, utilizando os recursos p\u00fablicos com responsabilidade.<\/p>\n<p class=\"yiv2897781096MsoNormal\">Agora, o avan\u00e7o da vacina\u00e7\u00e3o cria condi\u00e7\u00f5es para a retomada das atividades econ\u00f4micas e exige da Prefeitura de Niter\u00f3i uma nova estrat\u00e9gia para impulsionar o desenvolvimento da cidade sem deixar ningu\u00e9m para tr\u00e1s.<\/p>\n<p class=\"yiv2897781096MsoNormal\">Os recursos p\u00fablicos, que at\u00e9 dezembro ser\u00e3o direcionados para o pagamento de benef\u00edcios sociais, passar\u00e3o a ser estrategicamente investidos nas a\u00e7\u00f5es do Plano de Retomada da Economia, que ser\u00e1 anunciado nos pr\u00f3ximos dias com iniciativas que incluem a Moeda Social Arariboia e incentivo \u00e0 gera\u00e7\u00e3o de emprego e renda.<\/p>\n<p class=\"yiv2897781096MsoNormal\">Precisamos unir toda a cidade. Comunidades, setores econ\u00f4micos, acad\u00eamicos, religiosos e governamentais. Juntos, vamos superar esta crise para seguirmos o caminho do desenvolvimento econ\u00f4mico, com sustentabilidade e justi\u00e7a social.<\/p>\n<p class=\"yiv2897781096MsoNormal\">N\u00e3o vamos poupar esfor\u00e7os para, juntos, superarmos este momento dif\u00edcil.<\/p>\n<p class=\"yiv2897781096MsoNormal\"><em><b>*Axel Grael \u00e9 prefeito de Niter\u00f3i (RJ) pelo PDT.<\/b><\/em><\/p>\n<\/div>\n<\/div>\n<\/div>\n<\/div>\n<!-- AddThis Advanced Settings generic via filter on the_content --><!-- AddThis Share Buttons generic via filter on the_content -->","protected":false},"excerpt":{"rendered":"<p>E n\u00e3o vamos parar. Nos pr\u00f3ximos dias, vamos anunciar o programa de retomada da economia Esta semana, enviei para a C\u00e2mara de Vereadores de Niter\u00f3i (RJ) mensagem para que o Renda B\u00e1sica Tempor\u00e1ria seja prorrogado at\u00e9 dezembro deste ano para aqueles que estiverem vacinados (pelo menos com a primeira dose, sem que a segunda esteja&#8230;<!-- AddThis Advanced Settings generic via filter on wp_trim_excerpt --><!-- AddThis Share Buttons generic via filter on wp_trim_excerpt --><\/p>\n","protected":false},"author":17,"featured_media":79924,"comment_status":"closed","ping_status":"closed","sticky":false,"template":"","format":"standard","meta":{"_monsterinsights_skip_tracking":false,"_monsterinsights_sitenote_active":false,"_monsterinsights_sitenote_note":"","_monsterinsights_sitenote_category":0,"_uf_show_specific_survey":0,"_uf_disable_surveys":false,"footnotes":""},"categories":[1584,1390,1402],"tags":[4025],"class_list":["post-79923","post","type-post","status-publish","format-standard","has-post-thumbnail","hentry","category-artigos","category-editorias","category-cidades","tag-axel-grael"],"acf":[],"_links":{"self":[{"href":"https:\/\/pdt-rj.org.br\/index.php\/wp-json\/wp\/v2\/posts\/79923","targetHints":{"allow":["GET"]}}],"collection":[{"href":"https:\/\/pdt-rj.org.br\/index.php\/wp-json\/wp\/v2\/posts"}],"about":[{"href":"https:\/\/pdt-rj.org.br\/index.php\/wp-json\/wp\/v2\/types\/post"}],"author":[{"embeddable":true,"href":"https:\/\/pdt-rj.org.br\/index.php\/wp-json\/wp\/v2\/users\/17"}],"replies":[{"embeddable":true,"href":"https:\/\/pdt-rj.org.br\/index.php\/wp-json\/wp\/v2\/comments?post=79923"}],"version-history":[{"count":2,"href":"https:\/\/pdt-rj.org.br\/index.php\/wp-json\/wp\/v2\/posts\/79923\/revisions"}],"predecessor-version":[{"id":79926,"href":"https:\/\/pdt-rj.org.br\/index.php\/wp-json\/wp\/v2\/posts\/79923\/revisions\/79926"}],"wp:featuredmedia":[{"embeddable":true,"href":"https:\/\/pdt-rj.org.br\/index.php\/wp-json\/wp\/v2\/media\/79924"}],"wp:attachment":[{"href":"https:\/\/pdt-rj.org.br\/index.php\/wp-json\/wp\/v2\/media?parent=79923"}],"wp:term":[{"taxonomy":"category","embeddable":true,"href":"https:\/\/pdt-rj.org.br\/index.php\/wp-json\/wp\/v2\/categories?post=79923"},{"taxonomy":"post_tag","embeddable":true,"href":"https:\/\/pdt-rj.org.br\/index.php\/wp-json\/wp\/v2\/tags?post=79923"}],"curies":[{"name":"wp","href":"https:\/\/api.w.org\/{rel}","templated":true}]}}