{"id":79920,"date":"2021-09-17T23:22:24","date_gmt":"2021-09-18T02:22:24","guid":{"rendered":"http:\/\/pdt-rj.org.br\/?p=79920"},"modified":"2021-09-22T12:25:19","modified_gmt":"2021-09-22T15:25:19","slug":"lupi-e-ciro-colocam-sindicatos-como-essenciais-na-protecao-da-democracia","status":"publish","type":"post","link":"https:\/\/pdt-rj.org.br\/index.php\/lupi-e-ciro-colocam-sindicatos-como-essenciais-na-protecao-da-democracia\/","title":{"rendered":"Lupi e Ciro colocam sindicatos como essenciais na prote\u00e7\u00e3o da democracia"},"content":{"rendered":"<div class=\"msg-body P_wpofO mq_AS\" data-test-id=\"message-view-body-content\">\n<div class=\"jb_0 X_6MGW N_6Fd5\">\n<div id=\"yiv0599680281\">\n<div dir=\"ltr\">\n<p class=\"yiv0599680281MsoNormal\"><em><b>Terceiro Congresso da CSB reuniu representantes do PDT, que abordaram o resgate das conquistas trabalhistas<\/b><\/em><\/p>\n<p class=\"yiv0599680281MsoNormal\">A coloca\u00e7\u00e3o dos sindicatos como ferramenta essencial de prote\u00e7\u00e3o democr\u00e1tica e reconstru\u00e7\u00e3o do pa\u00eds foi destacada pelos presidente e vice-presidente nacionais do PDT, Carlos Lupi e Ciro Gomes, respectivamente, na abertura do 3\u00ba Congresso da Central dos Sindicatos Brasileiros (CSB). A\u00a0<a href=\"https:\/\/www.youtube.com\/watch?v=BvcD1mPylZA\" target=\"_blank\" rel=\"nofollow noopener noreferrer\">cerim\u00f4nia<\/a> virtual ocorreu nessa quinta-feira (16) e reuniu representantes do executivo e legislativo, bem como de partidos e movimentos sociais.<\/p>\n<p class=\"yiv0599680281MsoNormal\">Ex-ministro do Trabalho e Emprego, Lupi exaltou a \u201cpauta de lutas\u201d da entidade e a participa\u00e7\u00e3o dos filiados na amplia\u00e7\u00e3o das manifesta\u00e7\u00f5es pelo impeachment do presidente da Rep\u00fablica, Jair Bolsonaro, que atenta contra conquistas trabalhistas constru\u00eddas desde a gest\u00e3o de Get\u00falio Vargas.<\/p>\n<p class=\"yiv0599680281MsoNormal\">\u201cA democracia, no Brasil, vive um s\u00e9rio risco. Temos um profeta da ignor\u00e2ncia, e seus seguidores, querendo impor ao Brasil uma pauta de atraso, retrocesso, perda salarial e de direitos. Isso \u00e9 muito grave\u201d, alertou.<\/p>\n<p class=\"yiv0599680281MsoNormal\">\u201cA cada dia, Bolsonaro amea\u00e7a o povo brasileiro com medidas que s\u00e3o contra os trabalhadores, o interesse nacional e a democracia\u201d, completou, ao elogiar o protagonismo da CSB.<\/p>\n<p class=\"yiv0599680281MsoNormal\">Pr\u00e9-candidato ao Pal\u00e1cio do Planalto pela sigla trabalhista, Ciro disse que o encontro \u201cocorre em um dos momentos mais graves e delicados da vida brasileira\u201d. Ele mostrou preocupa\u00e7\u00e3o com a \u201cdestrui\u00e7\u00e3o, praticamente estrutural, do mundo do trabalho e da produ\u00e7\u00e3o no Brasil\u201d.<\/p>\n<p class=\"yiv0599680281MsoNormal\">\u201cOs n\u00fameros s\u00e3o absolutamente assustadores. S\u00e3o um desafio para lutarmos. 15 milh\u00f5es de desempregados, 16 milh\u00f5es de pessoas passando fome, 130 milh\u00f5es comendo precariamente, 6 milh\u00f5es desistiram de procurar emprego, 63.7 milh\u00f5es de brasileiros humilhados no SPC\u201d, listou.<\/p>\n<p class=\"yiv0599680281MsoNormal\">\u201c\u00c9 o mais grave e profundo buraco na hist\u00f3ria republicana brasileira. Diante disso, nosso sofrido, chocado, descrente e assustado olha para a pol\u00edtica. [&#8230;] Vemos uma polariza\u00e7\u00e3o superficial, rasa e despolitizada, que passa muito longe, num choque hist\u00e9rico de personalidades, \u00f3dios e paix\u00f5es, da energia necess\u00e1ria para que n\u00f3s possamos entender o problema brasileiro\u201d, criticou.<\/p>\n<p class=\"yiv0599680281MsoNormal\"><b>Luta popular<\/b><\/p>\n<p class=\"yiv0599680281MsoNormal\">Com o tema \u201cSindicatos fortes, Brasil mais justo\u201d e pain\u00e9is at\u00e9 s\u00e1bado (18), o evento foi colocado pelo presidente da CSB e do PDT na capital paulista, Antonio Neto, como uma ferramenta de avaliar \u201ccoletivamente o futuro n\u00e3o s\u00f3 da entidade, mas de todo o movimento sindical e da sociedade\u201d.<\/p>\n<p class=\"yiv0599680281MsoNormal\">Ao analisar o cen\u00e1rio brasileiro na \u00faltima d\u00e9cada, Neto salientou os ataques sistem\u00e1ticos dos \u00faltimos governos a partir das reformas trabalhistas e previdenci\u00e1rias promovidas pelos governos Temer e Bolsonaro. A deteriora\u00e7\u00e3o dos direitos sociais \u00e9, segundo ele, uma consequ\u00eancia direta da influ\u00eancia aristocr\u00e1tica na pol\u00edtica neoliberal.<\/p>\n<p class=\"yiv0599680281MsoNormal\">\u201cEssa elite escravocrata est\u00e1 sempre procurando diminuir os direitos dos trabalhadores, precarizar o trabalho e a m\u00e3o de obra. Ou seja, explorar cada vez mais a classe oper\u00e1ria, o povo trabalhador\u201d, opinou, citando ainda o encerramento e esvaziamento do Minist\u00e9rio do Trabalho, marco da Era Vargas.<\/p>\n<p class=\"yiv0599680281MsoNormal\">\u201cCom a pol\u00edtica econ\u00f4mica do Paulo Guedes e a pol\u00edtica geral capitaneada por esse genocida [Bolsonaro], o Brasil n\u00e3o precisa ter minist\u00e9rio, n\u00e3o adianta ter minist\u00e9rio. Tudo isso ter\u00e1 que ser revisto e a responsabilidade \u00e9 grande\u201d, completou, salientando a import\u00e2ncia do papel do Estado e das entidades sindicais na pandemia da Covid-19.<\/p>\n<p class=\"yiv0599680281MsoNormal\">Secret\u00e1rio-geral do PDT e presidente da Funda\u00e7\u00e3o Leonel Brizola \u2013 Alberto Pasqualini (FLB-AP), Manoel Dias fomentou os princ\u00edpios trabalhistas na coloca\u00e7\u00e3o da CSB como mobilizadora dos trabalhadores em prol de uma \u201cp\u00e1tria justa, igual e democr\u00e1tica\u201d.<\/p>\n<p class=\"yiv0599680281MsoNormal\">\u201cNesse momento perturbador da vida nacional, em que foram subtra\u00eddos direitos trabalhistas e previdenci\u00e1rios e existe um recorde de desemprego, \u00e9 importante a conven\u00e7\u00e3o da CSB. \u00c9 uma central que reage e luta pela recupera\u00e7\u00e3o das conquistas oriundas desde Get\u00falio Vargas\u201d, lembrou.<\/p>\n<p class=\"yiv0599680281MsoNormal\">O deputado federal M\u00e1rio Heringer (PDT-MG) argumentou que o Brasil precisa gerar um debate ampliado sobre o futuro a partir de alternativa vinculada a um plano de governo estruturado, como o Projeto Nacional de Desenvolvimento capitaneado por Ciro.<\/p>\n<p class=\"yiv0599680281MsoNormal\">\u201cEsse tema do congresso vai trazer para a gente, e mostrar para o povo, que o Brasil n\u00e3o pode discutir mais pessoas. Tem que discutir um caminho novo com personalidade, projeto, que seja nacional e vise aumentar, e com certeza melhorar, as condi\u00e7\u00f5es de emprego e trabalho no Brasil. Fazendo que a gente recupere a dignidade do brasileiro, que hoje \u00e9, em grande n\u00famero, desempregado e desalentado\u201d, comentou.<\/p>\n<p class=\"yiv0599680281MsoNormal\">\u201cCiro Gomes personaliza uma luta intensa em nome de um projeto, e n\u00e3o simplesmente em nome de uma vontade pessoal. O conhe\u00e7o muito bem e sei das suas inten\u00e7\u00f5es, por isso eu acredito e tomei essa bandeira do Projeto Nacional de Desenvolvimento tamb\u00e9m para mim\u201d, encerrou.<\/p>\n<p class=\"yiv0599680281MsoNormal\">Juliana Brizola, deputada estadual pedetista no Rio Grande do Sul, evidenciou o legado do sindicalismo na prote\u00e7\u00e3o dos interesses populares e na melhoria da qualidade de vida das fam\u00edlias brasileiras.<\/p>\n<p class=\"yiv0599680281MsoNormal\">\u201cA CSB \u00e9 um grande bra\u00e7o dos trabalhadores organizados. [&#8230;] Que voc\u00eas possam trazer alento para o nosso povo nesse momento t\u00e3o dif\u00edcil. S\u00f3 quando o trabalho age coletivamente ele tem for\u00e7a\u201d, refor\u00e7ou.<\/p>\n<\/div>\n<\/div>\n<\/div>\n<\/div>\n<!-- AddThis Advanced Settings generic via filter on the_content --><!-- AddThis Share Buttons generic via filter on the_content -->","protected":false},"excerpt":{"rendered":"<p>Terceiro Congresso da CSB reuniu representantes do PDT, que abordaram o resgate das conquistas trabalhistas A coloca\u00e7\u00e3o dos sindicatos como ferramenta essencial de prote\u00e7\u00e3o democr\u00e1tica e reconstru\u00e7\u00e3o do pa\u00eds foi destacada pelos presidente e vice-presidente nacionais do PDT, Carlos Lupi e Ciro Gomes, respectivamente, na abertura do 3\u00ba Congresso da Central dos Sindicatos Brasileiros (CSB)&#8230;.<!-- AddThis Advanced Settings generic via filter on wp_trim_excerpt --><!-- AddThis Share Buttons generic via filter on wp_trim_excerpt --><\/p>\n","protected":false},"author":17,"featured_media":79921,"comment_status":"closed","ping_status":"closed","sticky":false,"template":"","format":"standard","meta":{"_monsterinsights_skip_tracking":false,"_monsterinsights_sitenote_active":false,"_monsterinsights_sitenote_note":"","_monsterinsights_sitenote_category":0,"_uf_show_specific_survey":0,"_uf_disable_surveys":false,"footnotes":""},"categories":[1390,1401,976],"tags":[2621,196,220,5135,2313,5136,1537,687,2877],"class_list":["post-79920","post","type-post","status-publish","format-standard","has-post-thumbnail","hentry","category-editorias","category-nacional","category-noticias-em-destaque","tag-antonio-neto","tag-carlos-lupi","tag-ciro-gomes","tag-conquistas-trabalhistas","tag-csb","tag-historia-republicana-brasileira","tag-juliana-brizola","tag-palacio-do-planalto","tag-spc"],"acf":[],"_links":{"self":[{"href":"https:\/\/pdt-rj.org.br\/index.php\/wp-json\/wp\/v2\/posts\/79920","targetHints":{"allow":["GET"]}}],"collection":[{"href":"https:\/\/pdt-rj.org.br\/index.php\/wp-json\/wp\/v2\/posts"}],"about":[{"href":"https:\/\/pdt-rj.org.br\/index.php\/wp-json\/wp\/v2\/types\/post"}],"author":[{"embeddable":true,"href":"https:\/\/pdt-rj.org.br\/index.php\/wp-json\/wp\/v2\/users\/17"}],"replies":[{"embeddable":true,"href":"https:\/\/pdt-rj.org.br\/index.php\/wp-json\/wp\/v2\/comments?post=79920"}],"version-history":[{"count":1,"href":"https:\/\/pdt-rj.org.br\/index.php\/wp-json\/wp\/v2\/posts\/79920\/revisions"}],"predecessor-version":[{"id":79922,"href":"https:\/\/pdt-rj.org.br\/index.php\/wp-json\/wp\/v2\/posts\/79920\/revisions\/79922"}],"wp:featuredmedia":[{"embeddable":true,"href":"https:\/\/pdt-rj.org.br\/index.php\/wp-json\/wp\/v2\/media\/79921"}],"wp:attachment":[{"href":"https:\/\/pdt-rj.org.br\/index.php\/wp-json\/wp\/v2\/media?parent=79920"}],"wp:term":[{"taxonomy":"category","embeddable":true,"href":"https:\/\/pdt-rj.org.br\/index.php\/wp-json\/wp\/v2\/categories?post=79920"},{"taxonomy":"post_tag","embeddable":true,"href":"https:\/\/pdt-rj.org.br\/index.php\/wp-json\/wp\/v2\/tags?post=79920"}],"curies":[{"name":"wp","href":"https:\/\/api.w.org\/{rel}","templated":true}]}}