{"id":79891,"date":"2021-09-16T00:54:51","date_gmt":"2021-09-16T03:54:51","guid":{"rendered":"http:\/\/pdt-rj.org.br\/?p=79891"},"modified":"2021-09-16T12:55:46","modified_gmt":"2021-09-16T15:55:46","slug":"ditadura-bolsonaro-nunca-mais-diz-ciro-ao-exaltar-a-democracia","status":"publish","type":"post","link":"https:\/\/pdt-rj.org.br\/index.php\/ditadura-bolsonaro-nunca-mais-diz-ciro-ao-exaltar-a-democracia\/","title":{"rendered":"&#8220;Ditadura, Bolsonaro, nunca mais\u201d, diz Ciro ao exaltar a democracia"},"content":{"rendered":"<p class=\"yiv6006066577p1\"><em><strong><span class=\"yiv6006066577s1\">Pr\u00e9-candidato do PDT classificou o modelo como \u201cmaior conquista pol\u00edtica da humanidade\u201d<\/span><\/strong><\/em><\/p>\n<p class=\"yiv6006066577p2\"><span class=\"yiv6006066577s1\">\u201cDitadura, Bolsonaro, nunca mais\u201d, afirmou o pr\u00e9-candidato do PDT ao Pal\u00e1cio do Planalto nesta quarta-feira (15), Dia Internacional da Democracia. A declara\u00e7\u00e3o, confrontadora da amea\u00e7a golpista do presidente da Rep\u00fablica, Jair Bolsonaro, foi divulgada nas suas redes socais.<\/span><\/p>\n<p class=\"yiv6006066577p1\"><span class=\"yiv6006066577s1\">Segundo o ex-governador do Cear\u00e1, a import\u00e2ncia dos princ\u00edpios constitucionais s\u00e3o referendados em momentos simb\u00f3licos, que marcaram a hist\u00f3ria, inclusive, do Brasil.\u00a0<\/span><\/p>\n<p class=\"yiv6006066577p1\"><span class=\"yiv6006066577s1\">\u201cPara um democrata, todo dia \u00e9 dia da democracia. Todo minuto tamb\u00e9m. Ela \u00e9 o ar que respiramos. Mas \u00e9 bom ter datas comemorativas desta maior conquista pol\u00edtica da humanidade. Viva o Dia Internacional da Democracia\u201d, destacou.\u00a0<\/span><\/p>\n<p class=\"yiv6006066577p1\"><span class=\"yiv6006066577s1\">Ao citar os efeitos negativos do regime militar no pa\u00eds, que destituiu o presidente da Rep\u00fablica Jo\u00e3o Goulart em 1964, o pedetista mencionou um dos s\u00edmbolos da resist\u00eancia contra a manuten\u00e7\u00e3o do golpe de Estado.\u00a0<\/span><\/p>\n<p class=\"yiv6006066577p1\"><span class=\"yiv6006066577s1\">\u201cE viva, tamb\u00e9m, por antecipa\u00e7\u00e3o, nosso Dia da Democracia, o 25 de outubro. Ele assinala a morte horrenda de Vladimir Herzog, assassinado pela ditadura militar. Viva a Democracia!\u201d, encerrou o trabalhista.\u00a0<\/span><\/p>\n<div><\/div>\n<!-- AddThis Advanced Settings generic via filter on the_content --><!-- AddThis Share Buttons generic via filter on the_content -->","protected":false},"excerpt":{"rendered":"<p>Pr\u00e9-candidato do PDT classificou o modelo como \u201cmaior conquista pol\u00edtica da humanidade\u201d \u201cDitadura, Bolsonaro, nunca mais\u201d, afirmou o pr\u00e9-candidato do PDT ao Pal\u00e1cio do Planalto nesta quarta-feira (15), Dia Internacional da Democracia. A declara\u00e7\u00e3o, confrontadora da amea\u00e7a golpista do presidente da Rep\u00fablica, Jair Bolsonaro, foi divulgada nas suas redes socais. Segundo o ex-governador do Cear\u00e1,&#8230;<!-- AddThis Advanced Settings generic via filter on wp_trim_excerpt --><!-- AddThis Share Buttons generic via filter on wp_trim_excerpt --><\/p>\n","protected":false},"author":17,"featured_media":79892,"comment_status":"closed","ping_status":"closed","sticky":false,"template":"","format":"standard","meta":{"_monsterinsights_skip_tracking":false,"_monsterinsights_sitenote_active":false,"_monsterinsights_sitenote_note":"","_monsterinsights_sitenote_category":0,"_uf_show_specific_survey":0,"_uf_disable_surveys":false,"footnotes":""},"categories":[976],"tags":[201,220,5124,687,5125,5126],"class_list":["post-79891","post","type-post","status-publish","format-standard","has-post-thumbnail","hentry","category-noticias-em-destaque","tag-ceara","tag-ciro-gomes","tag-dia-da-democracia","tag-palacio-do-planalto","tag-viva-a-democracia","tag-vladimir-herzog"],"acf":[],"_links":{"self":[{"href":"https:\/\/pdt-rj.org.br\/index.php\/wp-json\/wp\/v2\/posts\/79891","targetHints":{"allow":["GET"]}}],"collection":[{"href":"https:\/\/pdt-rj.org.br\/index.php\/wp-json\/wp\/v2\/posts"}],"about":[{"href":"https:\/\/pdt-rj.org.br\/index.php\/wp-json\/wp\/v2\/types\/post"}],"author":[{"embeddable":true,"href":"https:\/\/pdt-rj.org.br\/index.php\/wp-json\/wp\/v2\/users\/17"}],"replies":[{"embeddable":true,"href":"https:\/\/pdt-rj.org.br\/index.php\/wp-json\/wp\/v2\/comments?post=79891"}],"version-history":[{"count":2,"href":"https:\/\/pdt-rj.org.br\/index.php\/wp-json\/wp\/v2\/posts\/79891\/revisions"}],"predecessor-version":[{"id":79895,"href":"https:\/\/pdt-rj.org.br\/index.php\/wp-json\/wp\/v2\/posts\/79891\/revisions\/79895"}],"wp:featuredmedia":[{"embeddable":true,"href":"https:\/\/pdt-rj.org.br\/index.php\/wp-json\/wp\/v2\/media\/79892"}],"wp:attachment":[{"href":"https:\/\/pdt-rj.org.br\/index.php\/wp-json\/wp\/v2\/media?parent=79891"}],"wp:term":[{"taxonomy":"category","embeddable":true,"href":"https:\/\/pdt-rj.org.br\/index.php\/wp-json\/wp\/v2\/categories?post=79891"},{"taxonomy":"post_tag","embeddable":true,"href":"https:\/\/pdt-rj.org.br\/index.php\/wp-json\/wp\/v2\/tags?post=79891"}],"curies":[{"name":"wp","href":"https:\/\/api.w.org\/{rel}","templated":true}]}}