{"id":79858,"date":"2021-09-14T14:11:17","date_gmt":"2021-09-14T17:11:17","guid":{"rendered":"http:\/\/pdt-rj.org.br\/?p=79858"},"modified":"2021-09-15T00:16:37","modified_gmt":"2021-09-15T03:16:37","slug":"japeri-rj-beneficia-mais-de-14-mil-alunos-com-kits-complementares-de-alimentacao","status":"publish","type":"post","link":"https:\/\/pdt-rj.org.br\/index.php\/japeri-rj-beneficia-mais-de-14-mil-alunos-com-kits-complementares-de-alimentacao\/","title":{"rendered":"Japeri (RJ) beneficia mais de 14 mil alunos com kits complementares de alimenta\u00e7\u00e3o"},"content":{"rendered":"<div dir=\"ltr\">\n<p><em><strong>Na \u00faltima semana, prefeita Dr\u00aa Fernanda Ontiveros fiscalizou as entregas nas no Centro e Vila Central<\/strong><\/em><\/p>\n<p class=\"yiv0296043762gmail-has-text-align-justify\">Com aulas suspensas por conta da pandemia da Covid-19, a prefeitura de Japeri (RJ), administrada pelo PDT, tem revertido os alimentos da merenda em kits complementares para os alunos da rede municipal. No total, a iniciativa j\u00e1 contemplou mais de 14 mil alunos das 30 escolas e quatro creches ao longo dos \u00faltimos meses.<\/p>\n<p class=\"yiv0296043762gmail-has-text-align-justify\">A prefeita, Dr\u00aa Fernanda Ontiveros, acompanhada de secret\u00e1rios, acompanhou as distribui\u00e7\u00f5es dos mantimentos, na \u00faltima sexta-feira (10), nas unidades Santos Dumont, no bairro Vila Central, e Ary Schiavo, no Centro.<\/p>\n<p class=\"yiv0296043762gmail-has-text-align-justify\">\u201cEstamos aqui fiscalizando a entrega dos kits para assegurar \u00e0 popula\u00e7\u00e3o que n\u00e3o h\u00e1 anormalidades. [&#8230;] Fa\u00e7o quest\u00e3o de refor\u00e7ar nosso compromisso com a popula\u00e7\u00e3o e, claramente, a qualidade dos produtos distribu\u00eddos.\u00a0Estamos trabalhando de forma s\u00e9ria, pois esses mantimentos ajudam centenas de fam\u00edlias da nossa cidade\u201d, frisou.<\/p>\n<p class=\"yiv0296043762gmail-has-text-align-justify\">De acordo com a secret\u00e1ria municipal de Educa\u00e7\u00e3o, professora Caroline Ontiveros, os kits complementares ser\u00e3o entregues at\u00e9 as aulas presenciais retornarem 100%.<\/p>\n<p class=\"yiv0296043762gmail-has-text-align-justify\">\u201cA gest\u00e3o municipal tem um compromisso com a popula\u00e7\u00e3o de continuar distribuindo os mantimentos at\u00e9 que todos os alunos retornem para as salas de aula, pois sabemos da import\u00e2ncia desses alimentos nas casas dos nossos alunos\u201d, destacou a gestora.<\/p>\n<p class=\"yiv0296043762gmail-has-text-align-justify\">O pedreiro Carlos Alberto, de 42 anos, foi um dos contemplados e agradeceu a prefeitura pela entrega dos itens aliment\u00edcios.<\/p>\n<p class=\"yiv0296043762gmail-has-text-align-justify\">\u201cN\u00e3o tenho o que reclamar sobre o kit. Assim como eu, muita gente \u00e9 ajudada por essa alimenta\u00e7\u00e3o que \u00e9 entregue\u201d, contou o morador do bairro Citr\u00f3polis.<\/p>\n<\/div>\n<!-- AddThis Advanced Settings generic via filter on the_content --><!-- AddThis Share Buttons generic via filter on the_content -->","protected":false},"excerpt":{"rendered":"<p>Na \u00faltima semana, prefeita Dr\u00aa Fernanda Ontiveros fiscalizou as entregas nas no Centro e Vila Central Com aulas suspensas por conta da pandemia da Covid-19, a prefeitura de Japeri (RJ), administrada pelo PDT, tem revertido os alimentos da merenda em kits complementares para os alunos da rede municipal. No total, a iniciativa j\u00e1 contemplou mais&#8230;<!-- AddThis Advanced Settings generic via filter on wp_trim_excerpt --><!-- AddThis Share Buttons generic via filter on wp_trim_excerpt --><\/p>\n","protected":false},"author":17,"featured_media":79859,"comment_status":"closed","ping_status":"closed","sticky":false,"template":"","format":"standard","meta":{"_monsterinsights_skip_tracking":false,"_monsterinsights_sitenote_active":false,"_monsterinsights_sitenote_note":"","_monsterinsights_sitenote_category":0,"_uf_show_specific_survey":0,"_uf_disable_surveys":false,"footnotes":""},"categories":[1390],"tags":[3348,5117,4251],"class_list":["post-79858","post","type-post","status-publish","format-standard","has-post-thumbnail","hentry","category-editorias","tag-covid-19","tag-dra-fernanda-ontiveros","tag-japeri-rj"],"acf":[],"_links":{"self":[{"href":"https:\/\/pdt-rj.org.br\/index.php\/wp-json\/wp\/v2\/posts\/79858","targetHints":{"allow":["GET"]}}],"collection":[{"href":"https:\/\/pdt-rj.org.br\/index.php\/wp-json\/wp\/v2\/posts"}],"about":[{"href":"https:\/\/pdt-rj.org.br\/index.php\/wp-json\/wp\/v2\/types\/post"}],"author":[{"embeddable":true,"href":"https:\/\/pdt-rj.org.br\/index.php\/wp-json\/wp\/v2\/users\/17"}],"replies":[{"embeddable":true,"href":"https:\/\/pdt-rj.org.br\/index.php\/wp-json\/wp\/v2\/comments?post=79858"}],"version-history":[{"count":2,"href":"https:\/\/pdt-rj.org.br\/index.php\/wp-json\/wp\/v2\/posts\/79858\/revisions"}],"predecessor-version":[{"id":79861,"href":"https:\/\/pdt-rj.org.br\/index.php\/wp-json\/wp\/v2\/posts\/79858\/revisions\/79861"}],"wp:featuredmedia":[{"embeddable":true,"href":"https:\/\/pdt-rj.org.br\/index.php\/wp-json\/wp\/v2\/media\/79859"}],"wp:attachment":[{"href":"https:\/\/pdt-rj.org.br\/index.php\/wp-json\/wp\/v2\/media?parent=79858"}],"wp:term":[{"taxonomy":"category","embeddable":true,"href":"https:\/\/pdt-rj.org.br\/index.php\/wp-json\/wp\/v2\/categories?post=79858"},{"taxonomy":"post_tag","embeddable":true,"href":"https:\/\/pdt-rj.org.br\/index.php\/wp-json\/wp\/v2\/tags?post=79858"}],"curies":[{"name":"wp","href":"https:\/\/api.w.org\/{rel}","templated":true}]}}