{"id":79832,"date":"2021-09-13T21:43:36","date_gmt":"2021-09-14T00:43:36","guid":{"rendered":"http:\/\/pdt-rj.org.br\/?p=79832"},"modified":"2022-04-18T15:56:34","modified_gmt":"2022-04-18T18:56:34","slug":"carlos-lupi-busca-frente-ampla-para-afastar-bolsonaro-democraticamente","status":"publish","type":"post","link":"https:\/\/pdt-rj.org.br\/index.php\/carlos-lupi-busca-frente-ampla-para-afastar-bolsonaro-democraticamente\/","title":{"rendered":"Carlos Lupi busca frente ampla para afastar Bolsonaro democraticamente"},"content":{"rendered":"<div class=\"I_52qC D_FY W_6D6F\" data-test-id=\"message-view-body\">\n<div class=\"msg-body P_wpofO mq_AS\" data-test-id=\"message-view-body-content\">\n<div class=\"jb_0 X_6MGW N_6Fd5\">\n<div id=\"yiv9510823479\">\n<div dir=\"ltr\">\n<p class=\"yiv9510823479MsoNormal\"><em><b>Para o presidente do PDT, coes\u00e3o de partidos e movimentos sociais fortalecer\u00e1 engajamento da sociedade<\/b><\/em><\/p>\n<p class=\"yiv9510823479MsoNormal\">O presidente nacional do PDT, Carlos Lupi, tem priorizado a constru\u00e7\u00e3o de uma frente ampla para viabilizar o afastamento democr\u00e1tico do presidente da Rep\u00fablica, Jair Bolsonaro.<\/p>\n<p class=\"yiv9510823479MsoNormal\">\u201cDe um lado os democratas, do outro os autorit\u00e1rios querem o fascismo\u201d, disse o pedetista ao abordar sa\u00eddas\u00a0para o impeachment em\u00a0<a href=\"https:\/\/www.youtube.com\/watch?v=Q1bgK35r4Nk\" target=\"_blank\" rel=\"nofollow noopener noreferrer\">entrevista<\/a>\u00a0para o UOL, nesta segunda-feira (13), ao lado do presidente nacional do Cidadania, Roberto Freire.<\/p>\n<p class=\"yiv9510823479MsoNormal\">Em um paralelo com as \u201cDiretas J\u00e1\u201d, de 1989, que estimulou a retomada do voto direto para presidente da Rep\u00fablica ap\u00f3s d\u00e9cadas de ditadura militar, Lupi projetou o engajamento coeso e crescente de diversos setores da sociedade e o deslocamento das discuss\u00f5es eleitorais para o pr\u00f3ximo ano.<\/p>\n<p class=\"yiv9510823479MsoNormal\">\u201cNosso papel \u00e9 reconstruir essa frente [&#8230;] Vamos deixar 2022 para discutir l\u00e1 na frente. Se a gente n\u00e3o tiver coes\u00e3o, daqui a pouco n\u00e3o tem elei\u00e7\u00e3o com esse fac\u00ednora no poder, que quer destituir um poder constitu\u00eddo, o Supremo Tribunal Federal, uns dos pilares da democracia\u201d, opinou, resgatando a pluralidade formalizada pelas for\u00e7as democr\u00e1ticas, incluindo o presidente de honra do PDT, Leonel Brizola.<\/p>\n<p class=\"yiv9510823479MsoNormal\">\u201c\u00c9 hora do Brasil, de ter patriotismo. O que est\u00e1 em risco \u00e9 a democracia da p\u00e1tria brasileira. \u00c9 muito s\u00e9rio para a gente ficar brincando ou brigando. Agora \u00e9 hora de seriedade, organiza\u00e7\u00e3o, mobiliza\u00e7\u00e3o e de fazer o enfrentamento da sociedade civil contra esse aprendiz de ditador\u201d, acrescentou.<\/p>\n<p class=\"yiv9510823479MsoNormal\">Perante as manifesta\u00e7\u00f5es plurais de domingo (12), o pedetista avaliou que \u201ctoda manifesta\u00e7\u00e3o popular, espont\u00e2nea e livre\u201d progride ao longo do tempo e ser\u00e1 catalisada pelos efeitos da crise econ\u00f4mica, traduzida no desemprego, infla\u00e7\u00e3o e aumento de pre\u00e7os.<\/p>\n<p class=\"yiv9510823479MsoNormal\">\u201cEla vai crescendo aos poucos. O resultado foi satisfat\u00f3rio, sem nenhuma briga, atrito ou viol\u00eancia. E uma boa parcela da sociedade viu e come\u00e7ou a se mobilizar por isso\u201d, ressaltou.<\/p>\n<p class=\"yiv9510823479MsoNormal\">\u201c\u00c9 diferente de um cara que est\u00e1 na presid\u00eancia da Rep\u00fablica com uma m\u00e1quina poderosa de fake news, importada dos Estados Unidos e que o alimenta permanentemente\u201d, condenou Lupi, vinculando a interfer\u00eancia da equipe do ex-presidente norte-americano Donald Trump desde 2018.<\/p>\n<p class=\"yiv9510823479MsoNormal\"><b>Di\u00e1logo<\/b><\/p>\n<p class=\"yiv9510823479MsoNormal\">Ao citar a realiza\u00e7\u00e3o de novo encontro com partidos do campo democr\u00e1tico nesta quarta-feira (15), Lupi tamb\u00e9m almeja a integra\u00e7\u00e3o de mais representa\u00e7\u00f5es pol\u00edticas, independente do campo ideol\u00f3gico. Entre as pautas do grupo que j\u00e1 conta, al\u00e9m do PDT, com o apoio de siglas como PSB, Cidadania, Rede, PCdoB, PV e Solidariedade, a organiza\u00e7\u00e3o dos pr\u00f3ximos atos em outubro e novembro deste ano.<\/p>\n<p class=\"yiv9510823479MsoNormal\">\u201c\u00c9 claro que tanto o PT, quanto o PSOL, tinham reserva porque o in\u00edcio da convoca\u00e7\u00e3o [do MBL] falava \u2018nem Lula, nem Bolsonaro\u2019. A nossa inten\u00e7\u00e3o \u00e9 fazer um \u2018Fora Bolsonaro\u2019, um impeachment do Bolsonaro\u201d, ratificou, mostrando a mudan\u00e7a do perfil dos protestos diante da escalada golpista do ocupante do Pal\u00e1cio do Planalto.<\/p>\n<p class=\"yiv9510823479MsoNormal\">\u201cCom essa performance que n\u00f3s queremos dar, n\u00f3s n\u00e3o podemos ser contra ningu\u00e9m. Temos que ser contra o Bolsonaro. Esse \u00e9 o nosso inimigo agora, o advers\u00e1rio da democracia, da sociedade\u201d, complementou, citando a abertura para lideran\u00e7as como Lula e Fernando Henrique Cardoso.<\/p>\n<p class=\"yiv9510823479MsoNormal\"><b>Conduta<\/b><\/p>\n<p class=\"yiv9510823479MsoNormal\">Na an\u00e1lise da carta &#8216;Declara\u00e7\u00e3o \u00e0 Na\u00e7\u00e3o&#8217;, que foi divulgada por Bolsonaro, mas escrita pelo ex-presidente Michel Temer, Lupi foi enf\u00e1tico ao garantir que os crimes praticados n\u00e3o ser\u00e3o abonados por meio de promessas e retrata\u00e7\u00f5es.<\/p>\n<p class=\"yiv9510823479MsoNormal\">\u201cToda hora \u00e9 uma amea\u00e7a. N\u00e3o adianta fazer uma \u2018cartinha\u2019 porque isso n\u00e3o faz prescrever os crimes cometidos. Ele tem mais de 120 processos de impeachment contra ele\u201d, destacou, mostrando ainda a responsabilidade do governo federal pelo descontrole da pandemia da Covid-19.<\/p>\n<p class=\"yiv9510823479MsoNormal\">\u201cBolsonaro \u00e9 o pior presidente da hist\u00f3ria da Rep\u00fablica brasileira. Al\u00e9m de exterminar a esperan\u00e7a e a sa\u00fade do povo brasileiro, onde \u00e9 correspons\u00e1vel por quase 600 mil mortos, ele tamb\u00e9m pode destruir as futuras gera\u00e7\u00f5es. \u00c9 muito grave\u201d, concluiu o pedetista, que pede, reiteradamente, a pris\u00e3o do controlador da Uni\u00e3o.<\/p>\n<\/div>\n<\/div>\n<\/div>\n<\/div>\n<\/div>\n<!-- AddThis Advanced Settings generic via filter on the_content --><!-- AddThis Share Buttons generic via filter on the_content -->","protected":false},"excerpt":{"rendered":"<p>Para o presidente do PDT, coes\u00e3o de partidos e movimentos sociais fortalecer\u00e1 engajamento da sociedade O presidente nacional do PDT, Carlos Lupi, tem priorizado a constru\u00e7\u00e3o de uma frente ampla para viabilizar o afastamento democr\u00e1tico do presidente da Rep\u00fablica, Jair Bolsonaro. \u201cDe um lado os democratas, do outro os autorit\u00e1rios querem o fascismo\u201d, disse o&#8230;<!-- AddThis Advanced Settings generic via filter on wp_trim_excerpt --><!-- AddThis Share Buttons generic via filter on wp_trim_excerpt --><\/p>\n","protected":false},"author":17,"featured_media":79833,"comment_status":"closed","ping_status":"closed","sticky":false,"template":"","format":"standard","meta":{"_monsterinsights_skip_tracking":false,"_monsterinsights_sitenote_active":false,"_monsterinsights_sitenote_note":"","_monsterinsights_sitenote_category":0,"_uf_show_specific_survey":0,"_uf_disable_surveys":false,"footnotes":""},"categories":[1390,5417,1401],"tags":[196,3348,5137],"class_list":["post-79832","post","type-post","status-publish","format-standard","has-post-thumbnail","hentry","category-editorias","category-carlos-lupi","category-nacional","tag-carlos-lupi","tag-covid-19","tag-declaracao-a-nacao"],"acf":[],"_links":{"self":[{"href":"https:\/\/pdt-rj.org.br\/index.php\/wp-json\/wp\/v2\/posts\/79832","targetHints":{"allow":["GET"]}}],"collection":[{"href":"https:\/\/pdt-rj.org.br\/index.php\/wp-json\/wp\/v2\/posts"}],"about":[{"href":"https:\/\/pdt-rj.org.br\/index.php\/wp-json\/wp\/v2\/types\/post"}],"author":[{"embeddable":true,"href":"https:\/\/pdt-rj.org.br\/index.php\/wp-json\/wp\/v2\/users\/17"}],"replies":[{"embeddable":true,"href":"https:\/\/pdt-rj.org.br\/index.php\/wp-json\/wp\/v2\/comments?post=79832"}],"version-history":[{"count":3,"href":"https:\/\/pdt-rj.org.br\/index.php\/wp-json\/wp\/v2\/posts\/79832\/revisions"}],"predecessor-version":[{"id":79927,"href":"https:\/\/pdt-rj.org.br\/index.php\/wp-json\/wp\/v2\/posts\/79832\/revisions\/79927"}],"wp:featuredmedia":[{"embeddable":true,"href":"https:\/\/pdt-rj.org.br\/index.php\/wp-json\/wp\/v2\/media\/79833"}],"wp:attachment":[{"href":"https:\/\/pdt-rj.org.br\/index.php\/wp-json\/wp\/v2\/media?parent=79832"}],"wp:term":[{"taxonomy":"category","embeddable":true,"href":"https:\/\/pdt-rj.org.br\/index.php\/wp-json\/wp\/v2\/categories?post=79832"},{"taxonomy":"post_tag","embeddable":true,"href":"https:\/\/pdt-rj.org.br\/index.php\/wp-json\/wp\/v2\/tags?post=79832"}],"curies":[{"name":"wp","href":"https:\/\/api.w.org\/{rel}","templated":true}]}}