{"id":79821,"date":"2021-09-13T16:27:27","date_gmt":"2021-09-13T19:27:27","guid":{"rendered":"http:\/\/pdt-rj.org.br\/?p=79821"},"modified":"2021-09-17T13:39:03","modified_gmt":"2021-09-17T16:39:03","slug":"ciro-na-avenida-paulista-so-a-uniao-dos-diferentes-sera-capaz-de-barrar-o-golpismo-do-tiranete","status":"publish","type":"post","link":"https:\/\/pdt-rj.org.br\/index.php\/ciro-na-avenida-paulista-so-a-uniao-dos-diferentes-sera-capaz-de-barrar-o-golpismo-do-tiranete\/","title":{"rendered":"Ciro na Avenida Paulista: \u2018S\u00f3 a uni\u00e3o dos diferentes ser\u00e1 capaz de barrar o golpismo do tiranete\u2019"},"content":{"rendered":"<p><strong><em>Em ato contra Bolsonaro, presidenci\u00e1vel afirma que para proteger a Democracia no Brasil \u00e9 preciso reuni\u00e3o de for\u00e7as<\/em><\/strong><\/p>\n<p>Em discurso proferido na Avenina Paulita, em S\u00e3o Paulo (SP), nese domingo (12), o pr\u00e9-candidato \u00e0 Presid\u00eancia da Rep\u00fablica pelo PDT, Ciro Gomes, defendeu uni\u00e3o contra o presidente da Rep\u00fablica, Jair Bolsonaro (sem partido), a quem ele chamou de \u2018traidor da na\u00e7\u00e3o brasileira e de seus soldados feridos\u2019.<\/p>\n<p>\u201cN\u00f3s somos diferentes, temos hist\u00f3rias diferentes, temos caminhadas diferentes, temos olhar sobre o futuro do Pa\u00eds provavelmente diferentes; mas o que nos re\u00fane \u00e9 o que deve reunir toda na\u00e7\u00e3o civicamente sadia: \u00e9 a amea\u00e7a da morte da democracia e do poder da na\u00e7\u00e3o brasileira conquistados com todo o sacrif\u00edcio. Portanto, contem comigo\u201d, afirmou o pedetista falando \u00e0 multid\u00e3o no ato puxado pelo MBL.<\/p>\n<p>Em ataque direto a Bolsonaro, disse que ele \u201cagora n\u00e3o \u00e9 s\u00f3 um traidor da Na\u00e7\u00e3o brasileira, ele \u00e9 um traidor dos seus soldados feridos, que abandonou na luta para fazer um conchavo vergonhoso, humilhante, frouxo e covarde. N\u00f3s estamos come\u00e7ando hoje, mas isso \u00e9 s\u00f3 o come\u00e7o. Aqui, na Paulista, o povo est\u00e1 levantando sua mais poderosa espada, que \u00e9 a espada da uni\u00e3o\u201d, afirmou o ex-governador do Cear\u00e1.<\/p>\n<p>No r\u00e1pido discurso de pouco mais de quatro minutos, para \u2018n\u00e3o cansar os\u00a0 p\u00fablico presente\u2019, Ciro Gomes falou \u00e0s fam\u00edlias de v\u00edtimas fatais da Covid-19, aos desempregados e aos \u201cbrasileiros que vivem na mais prec\u00e1ria condi\u00e7\u00e3o de trabalho\u201d.<\/p>\n<p>\u201cUma palavra \u00e0queles a quem todos os dias n\u00f3s dever\u00edamos voltar as nossas preocupa\u00e7\u00f5es, se n\u00e3o tivermos trocado o cora\u00e7\u00e3o por uma pedra. \u00c0s quase 600 mil fam\u00edlias enlutadas pela Covid e pela irresponsabilidade genocida e um tal presidente e de uma p\u00e9ssima equipe, aos quase 15 milh\u00f5es de pessoas que amanhecer\u00e3o desempregadas amanh\u00e3, aos 6 milh\u00f5es de brasileiros que desistiram de buscar emprego, aos quase 40 milh\u00f5es de brasileiros que vivem na mais prec\u00e1ria condi\u00e7\u00e3o de trabalho, sem nenhum direito; nem sal\u00e1rio m\u00ednimo, nem f\u00e9rias, nem a prote\u00e7\u00e3o da velhice quando chegar a doen\u00e7a e a idade: essa \u00e9 a minha raz\u00e3o moral superior de amar o brasil e correr qualquer risco e assumir qualquer contradi\u00e7\u00e3o para defender o povo trabalhador brasileiro\u201d, afirmou Ciro.<\/p>\n<p>Ciro defendeu a alian\u00e7a de todas as for\u00e7as pol\u00edticas a favor da Democracia e agradeceu ao convite para participar do ato \u201ce de me juntar a tanta gente que aposta na liberdade e no direito do povo de se organizar e apostar no futuro \u2013 e n\u00e3o ser substitu\u00eddo pelo projeto de um tiranete\u00a0 que n\u00e3o s\u00f3 \u00e9 traidor da Na\u00e7\u00e3o, como tamb\u00e9m de seus seguidores\u201d.<\/p>\n<p>Reiterou que o ato era apenas um come\u00e7o:<\/p>\n<p>\u201cEstamos come\u00e7ando hoje uma caminhada aqui na Paulista levantando a espada do povo contra a ditadura. O meu respeito a cada um e cada uma de voc\u00eas\u201d. Por fim, o pedetista puxou o grito de Fora Bolsonaro, imediatamente acompanhado pela multid\u00e3o.<\/p>\n<p>A\u00a0 \u00edntegra da fala de Ciro Gomes:<\/p>\n<p>J\u00e1 o governador Doria, outro orador, \u00a0falou das quest\u00f5es econ\u00f4micas. Para ele, \u00e9 dif\u00edcil que o Brasil volte a ter um n\u00edvel aceit\u00e1vel de investimentos com Bolsonaro no poder. \u201cSomos um pa\u00eds isolado atualmente. O Brasil perdeu seus principais aliados \u2013 a China, a Argentina, a Alemanha e os Estados Unidos \u2013 com Bolsonaro agredindo dirigentes p\u00fablicos, em vez de agregar\u201d.<\/p>\n<p>Na opini\u00e3o de Doria, \u201ccom impeachment ou sem impeachment\u201d, o Brasil precisa caminhar pela Democracia. \u201cSe o Bolsonaro n\u00e3o sofrer o impeachment, ele ir\u00e1 ser derrotado nas elei\u00e7\u00f5es de 2022\u201d, frisou, dizendo ainda que \u201cficar\u00e1 no PSDB quem for contr\u00e1rio ao presidente\u201d.<\/p>\n<p>O ex-ministro Mandetta, \u00a0outro orador do ato, citou o fato de ter alertado o presidente sobre a gravidade da pandemia de Covid-19, assim que a doen\u00e7a chegou ao Brasil. Segundo ele, Bolsonaro teria respondido: \u201cS\u00f3 vai morrer quem tem que morrer\u201d.<\/p>\n<p>&nbsp;<\/p>\n<p>https:\/\/www.facebook.com\/cirogomesoficial\/videos\/3068666393365827\/<\/p>\n<!-- AddThis Advanced Settings generic via filter on the_content --><!-- AddThis Share Buttons generic via filter on the_content -->","protected":false},"excerpt":{"rendered":"<p>Em ato contra Bolsonaro, presidenci\u00e1vel afirma que para proteger a Democracia no Brasil \u00e9 preciso reuni\u00e3o de for\u00e7as Em discurso proferido na Avenina Paulita, em S\u00e3o Paulo (SP), nese domingo (12), o pr\u00e9-candidato \u00e0 Presid\u00eancia da Rep\u00fablica pelo PDT, Ciro Gomes, defendeu uni\u00e3o contra o presidente da Rep\u00fablica, Jair Bolsonaro (sem partido), a quem ele&#8230;<!-- AddThis Advanced Settings generic via filter on wp_trim_excerpt --><!-- AddThis Share Buttons generic via filter on wp_trim_excerpt --><\/p>\n","protected":false},"author":17,"featured_media":79822,"comment_status":"closed","ping_status":"closed","sticky":false,"template":"","format":"standard","meta":{"_monsterinsights_skip_tracking":false,"_monsterinsights_sitenote_active":false,"_monsterinsights_sitenote_note":"","_monsterinsights_sitenote_category":0,"_uf_show_specific_survey":0,"_uf_disable_surveys":false,"footnotes":""},"categories":[1390,1401,976],"tags":[22,220,287,4952],"class_list":["post-79821","post","type-post","status-publish","format-standard","has-post-thumbnail","hentry","category-editorias","category-nacional","category-noticias-em-destaque","tag-brasil","tag-ciro-gomes","tag-democracia","tag-fora-bolsonaro"],"acf":[],"_links":{"self":[{"href":"https:\/\/pdt-rj.org.br\/index.php\/wp-json\/wp\/v2\/posts\/79821","targetHints":{"allow":["GET"]}}],"collection":[{"href":"https:\/\/pdt-rj.org.br\/index.php\/wp-json\/wp\/v2\/posts"}],"about":[{"href":"https:\/\/pdt-rj.org.br\/index.php\/wp-json\/wp\/v2\/types\/post"}],"author":[{"embeddable":true,"href":"https:\/\/pdt-rj.org.br\/index.php\/wp-json\/wp\/v2\/users\/17"}],"replies":[{"embeddable":true,"href":"https:\/\/pdt-rj.org.br\/index.php\/wp-json\/wp\/v2\/comments?post=79821"}],"version-history":[{"count":9,"href":"https:\/\/pdt-rj.org.br\/index.php\/wp-json\/wp\/v2\/posts\/79821\/revisions"}],"predecessor-version":[{"id":79831,"href":"https:\/\/pdt-rj.org.br\/index.php\/wp-json\/wp\/v2\/posts\/79821\/revisions\/79831"}],"wp:featuredmedia":[{"embeddable":true,"href":"https:\/\/pdt-rj.org.br\/index.php\/wp-json\/wp\/v2\/media\/79822"}],"wp:attachment":[{"href":"https:\/\/pdt-rj.org.br\/index.php\/wp-json\/wp\/v2\/media?parent=79821"}],"wp:term":[{"taxonomy":"category","embeddable":true,"href":"https:\/\/pdt-rj.org.br\/index.php\/wp-json\/wp\/v2\/categories?post=79821"},{"taxonomy":"post_tag","embeddable":true,"href":"https:\/\/pdt-rj.org.br\/index.php\/wp-json\/wp\/v2\/tags?post=79821"}],"curies":[{"name":"wp","href":"https:\/\/api.w.org\/{rel}","templated":true}]}}