{"id":79789,"date":"2021-09-10T15:23:36","date_gmt":"2021-09-10T18:23:36","guid":{"rendered":"http:\/\/pdt-rj.org.br\/?p=79789"},"modified":"2022-04-18T16:06:53","modified_gmt":"2022-04-18T19:06:53","slug":"ciro-gomes-meu-candidato-no-rio-de-janeiro-chama-se-rodrigo-neves","status":"publish","type":"post","link":"https:\/\/pdt-rj.org.br\/index.php\/ciro-gomes-meu-candidato-no-rio-de-janeiro-chama-se-rodrigo-neves\/","title":{"rendered":"Ciro Gomes: \u201cMeu candidato no Rio de Janeiro chama-se Rodrigo Neves\u201d"},"content":{"rendered":"<div class=\"msg-body P_wpofO mq_AS\" data-test-id=\"message-view-body-content\">\n<div class=\"jb_0 X_6MGW N_6Fd5\">\n<div id=\"yiv6205377518\">\n<div dir=\"ltr\">\n<p class=\"yiv6205377518MsoNormal\"><em><b>Sucesso da gest\u00e3o do PDT, em Niter\u00f3i, pode ser replicado em todo o estado com a\u00e7\u00f5es articuladas<\/b><\/em><\/p>\n<p class=\"yiv6205377518gmail-MsoNoSpacing\">O pr\u00e9-candidato a presidente da Rep\u00fablica pelo PDT, Ciro Gomes, anunciou que j\u00e1 tem op\u00e7\u00e3o na disputa, em 2022, para o governo do estado do Rio de Janeiro: Rodrigo Neves (PDT), ex-prefeito de Niter\u00f3i (RJ). Na\u00a0<a href=\"https:\/\/www.facebook.com\/folhafm98\/videos\/972619609973198\/\" target=\"_blank\" rel=\"nofollow noopener noreferrer\">entrevista<\/a>\u00a0para a r\u00e1dio Folha FM 98,3 de Campos dos Goytacazes (RJ), nesta sexta-feira (10), o ex-governador do Cear\u00e1 destacou o sucesso da gest\u00e3o do PDT na cidade fluminense, que pode ser replicado em todo o estado com a\u00e7\u00f5es articuladas com a Uni\u00e3o.<\/p>\n<p class=\"yiv6205377518gmail-MsoNoSpacing\">\u201cVou ajudar o PDT a crescer como ferramenta de transforma\u00e7\u00e3o do Brasil. Portanto, o meu candidato no Rio de Janeiro chama-se Rodrigo Neves\u201d, garantiu.<\/p>\n<p class=\"yiv6205377518MsoNormal\">Na justificativa, o pedetista detalhou o compromisso do trabalhista com o progresso econ\u00f4mico socialmente respons\u00e1vel, fato reconhecido pela popula\u00e7\u00e3o nas suas duas recentes gest\u00f5es, entre 2013 e 2020, e chancelado na vit\u00f3ria, ainda no primeiro turno, do seu sucessor Axel Grael (PDT).<\/p>\n<p class=\"yiv6205377518MsoNormal\">\u201cEle traz experi\u00eancia concreta, de extraordin\u00e1rio \u00eaxito em pol\u00edticas p\u00fablicas pr\u00e1ticas. \u00c9 s\u00f3 olhar o que ele fez em Niter\u00f3i na sa\u00fade, educa\u00e7\u00e3o, infraestrutura e seguran\u00e7a p\u00fablica\u201d, pontuou, associando o aprimoramento do seu Projeto Nacional de Desenvolvimento (PND) ao plano de governo de Neves, o \u201cEstado do Rio que queremos\u201d.<\/p>\n<p class=\"yiv6205377518MsoNormal\">\u201c\u00c9 sinal de que o trabalhismo est\u00e1 come\u00e7ando a se enraizar de volta naquilo que \u00e9 o estado que deu a Leonel Brizola, o nosso companheiro e amigo fundador do PDT, duas extraordin\u00e1rias governan\u00e7as\u201d, acrescentou.<\/p>\n<p class=\"yiv6205377518MsoNormal\"><b>Diferen\u00e7a<\/b><\/p>\n<p class=\"yiv6205377518MsoNormal\">Dependente dos royalties do petr\u00f3leo, a cidade de Campos sofre as consequ\u00eancias, segundo Ciro, da falta de um planejamento estrat\u00e9gico, que gera um colapso c\u00edclico a partir da pol\u00edtica. Em compara\u00e7\u00e3o, menciona novamente Niter\u00f3i, que seguiu o caminho oposto.<\/p>\n<p class=\"yiv6205377518MsoNormal\">\u201cCom a mesma base de recurso, em vez de gastar por conta, [Niter\u00f3i] tem uma estrat\u00e9gica de fazer um fundo. E, necessariamente, diversificar o perfil econ\u00f4mico\u201d, salientou, na exposi\u00e7\u00e3o do sequenciado modelo h\u00e1 mais de duas d\u00e9cadas.<\/p>\n<p class=\"yiv6205377518MsoNormal\">\u201cIsso n\u00e3o cai do c\u00e9u. Tem que ser ordenado num Projeto Nacional de Desenvolvimento, que eu obsessivamente tenho tentado pedir ao povo para prestar a aten\u00e7\u00e3o\u201d, completou.<\/p>\n<p class=\"yiv6205377518MsoNormal\"><b>Obst\u00e1culos<\/b><\/p>\n<p class=\"yiv6205377518MsoNormal\">Ao falar da deteriora\u00e7\u00e3o econ\u00f4mica, Ciro fez um alerta sobre a gravidade das consequ\u00eancias geradas pelo governo federal, traduzidas nos piores indicadores da hist\u00f3ria do pa\u00eds. Como exemplos principais, o risco de apag\u00e3o el\u00e9trico e o descontrole inflacion\u00e1rio acelerado pelo aumento de pre\u00e7os e estagna\u00e7\u00e3o do mercado produtivo.<\/p>\n<p class=\"yiv6205377518MsoNormal\">\u201cA infla\u00e7\u00e3o brasileira do atacado passa de 32%. Ela mexe com as tarifas de energia e o aluguel do povo\u201d, comentou o ex-ministro da Fazenda, que foi um dos idealizadores do Plano Real, na inclus\u00e3o do impacto da desindustrializa\u00e7\u00e3o e da inoper\u00e2ncia no combate \u00e0 pandemia na perda de renda e expans\u00e3o da pobreza.<\/p>\n<p class=\"yiv6205377518MsoNormal\">\u201c58 mil homic\u00eddios nos \u00faltimos 12 meses, 15 milh\u00f5es de desempregados, 6 milh\u00f5es de pessoas desistiram de procurar emprego e 63 milh\u00f5es humilhados no SPC\u201d, listou, complementarmente, para criticar o ministro da Economia, Paulo Guedes.<\/p>\n<p class=\"yiv6205377518MsoNormal\">Enfatizando as pol\u00edticas estrat\u00e9gica e de pre\u00e7os da Petrobras, que tem influ\u00eancia direta na crise estrutural do estado e dos munic\u00edpios fluminenses, o pedetista as tamb\u00e9m classificou como criminosas. Essa percep\u00e7\u00e3o, no dia a dia, surge nos aumentos do g\u00e1s e dos combust\u00edveis, que s\u00e3o utilizados como artif\u00edcio para protestos pol\u00edticos de uma parte dos caminhoneiros e de empresas de transporte.<\/p>\n<p class=\"yiv6205377518MsoNormal\">\u201cO lucro distribu\u00eddo para os ricos foi de 3.572% acima do mesmo per\u00edodo do ano passado. [&#8230;] Para uma empresa que est\u00e1 endividada, esse lucro deveria ter ido para abater d\u00edvida e distribu\u00edram \u00e0s pressas, sem pagamento de tributos\u201d, denunciou.<\/p>\n<p class=\"yiv6205377518MsoNormal\"><b>Impeachment<\/b><\/p>\n<p class=\"yiv6205377518MsoNormal\">Perante a s\u00e9rie de crimes de responsabilidade e possibilidade iminente de rompimento democr\u00e1tico, Ciro reiterou a urg\u00eancia do impeachment para restabelecer a paz e o progresso no Rio de Janeiro e no Brasil.<\/p>\n<p class=\"yiv6205377518MsoNormal\">\u201cTemos na presid\u00eancia da Rep\u00fablica o chefe da baderna e do caos social e econ\u00f4mico\u201d, apontou,\u00a0ao confirmar a participa\u00e7\u00e3o, em conjunto com o partido, nos protestos do pr\u00f3ximo domingo (12). Ele estar\u00e1 presente na Avenida Paulista, no Centro da capital paulista.<\/p>\n<p class=\"yiv6205377518MsoNormal\">\u201cBolsonaro \u00e9 um criminoso que tem que ser afastado. Ele percebeu esse fracasso. [&#8230;] Como covarde, abandona seus feridos no campo de batalha. Esse \u00e9 o pior tipo\u201d, avaliou.<\/p>\n<p class=\"yiv6205377518MsoNormal\">Com indicativos do desespero bolsonarista, Ciro mostrou que o presidente \u201ctraidor\u201d busca alternativas para fugir da realidade, conforme transparecido na carta &#8216;Declara\u00e7\u00e3o \u00e0 Na\u00e7\u00e3o&#8217;, escrita pelo ex-presidente Michel Temer e divulgada pelo Pal\u00e1cio do Planalto nesta quinta-feira (9).<\/p>\n<p class=\"yiv6205377518MsoNormal\">\u201cO recuo do Bolsonaro \u00e9 uma c\u00e9dula de 3 reais. \u00c9 um covarde. Ele viu a democracia reagir com a dureza necess\u00e1ria e que se armou sobre ele, inclusive, o isolamento pol\u00edtico, em que os estafetas deles, no Congresso Nacional, ficaram sem argumento, porque quase todos eles tamb\u00e9m devem contas ao Supremo Tribunal Federal\u201d, disse, em interliga\u00e7\u00e3o com os atos de 7 de Setembro.<\/p>\n<p class=\"yiv6205377518MsoNormal\">\u201cAquilo [declara\u00e7\u00f5es] n\u00e3o foi um erro do calor do momento, como covardemente anunciou ontem, assinando uma carta escrita pelo outro grande corrupto da vida brasileira, Michel Temer\u201d, exp\u00f4s, ap\u00f3s o fracasso da tentativa articulada de golpe.<\/p>\n<\/div>\n<\/div>\n<\/div>\n<\/div>\n<!-- AddThis Advanced Settings generic via filter on the_content --><!-- AddThis Share Buttons generic via filter on the_content -->","protected":false},"excerpt":{"rendered":"<p>Sucesso da gest\u00e3o do PDT, em Niter\u00f3i, pode ser replicado em todo o estado com a\u00e7\u00f5es articuladas O pr\u00e9-candidato a presidente da Rep\u00fablica pelo PDT, Ciro Gomes, anunciou que j\u00e1 tem op\u00e7\u00e3o na disputa, em 2022, para o governo do estado do Rio de Janeiro: Rodrigo Neves (PDT), ex-prefeito de Niter\u00f3i (RJ). Na\u00a0entrevista\u00a0para a r\u00e1dio&#8230;<!-- AddThis Advanced Settings generic via filter on wp_trim_excerpt --><!-- AddThis Share Buttons generic via filter on wp_trim_excerpt --><\/p>\n","protected":false},"author":17,"featured_media":79803,"comment_status":"closed","ping_status":"closed","sticky":false,"template":"","format":"standard","meta":{"_monsterinsights_skip_tracking":false,"_monsterinsights_sitenote_active":false,"_monsterinsights_sitenote_note":"","_monsterinsights_sitenote_category":0,"_uf_show_specific_survey":0,"_uf_disable_surveys":false,"footnotes":""},"categories":[1390,5416,5414,1401,5415],"tags":[4025,4146,220,332,565,2463,3969,1541,3169,2877],"class_list":["post-79789","post","type-post","status-publish","format-standard","has-post-thumbnail","hentry","category-editorias","category-ciro-gomes","category-estado","category-nacional","category-rodrigo-neves","tag-axel-grael","tag-campos-dos-goytacazes-rj","tag-ciro-gomes","tag-economia","tag-leonel-brizola","tag-niteroi-rj","tag-pnd","tag-projeto-nacional-de-desenvolvimento","tag-rodrigo-neves","tag-spc"],"acf":[],"_links":{"self":[{"href":"https:\/\/pdt-rj.org.br\/index.php\/wp-json\/wp\/v2\/posts\/79789","targetHints":{"allow":["GET"]}}],"collection":[{"href":"https:\/\/pdt-rj.org.br\/index.php\/wp-json\/wp\/v2\/posts"}],"about":[{"href":"https:\/\/pdt-rj.org.br\/index.php\/wp-json\/wp\/v2\/types\/post"}],"author":[{"embeddable":true,"href":"https:\/\/pdt-rj.org.br\/index.php\/wp-json\/wp\/v2\/users\/17"}],"replies":[{"embeddable":true,"href":"https:\/\/pdt-rj.org.br\/index.php\/wp-json\/wp\/v2\/comments?post=79789"}],"version-history":[{"count":3,"href":"https:\/\/pdt-rj.org.br\/index.php\/wp-json\/wp\/v2\/posts\/79789\/revisions"}],"predecessor-version":[{"id":79793,"href":"https:\/\/pdt-rj.org.br\/index.php\/wp-json\/wp\/v2\/posts\/79789\/revisions\/79793"}],"wp:featuredmedia":[{"embeddable":true,"href":"https:\/\/pdt-rj.org.br\/index.php\/wp-json\/wp\/v2\/media\/79803"}],"wp:attachment":[{"href":"https:\/\/pdt-rj.org.br\/index.php\/wp-json\/wp\/v2\/media?parent=79789"}],"wp:term":[{"taxonomy":"category","embeddable":true,"href":"https:\/\/pdt-rj.org.br\/index.php\/wp-json\/wp\/v2\/categories?post=79789"},{"taxonomy":"post_tag","embeddable":true,"href":"https:\/\/pdt-rj.org.br\/index.php\/wp-json\/wp\/v2\/tags?post=79789"}],"curies":[{"name":"wp","href":"https:\/\/api.w.org\/{rel}","templated":true}]}}