{"id":79751,"date":"2021-09-09T16:13:16","date_gmt":"2021-09-09T19:13:16","guid":{"rendered":"http:\/\/pdt-rj.org.br\/?p=79751"},"modified":"2021-09-15T14:23:38","modified_gmt":"2021-09-15T17:23:38","slug":"pdt-define-apoio-nacional-a-todos-os-atos-democraticos-contra-bolsonaro","status":"publish","type":"post","link":"https:\/\/pdt-rj.org.br\/index.php\/pdt-define-apoio-nacional-a-todos-os-atos-democraticos-contra-bolsonaro\/","title":{"rendered":"PDT define apoio nacional a todos os atos democr\u00e1ticos contra Bolsonaro"},"content":{"rendered":"<div class=\"msg-body P_wpofO mq_AS\" data-test-id=\"message-view-body-content\">\n<div class=\"jb_0 X_6MGW N_6Fd5\">\n<div id=\"yiv7181013893\">\n<div dir=\"ltr\">\n<p class=\"yiv7181013893MsoNormal\"><em><b>Posi\u00e7\u00e3o foi referendada por Carlos Lupi em reuni\u00e3o conjunta com lideran\u00e7as de oito partidos<\/b><\/em><\/p>\n<p class=\"yiv7181013893MsoNormal\">O PDT apoiar\u00e1 nacionalmente todos os atos democr\u00e1ticos pelo impeachment do presidente da Rep\u00fablica, Jair Bolsonaro, incluindo o programado para o pr\u00f3ximo domingo, 12 de setembro. A defini\u00e7\u00e3o foi referendada, nesta quarta-feira (8), pelo presidente nacional da sigla, Carlos Lupi, em reuni\u00e3o com lideran\u00e7as do PSB, Cidadania, Rede, PT, PSol, PCdoB, PV e Solidariedade.<\/p>\n<p class=\"yiv7181013893MsoNormal\">\u201c\u00c9 uma rea\u00e7\u00e3o do campo democr\u00e1tico \u00e0 escalada golpista do bolsonarismo. Decidimos apoiar toda e qualquer manifesta\u00e7\u00e3o democr\u00e1tica pelo impeachment, a come\u00e7ar por essa de domingo, independente de quem a convoque\u201d, afirmou Lupi.<\/p>\n<p class=\"yiv7181013893MsoNormal\">A mobiliza\u00e7\u00e3o conjunta e imediata contrap\u00f5e as ilegalidades de Bolsonaro, que inflama protestos antidemocr\u00e1ticos, como os realizados no 7 de Setembro em S\u00e3o Paulo, Bras\u00edlia e Rio de Janeiro.<\/p>\n<p class=\"yiv7181013893MsoNormal\">Como desdobramento, os representantes partid\u00e1rios organizar\u00e3o a\u00e7\u00f5es rotineiras ao longo dos pr\u00f3ximos meses n\u00e3o s\u00f3 nas ruas, mas tamb\u00e9m nas redes sociais e no Congresso Nacional.<\/p>\n<p class=\"yiv7181013893MsoNormal\">\u201c\u00c9 uma uni\u00e3o em prol da defesa da Constitui\u00e7\u00e3o, pois n\u00e3o aceitaremos atentados contra a democracia. A disputa eleitoral de 2022 fica para depois. Primeiro, a prote\u00e7\u00e3o urgente da nossa na\u00e7\u00e3o e dos fundamentais direitos do povo brasileiro\u201d, garantiu o pedetista.<\/p>\n<p class=\"yiv7181013893MsoNormal\">Sobre novas ades\u00f5es, Lupi salientou que mant\u00e9m o di\u00e1logo permanente com MDB, PSD, DEM e PSDB para avan\u00e7ar com o pedido de impeachment na C\u00e2mara dos Deputados, local programado para um encontro presencial na pr\u00f3xima semana.<\/p>\n<\/div>\n<\/div>\n<\/div>\n<\/div>\n<!-- AddThis Advanced Settings generic via filter on the_content --><!-- AddThis Share Buttons generic via filter on the_content -->","protected":false},"excerpt":{"rendered":"<p>Posi\u00e7\u00e3o foi referendada por Carlos Lupi em reuni\u00e3o conjunta com lideran\u00e7as de oito partidos O PDT apoiar\u00e1 nacionalmente todos os atos democr\u00e1ticos pelo impeachment do presidente da Rep\u00fablica, Jair Bolsonaro, incluindo o programado para o pr\u00f3ximo domingo, 12 de setembro. A defini\u00e7\u00e3o foi referendada, nesta quarta-feira (8), pelo presidente nacional da sigla, Carlos Lupi, em&#8230;<!-- AddThis Advanced Settings generic via filter on wp_trim_excerpt --><!-- AddThis Share Buttons generic via filter on wp_trim_excerpt --><\/p>\n","protected":false},"author":17,"featured_media":79752,"comment_status":"closed","ping_status":"closed","sticky":false,"template":"","format":"standard","meta":{"_monsterinsights_skip_tracking":false,"_monsterinsights_sitenote_active":false,"_monsterinsights_sitenote_note":"","_monsterinsights_sitenote_category":0,"_uf_show_specific_survey":0,"_uf_disable_surveys":false,"footnotes":""},"categories":[1390,1401,976],"tags":[],"class_list":["post-79751","post","type-post","status-publish","format-standard","has-post-thumbnail","hentry","category-editorias","category-nacional","category-noticias-em-destaque"],"acf":[],"_links":{"self":[{"href":"https:\/\/pdt-rj.org.br\/index.php\/wp-json\/wp\/v2\/posts\/79751","targetHints":{"allow":["GET"]}}],"collection":[{"href":"https:\/\/pdt-rj.org.br\/index.php\/wp-json\/wp\/v2\/posts"}],"about":[{"href":"https:\/\/pdt-rj.org.br\/index.php\/wp-json\/wp\/v2\/types\/post"}],"author":[{"embeddable":true,"href":"https:\/\/pdt-rj.org.br\/index.php\/wp-json\/wp\/v2\/users\/17"}],"replies":[{"embeddable":true,"href":"https:\/\/pdt-rj.org.br\/index.php\/wp-json\/wp\/v2\/comments?post=79751"}],"version-history":[{"count":1,"href":"https:\/\/pdt-rj.org.br\/index.php\/wp-json\/wp\/v2\/posts\/79751\/revisions"}],"predecessor-version":[{"id":79753,"href":"https:\/\/pdt-rj.org.br\/index.php\/wp-json\/wp\/v2\/posts\/79751\/revisions\/79753"}],"wp:featuredmedia":[{"embeddable":true,"href":"https:\/\/pdt-rj.org.br\/index.php\/wp-json\/wp\/v2\/media\/79752"}],"wp:attachment":[{"href":"https:\/\/pdt-rj.org.br\/index.php\/wp-json\/wp\/v2\/media?parent=79751"}],"wp:term":[{"taxonomy":"category","embeddable":true,"href":"https:\/\/pdt-rj.org.br\/index.php\/wp-json\/wp\/v2\/categories?post=79751"},{"taxonomy":"post_tag","embeddable":true,"href":"https:\/\/pdt-rj.org.br\/index.php\/wp-json\/wp\/v2\/tags?post=79751"}],"curies":[{"name":"wp","href":"https:\/\/api.w.org\/{rel}","templated":true}]}}