{"id":79696,"date":"2021-09-06T01:24:43","date_gmt":"2021-09-06T04:24:43","guid":{"rendered":"http:\/\/pdt-rj.org.br\/?p=79696"},"modified":"2021-09-04T21:33:50","modified_gmt":"2021-09-05T00:33:50","slug":"helio-fontoura-indica-perfil-inovador-e-nacionalista-de-brizola-como-diferencial","status":"publish","type":"post","link":"https:\/\/pdt-rj.org.br\/index.php\/helio-fontoura-indica-perfil-inovador-e-nacionalista-de-brizola-como-diferencial\/","title":{"rendered":"H\u00e9lio Fontoura indica perfil inovador e nacionalista de Brizola como diferencial"},"content":{"rendered":"<div class=\"msg-body P_wpofO mq_AS\" data-test-id=\"message-view-body-content\">\n<div class=\"jb_0 X_6MGW N_6Fd5\">\n<div id=\"yiv2591488190\">\n<div dir=\"ltr\">\n<p class=\"yiv2591488190MsoNormal\"><em><b>Em entrevista, o jornalista relembrou os mais de 40 anos como secret\u00e1rio particular do trabalhista<\/b><\/em><\/p>\n<p class=\"yiv2591488190MsoNormal\">\n<p class=\"yiv2591488190MsoNormal\">Secret\u00e1rio particular de Leonel Brizola por mais de quatro d\u00e9cadas, o ga\u00facho H\u00e9lio Fontoura, de 93 anos, detalhou a evolu\u00e7\u00e3o da carreira pol\u00edtica e profissional do trabalhista durante\u00a0<a href=\"https:\/\/www.facebook.com\/CentroDeMemoriaTrabalhista\/\" target=\"_blank\" rel=\"nofollow noopener noreferrer\">entrevista<\/a>\u00a0para o podcast \u201cProsas\u201d, do Centro de Mem\u00f3ria Trabalhista (CMT). Como diferencial, o jornalista apontou o perfil inovador e nacionalista do fundador e presidente de honra do PDT.<\/p>\n<p class=\"yiv2591488190MsoNormal\">A implementa\u00e7\u00e3o do planejamento, durante as passagens pelo governo do Rio Grande do Sul, em 1953, e prefeitura da capital, em 1955, fez de Brizola, segundo ele, um gestor reconhecido n\u00e3o s\u00f3 pela organiza\u00e7\u00e3o, mas tamb\u00e9m pela efici\u00eancia.<\/p>\n<p class=\"yiv2591488190MsoNormal\">\u201cA administra\u00e7\u00e3o era centralizada e a execu\u00e7\u00e3o era descentralizada. [&#8230;] Era um administrador s\u00e9rio e cobrava muito\u201d, explicou Fontoura, ao citar a cria\u00e7\u00e3o de um gabinete exclusivo para acompanhamento das a\u00e7\u00f5es estrat\u00e9gicas da gest\u00e3o estadual, principalmente no \u00e2mbito da educa\u00e7\u00e3o e da reforma agr\u00e1ria.<\/p>\n<p class=\"yiv2591488190MsoNormal\">Em um dos momentos de maior tens\u00e3o, Fontoura citou o per\u00edodo da Campanha da Legalidade, em 1961, no Pal\u00e1cio Piratini, sede do governo. Entre a ren\u00fancia de J\u00e2nio Quadros e o embate para a posse do ent\u00e3o vice-presidente Jo\u00e3o Goulart (Jango), mem\u00f3rias descritas pelo \u201cencarregado da comunica\u00e7\u00e3o\u201d com inevit\u00e1vel emo\u00e7\u00e3o ao lado do\u00a0 governador eleito em 1958.<\/p>\n<p class=\"yiv2591488190MsoNormal\">\u201cA luta e entusiasmo dele [Brizola] fazia com que ningu\u00e9m tivesse medo. [&#8230;] O povo estava solid\u00e1rio a ele. O an\u00fancio de que a base a\u00e9rea pudesse bombardear o pal\u00e1cio fez com que o povo n\u00e3o sa\u00edsse da Pra\u00e7a da Matriz\u201d, disse o jornalista, que \u00e9 filho de\u00a0Bol\u00edvar Fontoura, um dos organizadores do antigo PTB.<\/p>\n<p class=\"yiv2591488190MsoNormal\">\u201cNa \u00e9poca, n\u00e3o tinha a m\u00ednima import\u00e2ncia morrer ou n\u00e3o, desde que a gente ficasse de cabe\u00e7a erguida e lutasse por uma causa justa\u201d, completou.<\/p>\n<p class=\"yiv2591488190MsoNormal\">Primeiro funcion\u00e1rio da Assembleia Legislativa local, o taqu\u00edgrafo tamb\u00e9m atuou como parlamentar, pelo PTB, entre 1963 a 1966. Por seu posicionamento pol\u00edtico, foi cassado\u00a0durante o regime militar instaurado ap\u00f3s o golpe de 64, que dep\u00f4s o presidente Jango.<\/p>\n<p class=\"yiv2591488190MsoNormal\">\u201cEu sou Brizola a vida toda. Valia a pena lutar\u201d, concluiu Fontoura, autor do livro \u201c40 anos ao lado de Brizola\u201d que ainda contempla o primeiro governo brizolista no estado do Rio de Janeiro, em 1982.<\/p>\n<\/div>\n<\/div>\n<\/div>\n<\/div>\n<!-- AddThis Advanced Settings generic via filter on the_content --><!-- AddThis Share Buttons generic via filter on the_content -->","protected":false},"excerpt":{"rendered":"<p>Em entrevista, o jornalista relembrou os mais de 40 anos como secret\u00e1rio particular do trabalhista Secret\u00e1rio particular de Leonel Brizola por mais de quatro d\u00e9cadas, o ga\u00facho H\u00e9lio Fontoura, de 93 anos, detalhou a evolu\u00e7\u00e3o da carreira pol\u00edtica e profissional do trabalhista durante\u00a0entrevista\u00a0para o podcast \u201cProsas\u201d, do Centro de Mem\u00f3ria Trabalhista (CMT). Como diferencial, o&#8230;<!-- AddThis Advanced Settings generic via filter on wp_trim_excerpt --><!-- AddThis Share Buttons generic via filter on wp_trim_excerpt --><\/p>\n","protected":false},"author":17,"featured_media":79697,"comment_status":"closed","ping_status":"closed","sticky":false,"template":"","format":"standard","meta":{"_monsterinsights_skip_tracking":false,"_monsterinsights_sitenote_active":false,"_monsterinsights_sitenote_note":"","_monsterinsights_sitenote_category":0,"_uf_show_specific_survey":0,"_uf_disable_surveys":false,"footnotes":""},"categories":[1390,1400],"tags":[5084,2386,3140,3734,5083,513,514,565,38],"class_list":["post-79696","post","type-post","status-publish","format-standard","has-post-thumbnail","hentry","category-editorias","category-entrevistas","tag-bolivar-fontoura","tag-campanha-da-legalidade","tag-centro-de-memoria-trabalhista","tag-cmt","tag-helio-fontoura","tag-jango","tag-joao-goulart","tag-leonel-brizola","tag-pdt"],"acf":[],"_links":{"self":[{"href":"https:\/\/pdt-rj.org.br\/index.php\/wp-json\/wp\/v2\/posts\/79696","targetHints":{"allow":["GET"]}}],"collection":[{"href":"https:\/\/pdt-rj.org.br\/index.php\/wp-json\/wp\/v2\/posts"}],"about":[{"href":"https:\/\/pdt-rj.org.br\/index.php\/wp-json\/wp\/v2\/types\/post"}],"author":[{"embeddable":true,"href":"https:\/\/pdt-rj.org.br\/index.php\/wp-json\/wp\/v2\/users\/17"}],"replies":[{"embeddable":true,"href":"https:\/\/pdt-rj.org.br\/index.php\/wp-json\/wp\/v2\/comments?post=79696"}],"version-history":[{"count":1,"href":"https:\/\/pdt-rj.org.br\/index.php\/wp-json\/wp\/v2\/posts\/79696\/revisions"}],"predecessor-version":[{"id":79698,"href":"https:\/\/pdt-rj.org.br\/index.php\/wp-json\/wp\/v2\/posts\/79696\/revisions\/79698"}],"wp:featuredmedia":[{"embeddable":true,"href":"https:\/\/pdt-rj.org.br\/index.php\/wp-json\/wp\/v2\/media\/79697"}],"wp:attachment":[{"href":"https:\/\/pdt-rj.org.br\/index.php\/wp-json\/wp\/v2\/media?parent=79696"}],"wp:term":[{"taxonomy":"category","embeddable":true,"href":"https:\/\/pdt-rj.org.br\/index.php\/wp-json\/wp\/v2\/categories?post=79696"},{"taxonomy":"post_tag","embeddable":true,"href":"https:\/\/pdt-rj.org.br\/index.php\/wp-json\/wp\/v2\/tags?post=79696"}],"curies":[{"name":"wp","href":"https:\/\/api.w.org\/{rel}","templated":true}]}}