{"id":79681,"date":"2021-09-03T21:35:15","date_gmt":"2021-09-04T00:35:15","guid":{"rendered":"http:\/\/pdt-rj.org.br\/?p=79681"},"modified":"2021-09-08T16:17:51","modified_gmt":"2021-09-08T19:17:51","slug":"lupi-aponta-projeto-integrado-do-pdt-como-saida-democratica-para-o-brasil","status":"publish","type":"post","link":"https:\/\/pdt-rj.org.br\/index.php\/lupi-aponta-projeto-integrado-do-pdt-como-saida-democratica-para-o-brasil\/","title":{"rendered":"Lupi aponta projeto integrado do PDT como sa\u00edda democr\u00e1tica para o Brasil"},"content":{"rendered":"<div class=\"msg-body P_wpofO mq_AS\" data-test-id=\"message-view-body-content\">\n<div class=\"jb_0 X_6MGW N_6Fd5\">\n<div id=\"yiv9600733418\">\n<div dir=\"ltr\">\n<p class=\"yiv9600733418MsoNormal\"><em><b>Semin\u00e1rio virtual realizado pela CSB mobilizou lideran\u00e7as de partidos do campo progressista<\/b><\/em><\/p>\n<p class=\"yiv9600733418MsoNormal\">\u201cO nosso lado \u00e9 da imensa maioria que \u00e9 tratada como minoria\u201d, afirmou o presidente nacional do PDT, Carlos Lupi, ao apontar o projeto integrado da sigla como sa\u00edda democr\u00e1tica para o Brasil, em 2022.\u00a0 No semin\u00e1rio virtual promovido pela\u00a0Central dos Sindicatos Brasileiros (CSB),\u00a0nesta sexta-feira (3), o pedetista debateu a pauta com lideran\u00e7as de partidos pol\u00edticos do campo progressista.<\/p>\n<p class=\"yiv9600733418MsoNormal\">O painel de encerramento \u201cA defesa da democracia e da Constitui\u00e7\u00e3o Nacional\u201d, que foi mediado pelo presidente nacional da entidade sindical e presidente do PDT na capital paulista, Antonio Neto, contou, al\u00e9m de Lupi, com os presidentes nacionais do PSB, Cidadania e PSOL, Carlos Siqueira, Roberto Freire e Juliano Medeiros, respectivamente.<\/p>\n<p class=\"yiv9600733418MsoNormal\">Com o Projeto Nacional de Desenvolvimento (PND) aprimorado pelo pr\u00e9-candidato do PDT ao Pal\u00e1cio do Planalto, Ciro Gomes, Lupi salientou a import\u00e2ncia do trabalhador no processo transformador do pa\u00eds.<\/p>\n<p class=\"yiv9600733418MsoNormal\">\u201c\u00c9 claro que precisamos discutir todo o projeto de Brasil que n\u00f3s queremos. \u00c9 isso atrav\u00e9s da candidatura do Ciro, o meu partido PDT quer fazer\u201d, garantiu.<\/p>\n<p class=\"yiv9600733418MsoNormal\">\u201cA sociedade precisa ser mais coletiva e humana. Temos que aprofundar essa democracia com projeto plural, democr\u00e1tico, profundo, onde todos possam opinar\u201d, acrescentou, vinculando a realiza\u00e7\u00e3o de plebiscitos para aprova\u00e7\u00e3o popular.<\/p>\n<p class=\"yiv9600733418MsoNormal\">Sobre a vertente baseada em reformas estruturantes, Lupi coloca como prioridade as mudan\u00e7as no mercado de capital, que \u00e9 dominado por uma elite segregacionista. Para ele, \u201ca sociedade n\u00e3o vai avan\u00e7ar com um povo miser\u00e1vel\u201d.<\/p>\n<p class=\"yiv9600733418MsoNormal\">\u201cN\u00f3s temos que discutir o Estado que queremos. A grande reforma que o Estado tem que come\u00e7ar a fazer \u00e9 na estrutura feudal e antiquado do sistema financeiro, que corr\u00f3i o crescimento de qualquer pa\u00eds\u201d, disse.<\/p>\n<p class=\"yiv9600733418MsoNormal\">\u201cN\u00e3o consigo entender ainda uma nova forma de sociedade moderna que seja com sal\u00e1rio digno para ajudar a distribuir renda. A grande pol\u00edtica que faz distribuir renda n\u00e3o \u00e9 a compensat\u00f3ria, mas de sal\u00e1rio com efici\u00eancia e compet\u00eancia\u201d, opinou.<\/p>\n<p class=\"yiv9600733418MsoNormal\"><b>Atua\u00e7\u00e3o legal<\/b><\/p>\n<p class=\"yiv9600733418MsoNormal\">Perante a responsabilidade do Congresso Nacional, o l\u00edder pedetista cobrou a atua\u00e7\u00e3o, em destaque do presidente da C\u00e2mara, Arthur Lira, para que o presidente da Rep\u00fablica seja investigado, afastado e punido pela s\u00e9rie de crimes de responsabilidade realizados ao longo do mandato.<\/p>\n<p class=\"yiv9600733418MsoNormal\">\u201cTirar Bolsonaro do poder. Derrot\u00e1-lo com impeachment, desmoralizando, denunciando e nas urnas tamb\u00e9m. Essa \u00e9 a miss\u00e3o n\u00famero um de quem ama esse pa\u00eds\u201d, comentou, enaltecendo a atua\u00e7\u00e3o coerente dos ministros do Supremo Tribunal Federal (STF).<\/p>\n<p class=\"yiv9600733418MsoNormal\">Ao desqualificar as amea\u00e7as e o terror feitos pelo bolsonarismo contra a p\u00e1tria democr\u00e1tica, Lupi ratificou a necessidade de enfrentamento do fascismo em todos os campos, inclusive no pol\u00edtico.<\/p>\n<p class=\"yiv9600733418MsoNormal\">\u201cO momento que o Brasil e o mundo vivem n\u00e3o permite possibilidade do golpe tradicional, com For\u00e7as Armadas tomando e vem o Ex\u00e9rcito e Marinha com armas para prender. N\u00e3o existe. Isso \u00e9 uma t\u00e9cnica que o grupo dos ignorantes e seus seguidores de quem est\u00e3o no poder\u201d, avaliou.<\/p>\n<p class=\"yiv9600733418MsoNormal\">\u201cTentam fazer para segurar uma base ideol\u00f3gica direitosa, raivosa e odienta, que quer fazer da amea\u00e7a uma esp\u00e9cie de pris\u00e3o psicol\u00f3gica para a sociedade\u201d, encerrou.<\/p>\n<\/div>\n<\/div>\n<\/div>\n<\/div>\n<div class=\"jb_0 X_6MGW N_6Fd5\">\n<div class=\"P_0 je_fq7\"><\/div>\n<\/div>\n<!-- AddThis Advanced Settings generic via filter on the_content --><!-- AddThis Share Buttons generic via filter on the_content -->","protected":false},"excerpt":{"rendered":"<p>Semin\u00e1rio virtual realizado pela CSB mobilizou lideran\u00e7as de partidos do campo progressista \u201cO nosso lado \u00e9 da imensa maioria que \u00e9 tratada como minoria\u201d, afirmou o presidente nacional do PDT, Carlos Lupi, ao apontar o projeto integrado da sigla como sa\u00edda democr\u00e1tica para o Brasil, em 2022.\u00a0 No semin\u00e1rio virtual promovido pela\u00a0Central dos Sindicatos Brasileiros&#8230;<!-- AddThis Advanced Settings generic via filter on wp_trim_excerpt --><!-- AddThis Share Buttons generic via filter on wp_trim_excerpt --><\/p>\n","protected":false},"author":17,"featured_media":79685,"comment_status":"closed","ping_status":"closed","sticky":false,"template":"","format":"standard","meta":{"_monsterinsights_skip_tracking":false,"_monsterinsights_sitenote_active":false,"_monsterinsights_sitenote_note":"","_monsterinsights_sitenote_category":0,"_uf_show_specific_survey":0,"_uf_disable_surveys":false,"footnotes":""},"categories":[1390,1401,976],"tags":[2621,22,196,2312,1526],"class_list":["post-79681","post","type-post","status-publish","format-standard","has-post-thumbnail","hentry","category-editorias","category-nacional","category-noticias-em-destaque","tag-antonio-neto","tag-brasil","tag-carlos-lupi","tag-central-dos-sindicatos-brasileiros","tag-congresso-nacional"],"acf":[],"_links":{"self":[{"href":"https:\/\/pdt-rj.org.br\/index.php\/wp-json\/wp\/v2\/posts\/79681","targetHints":{"allow":["GET"]}}],"collection":[{"href":"https:\/\/pdt-rj.org.br\/index.php\/wp-json\/wp\/v2\/posts"}],"about":[{"href":"https:\/\/pdt-rj.org.br\/index.php\/wp-json\/wp\/v2\/types\/post"}],"author":[{"embeddable":true,"href":"https:\/\/pdt-rj.org.br\/index.php\/wp-json\/wp\/v2\/users\/17"}],"replies":[{"embeddable":true,"href":"https:\/\/pdt-rj.org.br\/index.php\/wp-json\/wp\/v2\/comments?post=79681"}],"version-history":[{"count":2,"href":"https:\/\/pdt-rj.org.br\/index.php\/wp-json\/wp\/v2\/posts\/79681\/revisions"}],"predecessor-version":[{"id":79687,"href":"https:\/\/pdt-rj.org.br\/index.php\/wp-json\/wp\/v2\/posts\/79681\/revisions\/79687"}],"wp:featuredmedia":[{"embeddable":true,"href":"https:\/\/pdt-rj.org.br\/index.php\/wp-json\/wp\/v2\/media\/79685"}],"wp:attachment":[{"href":"https:\/\/pdt-rj.org.br\/index.php\/wp-json\/wp\/v2\/media?parent=79681"}],"wp:term":[{"taxonomy":"category","embeddable":true,"href":"https:\/\/pdt-rj.org.br\/index.php\/wp-json\/wp\/v2\/categories?post=79681"},{"taxonomy":"post_tag","embeddable":true,"href":"https:\/\/pdt-rj.org.br\/index.php\/wp-json\/wp\/v2\/tags?post=79681"}],"curies":[{"name":"wp","href":"https:\/\/api.w.org\/{rel}","templated":true}]}}