{"id":79635,"date":"2021-09-02T22:30:47","date_gmt":"2021-09-03T01:30:47","guid":{"rendered":"http:\/\/pdt-rj.org.br\/?p=79635"},"modified":"2021-09-04T19:52:55","modified_gmt":"2021-09-04T22:52:55","slug":"pdt-enfrenta-bolsonaro-para-rejeitar-marco-temporal-de-terras-indigenas","status":"publish","type":"post","link":"https:\/\/pdt-rj.org.br\/index.php\/pdt-enfrenta-bolsonaro-para-rejeitar-marco-temporal-de-terras-indigenas\/","title":{"rendered":"PDT enfrenta Bolsonaro para rejeitar marco temporal de terras ind\u00edgenas"},"content":{"rendered":"<div class=\"p_R b_2w4l8N I_52qC em_N X_fq7 N_6LEV ir3_Z1tiXR3 it3_689y j_ZlOSbd message-view\" tabindex=\"40\" data-test-id=\"message-view\" data-test-expanded=\"true\" data-iskeynav=\"true\">\n<div data-test-id=\"message-body-container\">\n<div class=\"I_52qC D_FY W_6D6F\" data-test-id=\"message-view-body\">\n<div class=\"msg-body P_wpofO mq_AS\" data-test-id=\"message-view-body-content\">\n<div class=\"jb_0 X_6MGW N_6Fd5\">\n<div id=\"yiv7646217607\">\n<div dir=\"ltr\">\n<p class=\"yiv7646217607MsoNormal\"><em><b>Al\u00e9m do Congresso, STF tamb\u00e9m discute o crit\u00e9rio para demarca\u00e7\u00e3o das \u00e1reas em todo o Brasil<\/b><\/em><\/p>\n<p class=\"yiv7646217607MsoNormal\">O PDT \u00e9 contra a institui\u00e7\u00e3o do marco temporal de terras ind\u00edgenas, que est\u00e1 em tramita\u00e7\u00e3o na C\u00e2mara dos Deputados atrav\u00e9s do Projeto de Lei 490\/2007. Segundo o partido, a tese, apoiada pelo governo Bolsonaro e em an\u00e1lise no plen\u00e1rio do Superior Tribunal Federal (STF), dificulta a demarca\u00e7\u00e3o e gera inseguran\u00e7a sobre direitos garantidos pela Constitui\u00e7\u00e3o Federal.<\/p>\n<p class=\"yiv7646217607MsoNormal\">\u201cVamos lutar para derrubar esse PL genocida que o Bolsonaro e o agroneg\u00f3cio est\u00e3o apoiando\u201d, garantiu Rafael Weree, presidente nacional do Movimento Ind\u00edgena (MOVI), em\u00a0<a href=\"https:\/\/www.facebook.com\/pdt.org.br\/videos\/369972021270342\" target=\"_blank\" rel=\"nofollow noopener noreferrer\">v\u00eddeo<\/a>\u00a0nas redes sociais, nesta quarta-feira (1).<\/p>\n<p class=\"yiv7646217607MsoNormal\">Pelo texto, \u00edndios s\u00f3 poder\u00e3o reivindicar a posse de terras ocupadas antes da data de promulga\u00e7\u00e3o da legisla\u00e7\u00e3o, em 5 de outubro de 1988. O crit\u00e9rio \u00e9 visto pelos pedetistas como uma forma de legalizar a explora\u00e7\u00e3o econ\u00f4mica de \u00e1reas preservadas e gerar, consequentemente, a subtra\u00e7\u00e3o de conquistas hist\u00f3ricas.<\/p>\n<p class=\"yiv7646217607MsoNormal\">\u201cQuero manifestar a preocupa\u00e7\u00e3o e revolta contra o PL 490, que o Congresso insiste em aprovar contra o nosso territ\u00f3rio, contra nosso povo que est\u00e1 preocupado em defender a nossa \u00e1rea\u201d, relatou.<\/p>\n<p class=\"yiv7646217607MsoNormal\">\u201cO Congresso luta contra nossos direitos para liberar desmatamento e tirar a demarca\u00e7\u00e3o\u201d, completou.<\/p>\n<\/div>\n<\/div>\n<\/div>\n<\/div>\n<\/div>\n<\/div>\n<\/div>\n<!-- AddThis Advanced Settings generic via filter on the_content --><!-- AddThis Share Buttons generic via filter on the_content -->","protected":false},"excerpt":{"rendered":"<p>Al\u00e9m do Congresso, STF tamb\u00e9m discute o crit\u00e9rio para demarca\u00e7\u00e3o das \u00e1reas em todo o Brasil O PDT \u00e9 contra a institui\u00e7\u00e3o do marco temporal de terras ind\u00edgenas, que est\u00e1 em tramita\u00e7\u00e3o na C\u00e2mara dos Deputados atrav\u00e9s do Projeto de Lei 490\/2007. Segundo o partido, a tese, apoiada pelo governo Bolsonaro e em an\u00e1lise no&#8230;<!-- AddThis Advanced Settings generic via filter on wp_trim_excerpt --><!-- AddThis Share Buttons generic via filter on wp_trim_excerpt --><\/p>\n","protected":false},"author":17,"featured_media":79638,"comment_status":"closed","ping_status":"closed","sticky":false,"template":"","format":"standard","meta":{"_monsterinsights_skip_tracking":false,"_monsterinsights_sitenote_active":false,"_monsterinsights_sitenote_note":"","_monsterinsights_sitenote_category":0,"_uf_show_specific_survey":0,"_uf_disable_surveys":false,"footnotes":""},"categories":[1390,976],"tags":[],"class_list":["post-79635","post","type-post","status-publish","format-standard","has-post-thumbnail","hentry","category-editorias","category-noticias-em-destaque"],"acf":[],"_links":{"self":[{"href":"https:\/\/pdt-rj.org.br\/index.php\/wp-json\/wp\/v2\/posts\/79635","targetHints":{"allow":["GET"]}}],"collection":[{"href":"https:\/\/pdt-rj.org.br\/index.php\/wp-json\/wp\/v2\/posts"}],"about":[{"href":"https:\/\/pdt-rj.org.br\/index.php\/wp-json\/wp\/v2\/types\/post"}],"author":[{"embeddable":true,"href":"https:\/\/pdt-rj.org.br\/index.php\/wp-json\/wp\/v2\/users\/17"}],"replies":[{"embeddable":true,"href":"https:\/\/pdt-rj.org.br\/index.php\/wp-json\/wp\/v2\/comments?post=79635"}],"version-history":[{"count":2,"href":"https:\/\/pdt-rj.org.br\/index.php\/wp-json\/wp\/v2\/posts\/79635\/revisions"}],"predecessor-version":[{"id":79641,"href":"https:\/\/pdt-rj.org.br\/index.php\/wp-json\/wp\/v2\/posts\/79635\/revisions\/79641"}],"wp:featuredmedia":[{"embeddable":true,"href":"https:\/\/pdt-rj.org.br\/index.php\/wp-json\/wp\/v2\/media\/79638"}],"wp:attachment":[{"href":"https:\/\/pdt-rj.org.br\/index.php\/wp-json\/wp\/v2\/media?parent=79635"}],"wp:term":[{"taxonomy":"category","embeddable":true,"href":"https:\/\/pdt-rj.org.br\/index.php\/wp-json\/wp\/v2\/categories?post=79635"},{"taxonomy":"post_tag","embeddable":true,"href":"https:\/\/pdt-rj.org.br\/index.php\/wp-json\/wp\/v2\/tags?post=79635"}],"curies":[{"name":"wp","href":"https:\/\/api.w.org\/{rel}","templated":true}]}}