{"id":79633,"date":"2021-09-03T19:25:33","date_gmt":"2021-09-03T22:25:33","guid":{"rendered":"http:\/\/pdt-rj.org.br\/?p=79633"},"modified":"2021-09-03T23:50:35","modified_gmt":"2021-09-04T02:50:35","slug":"mario-juruna-um-autentico-lider-para-a-comunidade-indigena-no-brasil","status":"publish","type":"post","link":"https:\/\/pdt-rj.org.br\/index.php\/mario-juruna-um-autentico-lider-para-a-comunidade-indigena-no-brasil\/","title":{"rendered":"M\u00e1rio Juruna: um aut\u00eantico l\u00edder para a comunidade ind\u00edgena no Brasil"},"content":{"rendered":"<p><em><strong>O pedetista deixou um exemplo de garra e luta por melhorias na qualidade de vida da popula\u00e7\u00e3o ind\u00edgena<\/strong><\/em><\/p>\n<p>Com tantas pautas em vig\u00eancia e de grande import\u00e2ncia para a comunidade ind\u00edgena, o momento n\u00e3o poderia ser mais prop\u00edcio para relembrar o nascimento de M\u00e1rio Juruna (PDT), o primeiro \u00edndio a ser eleito no poder legislativo do Pa\u00eds, que hoje completaria 78 anos.<\/p>\n<p>Na C\u00e2mara dos Deputados, Juruna defendeu alguns direitos considerados b\u00e1sicos para a comunidade ind\u00edgena. Em um de seus mais importantes discursos na Casa, o pedetista cobra mais representatividade ind\u00edgena na pol\u00edtica brasileira e a necessidade de investimento em educa\u00e7\u00e3o de qualidade para a classe.<\/p>\n<p>\u201cEu quero apresentar exemplo com minha candidatura, porque hoje j\u00e1 podia ter deputado \u00edndio. Podia ter deputado aqui no Brasil, mas n\u00f3s n\u00e3o somos culpados. Quem \u00e9 culpado, \u00e9 respons\u00e1vel, \u00e9 essas pessoas que n\u00e3o d\u00e3o oportunidade pra \u00edndio. \u00c9 por isso que n\u00f3s s\u00f3 aprende, s\u00f3 estuda o prim\u00e1rio\u201d, afirmou Juruna.<\/p>\n<p>Embora tenha crescido a representatividade ind\u00edgena no Brasil, hoje nos deparamos com um cen\u00e1rio ainda mais grave do que o relatado por Juruna na C\u00e2mara Federal, pois v\u00e1rias tribos est\u00e3o amedrontadas com a possibilidade de perda de territ\u00f3rios com a tese do marco temporal \u2013 medida que est\u00e1 sendo votada nesta semana no Supremo Tribunal Federal (STF) \u2013 que estabelece a demarca\u00e7\u00e3o de terras ind\u00edgenas delimitando apenas as que j\u00e1 eram ocupadas por eles antes da data de promulga\u00e7\u00e3o da Constitui\u00e7\u00e3o de 1988.<\/p>\n<p>A medida tamb\u00e9m \u00e9 defendida por Bolsonaro durante sua campanha eleitoral, em 2018, onde ele prometeu acabar com a reserva ind\u00edgena no Brasil. Al\u00e9m disso, tramita o Projeto de Lei (PL) na C\u00e2mara dos Deputados, arquivado desde 2018, que visa transformar o marco temporal em lei com o PL n\u00ba 490\/2007.<\/p>\n<p>Segundo o Atlas Viol\u00eancia 2021, o Brasil registrou o assassinato de 2.074 ind\u00edgenas entre 2009 e 2019 \u2013 resultado que fez a taxa de letalidade violenta praticada contra os grupos \u00e9tnicos saltar 22% no per\u00edodo. Para a comunidade, al\u00e9m de ser um retrocesso na garantia de direitos ind\u00edgenas, com a tese do marco temporal, o n\u00famero de mortes pode aumentar em decorr\u00eancia de disputas de terras promovidas tanto pelo poder p\u00fablico quanto pelo setor privado.<\/p>\n<p>Na \u00e9poca de seu discurso na C\u00e2mara, Juruna j\u00e1 ressaltava a necessidade de cria\u00e7\u00e3o de mecanismos capazes de assegurar as tribos de todo Brasil.<\/p>\n<p>\u201cSou homem do povo, sou homem de campo, quando me criei n\u00e3o encontrei nem um branco, n\u00e3o encontrei nem um avi\u00e3o, nem autom\u00f3vel, nem estrada; onde me criei era sert\u00e3o, eu s\u00f3 escutava canto do passarinho, e hoje eu encontro muito press\u00e3o contra \u00edndio, e invasor, e estrada. A gente est\u00e1 recebendo muita press\u00e3o\u201d, afirmou o pedetista.<\/p>\n<p>N\u00e3o restam d\u00favidas sobre a import\u00e2ncia da luta dos povos ind\u00edgenas brasileiros pela preserva\u00e7\u00e3o da cultura, por garantia de direitos civis e pol\u00edticos e direitos a territ\u00f3rios ocupados durante d\u00e9cadas por seus ancestrais. Como dizia M\u00e1rio Juruna, \u00e9 necess\u00e1rio um fortalecimento dos \u00edndios em todas as \u00e1reas pol\u00edticas do Pa\u00eds para que haja uma representa\u00e7\u00e3o justa e democr\u00e1tica.<\/p>\n<p>\u201cE muita gente que achava, quando eu entrei na pol\u00edtica, muita gente falava contra Juruna, falava: \u201cImagina como que Juruna vai entrar no plen\u00e1rio, imagina, o \u00edndio, o que \u00e9 que vai resolver no plen\u00e1rio, como \u00e9 que \u00edndio vai representar \u00edndio?\u201d E eu quero saber: imagina, o que \u00e9 que o branco pode? Talvez \u00edndio pode representar melhor do que qualquer deputado, qualquer senador e qualquer da Rep\u00fablica\u201d.<\/p>\n<!-- AddThis Advanced Settings generic via filter on the_content --><!-- AddThis Share Buttons generic via filter on the_content -->","protected":false},"excerpt":{"rendered":"<p>O pedetista deixou um exemplo de garra e luta por melhorias na qualidade de vida da popula\u00e7\u00e3o ind\u00edgena Com tantas pautas em vig\u00eancia e de grande import\u00e2ncia para a comunidade ind\u00edgena, o momento n\u00e3o poderia ser mais prop\u00edcio para relembrar o nascimento de M\u00e1rio Juruna (PDT), o primeiro \u00edndio a ser eleito no poder legislativo&#8230;<!-- AddThis Advanced Settings generic via filter on wp_trim_excerpt --><!-- AddThis Share Buttons generic via filter on wp_trim_excerpt --><\/p>\n","protected":false},"author":17,"featured_media":79636,"comment_status":"closed","ping_status":"closed","sticky":false,"template":"","format":"standard","meta":{"_monsterinsights_skip_tracking":false,"_monsterinsights_sitenote_active":false,"_monsterinsights_sitenote_note":"","_monsterinsights_sitenote_category":0,"_uf_show_specific_survey":0,"_uf_disable_surveys":false,"footnotes":""},"categories":[1584,1390,4549],"tags":[1480,1533,5079,5078,899],"class_list":["post-79633","post","type-post","status-publish","format-standard","has-post-thumbnail","hentry","category-artigos","category-editorias","category-memoria","tag-camara-federal","tag-mario-juruna","tag-pl-no-490-2007","tag-populacao-indigena-no-brasil","tag-supremo-tribunal-federal"],"acf":[],"_links":{"self":[{"href":"https:\/\/pdt-rj.org.br\/index.php\/wp-json\/wp\/v2\/posts\/79633","targetHints":{"allow":["GET"]}}],"collection":[{"href":"https:\/\/pdt-rj.org.br\/index.php\/wp-json\/wp\/v2\/posts"}],"about":[{"href":"https:\/\/pdt-rj.org.br\/index.php\/wp-json\/wp\/v2\/types\/post"}],"author":[{"embeddable":true,"href":"https:\/\/pdt-rj.org.br\/index.php\/wp-json\/wp\/v2\/users\/17"}],"replies":[{"embeddable":true,"href":"https:\/\/pdt-rj.org.br\/index.php\/wp-json\/wp\/v2\/comments?post=79633"}],"version-history":[{"count":23,"href":"https:\/\/pdt-rj.org.br\/index.php\/wp-json\/wp\/v2\/posts\/79633\/revisions"}],"predecessor-version":[{"id":79677,"href":"https:\/\/pdt-rj.org.br\/index.php\/wp-json\/wp\/v2\/posts\/79633\/revisions\/79677"}],"wp:featuredmedia":[{"embeddable":true,"href":"https:\/\/pdt-rj.org.br\/index.php\/wp-json\/wp\/v2\/media\/79636"}],"wp:attachment":[{"href":"https:\/\/pdt-rj.org.br\/index.php\/wp-json\/wp\/v2\/media?parent=79633"}],"wp:term":[{"taxonomy":"category","embeddable":true,"href":"https:\/\/pdt-rj.org.br\/index.php\/wp-json\/wp\/v2\/categories?post=79633"},{"taxonomy":"post_tag","embeddable":true,"href":"https:\/\/pdt-rj.org.br\/index.php\/wp-json\/wp\/v2\/tags?post=79633"}],"curies":[{"name":"wp","href":"https:\/\/api.w.org\/{rel}","templated":true}]}}