{"id":79628,"date":"2021-09-01T16:44:18","date_gmt":"2021-09-01T19:44:18","guid":{"rendered":"http:\/\/pdt-rj.org.br\/?p=79628"},"modified":"2021-09-02T01:59:39","modified_gmt":"2021-09-02T04:59:39","slug":"fura-fila-de-vacinas-podera-ficar-inelegivel-por-oito-anos","status":"publish","type":"post","link":"https:\/\/pdt-rj.org.br\/index.php\/fura-fila-de-vacinas-podera-ficar-inelegivel-por-oito-anos\/","title":{"rendered":"Fura fila de vacinas poder\u00e1 ficar ineleg\u00edvel por oito anos"},"content":{"rendered":"<p>A Comiss\u00e3o de Constitui\u00e7\u00e3o e Justi\u00e7a (CCJ) da C\u00e2mara dos Deputados aprovou, com ajustes, o Projeto de Lei Complementar (PLP) <a href=\"https:\/\/www.camara.leg.br\/proposicoesWeb\/prop_mostrarintegra;jsessionid=node0vyu1zbe5vqiz5ui654uce1h023157967.node0?codteor=2011702&amp;filename=PLP+77\/2021\">77\/21<\/a>, do pedetista F\u00e9lix Mendon\u00e7a J\u00fanior (BA), para tornar ineleg\u00edvel quem burlar o Plano Nacional de Vacina\u00e7\u00e3o com o objetivo de ter acesso antecipado a vacinas. A proposta altera a\u00a0<a href=\"https:\/\/www2.camara.gov.br\/legin\/fed\/leicom\/1990\/leicomplementar-64-18-maio-1990-363991-norma-pl.html\">Lei de Inelegibilidade<\/a>\u00a0(LC 64\/1990).<\/p>\n<p>O texto, aprovado nesta quarta-feira (1\u00ba), considera ineleg\u00edvel, por oito anos, \u201cos que burlarem as diretrizes de plano de vacina\u00e7\u00e3o de modo a obter, para si ou outrem, acesso indevido \u00e0 imuniza\u00e7\u00e3o\u201d.<\/p>\n<p>F\u00e9lix J\u00fanior argumenta que \u00e9 necess\u00e1rio pensar em medidas para desestimular pessoas a buscarem maneiras ilegais de antecipar o acesso a imuniza\u00e7\u00f5es.<\/p>\n<p>\u201cEssa pr\u00e1tica pode prejudicar todos os brasileiros, pois a correta imuniza\u00e7\u00e3o s\u00f3 \u00e9 alcan\u00e7ada coletivamente. Antecipar ou, o mais grave, desviar vacinas tem repercuss\u00f5es amplas e de profundo preju\u00edzo ao povo brasileiro\u201d, diz o autor.<\/p>\n<p>O projeto segue para an\u00e1lise no Plen\u00e1rio da C\u00e2mara.<\/p>\n<!-- AddThis Advanced Settings generic via filter on the_content --><!-- AddThis Share Buttons generic via filter on the_content -->","protected":false},"excerpt":{"rendered":"<p>A Comiss\u00e3o de Constitui\u00e7\u00e3o e Justi\u00e7a (CCJ) da C\u00e2mara dos Deputados aprovou, com ajustes, o Projeto de Lei Complementar (PLP) 77\/21, do pedetista F\u00e9lix Mendon\u00e7a J\u00fanior (BA), para tornar ineleg\u00edvel quem burlar o Plano Nacional de Vacina\u00e7\u00e3o com o objetivo de ter acesso antecipado a vacinas. A proposta altera a\u00a0Lei de Inelegibilidade\u00a0(LC 64\/1990). O texto,&#8230;<!-- AddThis Advanced Settings generic via filter on wp_trim_excerpt --><!-- AddThis Share Buttons generic via filter on wp_trim_excerpt --><\/p>\n","protected":false},"author":17,"featured_media":79629,"comment_status":"closed","ping_status":"closed","sticky":false,"template":"","format":"standard","meta":{"_monsterinsights_skip_tracking":false,"_monsterinsights_sitenote_active":false,"_monsterinsights_sitenote_note":"","_monsterinsights_sitenote_category":0,"_uf_show_specific_survey":0,"_uf_disable_surveys":false,"footnotes":""},"categories":[1390],"tags":[391,5075,5077,5076],"class_list":["post-79628","post","type-post","status-publish","format-standard","has-post-thumbnail","hentry","category-editorias","tag-felix-mendonca-junior","tag-fura-filas","tag-plano-nacional-de-vacinacao","tag-vacinacao"],"acf":[],"_links":{"self":[{"href":"https:\/\/pdt-rj.org.br\/index.php\/wp-json\/wp\/v2\/posts\/79628","targetHints":{"allow":["GET"]}}],"collection":[{"href":"https:\/\/pdt-rj.org.br\/index.php\/wp-json\/wp\/v2\/posts"}],"about":[{"href":"https:\/\/pdt-rj.org.br\/index.php\/wp-json\/wp\/v2\/types\/post"}],"author":[{"embeddable":true,"href":"https:\/\/pdt-rj.org.br\/index.php\/wp-json\/wp\/v2\/users\/17"}],"replies":[{"embeddable":true,"href":"https:\/\/pdt-rj.org.br\/index.php\/wp-json\/wp\/v2\/comments?post=79628"}],"version-history":[{"count":1,"href":"https:\/\/pdt-rj.org.br\/index.php\/wp-json\/wp\/v2\/posts\/79628\/revisions"}],"predecessor-version":[{"id":79630,"href":"https:\/\/pdt-rj.org.br\/index.php\/wp-json\/wp\/v2\/posts\/79628\/revisions\/79630"}],"wp:featuredmedia":[{"embeddable":true,"href":"https:\/\/pdt-rj.org.br\/index.php\/wp-json\/wp\/v2\/media\/79629"}],"wp:attachment":[{"href":"https:\/\/pdt-rj.org.br\/index.php\/wp-json\/wp\/v2\/media?parent=79628"}],"wp:term":[{"taxonomy":"category","embeddable":true,"href":"https:\/\/pdt-rj.org.br\/index.php\/wp-json\/wp\/v2\/categories?post=79628"},{"taxonomy":"post_tag","embeddable":true,"href":"https:\/\/pdt-rj.org.br\/index.php\/wp-json\/wp\/v2\/tags?post=79628"}],"curies":[{"name":"wp","href":"https:\/\/api.w.org\/{rel}","templated":true}]}}