{"id":79612,"date":"2021-09-01T12:45:01","date_gmt":"2021-09-01T15:45:01","guid":{"rendered":"http:\/\/pdt-rj.org.br\/?p=79612"},"modified":"2021-09-04T20:04:57","modified_gmt":"2021-09-04T23:04:57","slug":"trabalhistas-enaltecem-brizola-nos-60-anos-da-vitoria-da-legalidade","status":"publish","type":"post","link":"https:\/\/pdt-rj.org.br\/index.php\/trabalhistas-enaltecem-brizola-nos-60-anos-da-vitoria-da-legalidade\/","title":{"rendered":"Trabalhistas enaltecem Brizola nos 60 anos da vit\u00f3ria da Legalidade"},"content":{"rendered":"<div class=\"msg-body P_wpofO mq_AS\" data-test-id=\"message-view-body-content\">\n<div class=\"jb_0 X_6MGW N_6Fd5\">\n<div id=\"yiv6655751045\">\n<div dir=\"ltr\">\n<p class=\"yiv6655751045MsoNormal\"><em><b>Movimento democr\u00e1tico marcou, segundo lideran\u00e7as do PDT, a hist\u00f3ria do Brasil ao impedir o golpe militar<\/b><\/em><\/p>\n<p class=\"yiv6655751045MsoNormal\">Em exalta\u00e7\u00e3o ao compromisso c\u00edvico e ideol\u00f3gico de Leonel Brizola no levante democr\u00e1tico contra o golpe militar no Brasil, em 1961, lideran\u00e7as trabalhistas participaram, nesta ter\u00e7a-feira (31), do\u00a0<a href=\"https:\/\/www.facebook.com\/pdt.org.br\/videos\/576501120034273\" target=\"_blank\" rel=\"nofollow noopener noreferrer\">painel<\/a>\u00a0de encerramento do \u201cSemin\u00e1rio Campanha da Legalidade\u201d. O evento virtual foi realizado pela Universidade Federal do Rio Grande do Sul (UFRGS) e contou com o apoio do PDT e da Funda\u00e7\u00e3o Leonel Brizola \u2013 Alberto Pasqualini (FLB-AP).<\/p>\n<p class=\"yiv6655751045MsoNormal\">Logo na abertura, Carlos Lupi, presidente nacional do partido, fomentou a contribui\u00e7\u00e3o do ent\u00e3o governador ga\u00facho para garantir, h\u00e1 60 anos, a posse do vice-presidente Jo\u00e3o Goulart no cargo de presidente da Rep\u00fablica, diante da ren\u00fancia de J\u00e2nio Quadros.<\/p>\n<p class=\"yiv6655751045MsoNormal\">\u201cA Legalidade \u00e9 \u00edmpar. Nada substituir\u00e1 na hist\u00f3ria republicana brasileira. Foi a \u00fanica p\u00e1gina em que a sociedade civil impediu o golpe. [&#8230;] Brizola, eleito governador do Rio Grande do Sul, e a mobiliza\u00e7\u00e3o que ele fez com uma simples cadeia de r\u00e1dios nos por\u00f5es do Pal\u00e1cio Piratini\u201d, destacou, durante a media\u00e7\u00e3o do advogado Ben-Hur Rava.<\/p>\n<p class=\"yiv6655751045MsoNormal\">\u201cEsse levante mexeu com a sociedade brasileira. \u00c9 muito importante como marco. O povo tem que ter [consci\u00eancia] da sua pr\u00f3pria hist\u00f3ria. [&#8230;] N\u00f3s a abra\u00e7amos\u201d, completou, colocando esse legado como guia para o impulsionar o combate ao bolsonarismo e suas ambi\u00e7\u00f5es antidemocr\u00e1ticas.<\/p>\n<p class=\"yiv6655751045MsoNormal\">Vice-presidente nacional do PDT e presidenta da A\u00e7\u00e3o da Mulher Trabalhista (AMT), Miguelina Vecchio relatou o engajamento das mulheres, com destaque para Neusa Brizola, no \u201cmaior movimento civil de resist\u00eancia\u201d do Pa\u00eds.<\/p>\n<p class=\"yiv6655751045MsoNormal\">\u201cNesse processo, muitas mulheres com papel fundamental. Vamos come\u00e7ar pela pr\u00f3pria Neusa Brizola. N\u00e3o d\u00e1 para apagar o fato de que, al\u00e9m de mulher do Brizola, ela era irm\u00e3 do Jango (Jo\u00e3o Goulart). N\u00e3o se sujeitou a ficar fora do processo de luta e foi ficar com ele\u201d, contou.<\/p>\n<p class=\"yiv6655751045MsoNormal\">Para o secret\u00e1rio-geral nacional do partido e presidente da FLB-AP, Manoel Dias, a Legalidade uniu a na\u00e7\u00e3o em prol dos princ\u00edpios democr\u00e1ticos.<\/p>\n<p class=\"yiv6655751045MsoNormal\">\u201cUm representante, ainda emergente, conseguiu emocionar a na\u00e7\u00e3o inteira. A partir de uma emissora de r\u00e1dio apenas, ele conseguiu levantar o Brasil para reagir a um golpe que j\u00e1 havia sido deferido\u201d, contextualizou, em um paralelo com o atentado concretizado, tr\u00eas anos depois, pelas For\u00e7as Armadas.<\/p>\n<p class=\"yiv6655751045MsoNormal\">\u201cO momento atual refor\u00e7a a necessidade de an\u00e1lise da Campanha. O Brasil vive, hoje, uma realidade tr\u00e1gica com um presidente [Bolsonaro] totalmente despreparado. \u00c9 um ignorante\u201d, comentou.<\/p>\n<p class=\"yiv6655751045MsoNormal\">Os advogados Trajano Ribeiro e Christopher Goulart, Membros do Diret\u00f3rio Nacional do partido, mencionaram a compet\u00eancia de Brizola na organiza\u00e7\u00e3o de um efetivo resistente, principalmente, no per\u00edmetro do Piratini, bem como de Jo\u00e3o Goulart na defesa conjunta dos princ\u00edpios do Trabalhismo.<\/p>\n<p class=\"yiv6655751045MsoNormal\">\u201cH\u00e1 de se destacar, nesse epis\u00f3dio, a capacidade militar de comando de Brizola. Ele passou a ligar imediatamente para todos os comandantes do Rio Grande do Sul e a cham\u00e1-los para resistir ao golpe projetado pelos ministros militares\u201d, recordou Trajano, que j\u00e1 fazia parte do movimento estudantil na \u00e9poca.<\/p>\n<p class=\"yiv6655751045MsoNormal\">\u201cJango, com a pouca idade que tinha, j\u00e1 representava o varguismo e o idealismo do nacional-desenvolvimentismo. [&#8230;] Ele compreendia muito bem a car\u00eancia do pa\u00eds e essa era a voca\u00e7\u00e3o dele. Aprendeu isso com Get\u00falio Vargas\u201d, acrescentou Christopher, neto do ex-presidente.<\/p>\n<\/div>\n<\/div>\n<\/div>\n<\/div>\n<!-- AddThis Advanced Settings generic via filter on the_content --><!-- AddThis Share Buttons generic via filter on the_content -->","protected":false},"excerpt":{"rendered":"<p>Movimento democr\u00e1tico marcou, segundo lideran\u00e7as do PDT, a hist\u00f3ria do Brasil ao impedir o golpe militar Em exalta\u00e7\u00e3o ao compromisso c\u00edvico e ideol\u00f3gico de Leonel Brizola no levante democr\u00e1tico contra o golpe militar no Brasil, em 1961, lideran\u00e7as trabalhistas participaram, nesta ter\u00e7a-feira (31), do\u00a0painel\u00a0de encerramento do \u201cSemin\u00e1rio Campanha da Legalidade\u201d. O evento virtual foi realizado&#8230;<!-- AddThis Advanced Settings generic via filter on wp_trim_excerpt --><!-- AddThis Share Buttons generic via filter on wp_trim_excerpt --><\/p>\n","protected":false},"author":17,"featured_media":79613,"comment_status":"closed","ping_status":"closed","sticky":false,"template":"","format":"standard","meta":{"_monsterinsights_skip_tracking":false,"_monsterinsights_sitenote_active":false,"_monsterinsights_sitenote_note":"","_monsterinsights_sitenote_category":0,"_uf_show_specific_survey":0,"_uf_disable_surveys":false,"footnotes":""},"categories":[1390,976],"tags":[87,22,2386,196,2612,1777,513,1383,514,565,591,614,1739,38,833,5072,46,2660],"class_list":["post-79612","post","type-post","status-publish","format-standard","has-post-thumbnail","hentry","category-editorias","category-noticias-em-destaque","tag-acao-da-mulher-trabalhista","tag-brasil","tag-campanha-da-legalidade","tag-carlos-lupi","tag-christopher-goulart","tag-forcas-armadas","tag-jango","tag-janio-quadros","tag-joao-goulart","tag-leonel-brizola","tag-manoel-dias","tag-miguelina-vecchio","tag-neusa-brizola","tag-pdt","tag-rio-grande-do-sul","tag-seminario-campanha-da-legalidade","tag-trabalhismo","tag-trajano-ribeiro"],"acf":[],"_links":{"self":[{"href":"https:\/\/pdt-rj.org.br\/index.php\/wp-json\/wp\/v2\/posts\/79612","targetHints":{"allow":["GET"]}}],"collection":[{"href":"https:\/\/pdt-rj.org.br\/index.php\/wp-json\/wp\/v2\/posts"}],"about":[{"href":"https:\/\/pdt-rj.org.br\/index.php\/wp-json\/wp\/v2\/types\/post"}],"author":[{"embeddable":true,"href":"https:\/\/pdt-rj.org.br\/index.php\/wp-json\/wp\/v2\/users\/17"}],"replies":[{"embeddable":true,"href":"https:\/\/pdt-rj.org.br\/index.php\/wp-json\/wp\/v2\/comments?post=79612"}],"version-history":[{"count":2,"href":"https:\/\/pdt-rj.org.br\/index.php\/wp-json\/wp\/v2\/posts\/79612\/revisions"}],"predecessor-version":[{"id":79615,"href":"https:\/\/pdt-rj.org.br\/index.php\/wp-json\/wp\/v2\/posts\/79612\/revisions\/79615"}],"wp:featuredmedia":[{"embeddable":true,"href":"https:\/\/pdt-rj.org.br\/index.php\/wp-json\/wp\/v2\/media\/79613"}],"wp:attachment":[{"href":"https:\/\/pdt-rj.org.br\/index.php\/wp-json\/wp\/v2\/media?parent=79612"}],"wp:term":[{"taxonomy":"category","embeddable":true,"href":"https:\/\/pdt-rj.org.br\/index.php\/wp-json\/wp\/v2\/categories?post=79612"},{"taxonomy":"post_tag","embeddable":true,"href":"https:\/\/pdt-rj.org.br\/index.php\/wp-json\/wp\/v2\/tags?post=79612"}],"curies":[{"name":"wp","href":"https:\/\/api.w.org\/{rel}","templated":true}]}}