{"id":79581,"date":"2021-08-28T22:36:55","date_gmt":"2021-08-29T01:36:55","guid":{"rendered":"http:\/\/pdt-rj.org.br\/?p=79581"},"modified":"2021-09-02T02:06:10","modified_gmt":"2021-09-02T05:06:10","slug":"a-privatizacao-dos-correios-e-a-destruicao-do-brasil","status":"publish","type":"post","link":"https:\/\/pdt-rj.org.br\/index.php\/a-privatizacao-dos-correios-e-a-destruicao-do-brasil\/","title":{"rendered":"A privatiza\u00e7\u00e3o dos Correios e a destrui\u00e7\u00e3o do Brasil"},"content":{"rendered":"<div class=\"I_52qC D_FY W_6D6F\" data-test-id=\"message-view-body\">\n<div class=\"msg-body P_wpofO mq_AS\" data-test-id=\"message-view-body-content\">\n<div class=\"jb_0 X_6MGW N_6Fd5\">\n<div id=\"yiv9557312528\">\n<div dir=\"ltr\">\n<p class=\"yiv9557312528MsoNormal\"><em><strong>Na avalia\u00e7\u00e3o do deputado do PDT, o \u00fanico projeto que o atual governo parece ter \u00e9 o de destruir e inviabilizar o Pa\u00eds<\/strong><\/em><\/p>\n<p class=\"yiv9557312528MsoNormal\">O Brasil \u00e9 um pa\u00eds de dimens\u00f5es continentais. Desde o per\u00edodo colonial, sempre foi um desafio integrar um territ\u00f3rio com a dimens\u00e3o do brasileiro. Neste sentido, o papel desempenhado pelos Correios foi fundamental e \u00e9 quase t\u00e3o antigo quanto a nossa pr\u00f3pria hist\u00f3ria. A trajet\u00f3ria dos Correios em nossas terras come\u00e7a no s\u00e9culo XVII, mais precisamente em 1663, com a cria\u00e7\u00e3o pela Coroa de Portugal do Correio-Mor, com sede no Rio de Janeiro.<\/p>\n<p class=\"yiv9557312528MsoNormal\">Durante o s\u00e9culo XIX, especialmente no Segundo Reinado, os Correios se modernizaram, com o lan\u00e7amento de selos postais, a distribui\u00e7\u00e3o de correspond\u00eancias nos domic\u00edlios dos destinat\u00e1rios, a cria\u00e7\u00e3o de caixas de coleta, do quadro fixo de carteiros e do tel\u00e9grafo.<\/p>\n<p class=\"yiv9557312528MsoNormal\">Durante o governo do presidente Get\u00falio Vargas, na d\u00e9cada de 1930, os Correios recebem grandes investimentos, com a cria\u00e7\u00e3o do Departamento dos Correios e Tel\u00e9grafos (DCT) e o est\u00edmulo \u00e0 profissionaliza\u00e7\u00e3o dos trabalhadores dos servi\u00e7os postais. Em 1969, o DCT virou a Empresa Brasileira de Correios e Tel\u00e9grafos.<\/p>\n<p class=\"yiv9557312528MsoNormal\">De l\u00e1 pra c\u00e1, o servi\u00e7o s\u00f3 fez crescer, com mais de cem produtos oferecidos, amplia\u00e7\u00e3o de servi\u00e7os pela internet e a presen\u00e7a em todos os munic\u00edpios brasileiros, com unidades pr\u00f3prias ou franqueadas.<\/p>\n<p class=\"yiv9557312528MsoNormal\">As propostas de privatiza\u00e7\u00e3o dos Correios e Tel\u00e9grafos acompanham o sucateamento da empresa, acentuado a partir do golpe de 2016, que destituiu a presidente Dilma Rousseff, e agora ampliado pelo desmonte dos servi\u00e7os p\u00fablicos promovido pelo governo Bolsonaro e pela gest\u00e3o entreguista de Paulo Guedes no Minist\u00e9rio da Economia. O desvairado ministro parece disposto a se livrar de tudo, liquidando o pa\u00eds como se estivesse vendendo frutas na feira.<\/p>\n<p class=\"yiv9557312528MsoNormal\">Ao insistir na privatiza\u00e7\u00e3o dos Correios, o que temos \u00e9 um projeto que atinge o Brasil de duas formas: desmonta uma empresa que \u00e9 s\u00edmbolo da integra\u00e7\u00e3o do pa\u00eds e d\u00e1 mais um duro golpe na soberania nacional, em nome dos interesses escusos do mercado.<\/p>\n<p class=\"yiv9557312528MsoNormal\">A absoluta falta de comprometimento dos arautos do neoliberalismo com nosso desenvolvimento j\u00e1 se expressa na admiss\u00e3o de que os Correios, uma vez entregues ao capital privado, talvez n\u00e3o consigam dar conta de oferecer servi\u00e7os para os rinc\u00f5es mais distantes do Brasil; o que teria que ser feito pelo Estado. Em suma, o que os adeptos da privatiza\u00e7\u00e3o dos Correios querem \u00e9 simplesmente o lucro, sem qualquer contrapartida ou responsabilidade social.<\/p>\n<p class=\"yiv9557312528MsoNormal\">A infla\u00e7\u00e3o sobe, o emprego some, os servi\u00e7os p\u00fablicos se deterioram, a educa\u00e7\u00e3o desanda, a cultura \u00e9 abandonada, o patrim\u00f4nio p\u00fablico \u00e9 dilapidado, a democracia \u00e9 amea\u00e7ada. N\u00e3o nos enganemos: a privatiza\u00e7\u00e3o dos Correios \u00e9 mais um aspecto do \u00fanico projeto que o atual governo parece ter: o de destruir e inviabilizar o Brasil, condenando as gera\u00e7\u00f5es futuras a viver num pa\u00eds hostil ao seu povo e descompromissado com as lutas de sua Hist\u00f3ria.<\/p>\n<p>&nbsp;<\/p>\n<p class=\"yiv9557312528MsoNormal\"><em><b>*Chico D&#8217;Angelo \u00e9 deputado federal pelo PDT do Rio de Janeiro.<\/b><\/em><\/p>\n<\/div>\n<\/div>\n<\/div>\n<\/div>\n<\/div>\n<!-- AddThis Advanced Settings generic via filter on the_content --><!-- AddThis Share Buttons generic via filter on the_content -->","protected":false},"excerpt":{"rendered":"<p>Na avalia\u00e7\u00e3o do deputado do PDT, o \u00fanico projeto que o atual governo parece ter \u00e9 o de destruir e inviabilizar o Pa\u00eds O Brasil \u00e9 um pa\u00eds de dimens\u00f5es continentais. Desde o per\u00edodo colonial, sempre foi um desafio integrar um territ\u00f3rio com a dimens\u00e3o do brasileiro. Neste sentido, o papel desempenhado pelos Correios foi&#8230;<!-- AddThis Advanced Settings generic via filter on wp_trim_excerpt --><!-- AddThis Share Buttons generic via filter on wp_trim_excerpt --><\/p>\n","protected":false},"author":17,"featured_media":79582,"comment_status":"closed","ping_status":"closed","sticky":false,"template":"","format":"standard","meta":{"_monsterinsights_skip_tracking":false,"_monsterinsights_sitenote_active":false,"_monsterinsights_sitenote_note":"","_monsterinsights_sitenote_category":0,"_uf_show_specific_survey":0,"_uf_disable_surveys":false,"footnotes":""},"categories":[1390,976],"tags":[2854,254,4992],"class_list":["post-79581","post","type-post","status-publish","format-standard","has-post-thumbnail","hentry","category-editorias","category-noticias-em-destaque","tag-chico-dangelo","tag-correios-e-telegrafos","tag-privatizacao-dos-correios"],"acf":[],"_links":{"self":[{"href":"https:\/\/pdt-rj.org.br\/index.php\/wp-json\/wp\/v2\/posts\/79581","targetHints":{"allow":["GET"]}}],"collection":[{"href":"https:\/\/pdt-rj.org.br\/index.php\/wp-json\/wp\/v2\/posts"}],"about":[{"href":"https:\/\/pdt-rj.org.br\/index.php\/wp-json\/wp\/v2\/types\/post"}],"author":[{"embeddable":true,"href":"https:\/\/pdt-rj.org.br\/index.php\/wp-json\/wp\/v2\/users\/17"}],"replies":[{"embeddable":true,"href":"https:\/\/pdt-rj.org.br\/index.php\/wp-json\/wp\/v2\/comments?post=79581"}],"version-history":[{"count":2,"href":"https:\/\/pdt-rj.org.br\/index.php\/wp-json\/wp\/v2\/posts\/79581\/revisions"}],"predecessor-version":[{"id":79632,"href":"https:\/\/pdt-rj.org.br\/index.php\/wp-json\/wp\/v2\/posts\/79581\/revisions\/79632"}],"wp:featuredmedia":[{"embeddable":true,"href":"https:\/\/pdt-rj.org.br\/index.php\/wp-json\/wp\/v2\/media\/79582"}],"wp:attachment":[{"href":"https:\/\/pdt-rj.org.br\/index.php\/wp-json\/wp\/v2\/media?parent=79581"}],"wp:term":[{"taxonomy":"category","embeddable":true,"href":"https:\/\/pdt-rj.org.br\/index.php\/wp-json\/wp\/v2\/categories?post=79581"},{"taxonomy":"post_tag","embeddable":true,"href":"https:\/\/pdt-rj.org.br\/index.php\/wp-json\/wp\/v2\/tags?post=79581"}],"curies":[{"name":"wp","href":"https:\/\/api.w.org\/{rel}","templated":true}]}}