{"id":79569,"date":"2021-08-29T20:36:56","date_gmt":"2021-08-29T23:36:56","guid":{"rendered":"http:\/\/pdt-rj.org.br\/?p=79569"},"modified":"2022-04-18T16:06:44","modified_gmt":"2022-04-18T19:06:44","slug":"lupi-concede-entrevista-para-o-estado-online","status":"publish","type":"post","link":"https:\/\/pdt-rj.org.br\/index.php\/lupi-concede-entrevista-para-o-estado-online\/","title":{"rendered":"Em entrevista a O Estado Online, Lupi fala sobre a constru\u00e7\u00e3o da candidatura de Ciro Gomes"},"content":{"rendered":"<h3><strong><em>Presidente do PDT leva na alma ideologia brizolista e vai lutar para emplacar campanha de Ciro Gomes<\/em> <\/strong><\/h3>\n<p>&nbsp;<\/p>\n<p>O presidente nacional do PDT, Carlos Lupi, cumpriu agenda em Campo Grande nesta semana onde apresentou a Frente \u201cAgora \u00e9 Ciro\u201d e destacou que o ex-ministro Ciro Gomes \u00e9 a pessoa mais preparada para assumir a Presid\u00eancia da Rep\u00fablica e mudar o Brasil por meio de um projeto de desenvolvimento nacional. Lupi n\u00e3o poupou cr\u00edticas ao presidente Jair Bolsonaro, e indicou a m\u00e1 gest\u00e3o, dizendo que o chefe do Executivo \u00e9 respons\u00e1vel pelas quase 600 mil mortes de Covid-19, pelo desemprego recorde, por alta da infla\u00e7\u00e3o, volta da fome no Brasil e extrema desigualdade social. \u201cEstamos em uma luta incessante contra o autoritarismo, o atraso que representa o governo de Bolsonaro, que \u00e9 o Belzebu dos tempos modernos. \u00c9 a encarna\u00e7\u00e3o do capeta. Um homem do mal que l\u00ea a B\u00edblia invertida\u201d, afirmou durante a coletiva.<\/p>\n<p>Lupi elogiou as marcas do PDT e homenageou os presidentes Leonel Brizola e Get\u00falio Vargas. Al\u00e9m disso, o ex-ministro do Trabalho, na gest\u00e3o de Dilma Rousseff, explicou que o partido enxerga, como amea\u00e7a \u00e0 democracia, movimentos de extrema-direita que visam protestar em 7 de setembro.<\/p>\n<p>\u201cEntramos com a\u00e7\u00e3o nos 27 estados provocando a Promotoria-Geral de cada estado da Federa\u00e7\u00e3o para que se apure e verifique a mobiliza\u00e7\u00e3o que alguns segmentos da Pol\u00edcia Militar est\u00e3o tendo e tentando fazer do 7 de setembro uma onda golpista. Vamos lutar na pol\u00edtica, na Justi\u00e7a e em qualquer mecanismo no qual eles queiram impedir a democracia. \u00c9 essencial a luta democr\u00e1tica, independente de partido pol\u00edtico, de diverg\u00eancias que possamos ter ou de candidatos que possamos ter. Hoje a grande luta do Brasil \u00e9 garantir a democracia\u201d, afirmou.<\/p>\n<p>O presidente do PDT destacou que a agenda visa fortalecer o partido. Dentro das poss\u00edveis alian\u00e7as, o deputado federal Dagoberto Nogueira vai conduzir o partido em Mato Grosso do Sul. \u201cQueremos palanque para o Ciro Gomes e para viabilizar a imers\u00e3o de nomes para chapas de deputados estaduais e federais. Estou aqui no sentido de ajudar o partido a ficar mais forte\u201d, espera.<\/p>\n<p>&nbsp;<\/p>\n<p><strong>O Estado: Quais as pretens\u00f5es do PDT nessas elei\u00e7\u00f5es?<\/strong><\/p>\n<p><strong>Lupi:<\/strong> Estamos com pensamento diferente. \u00c9 sobre esgotamento de ciclo. O profeta da ignor\u00e2ncia que \u00e9 o Bolsonaro. \u00c9 essa direita raivosa, essa gente que n\u00e3o respeita as diferen\u00e7as, essa gente que trabalha com viol\u00eancia e com raiva; essa gente que sempre tem \u00f3dio. E temos o ciclo que foi representado pelo ex-presidente Lula e que j\u00e1 teve um resultado bom para o Brasil, mas que n\u00e3o pode se repetir. Porque, ao mesmo tempo que teve um resultado bom \u2013 o acesso das pessoas, melhorou a renda, o emprego, o Brasil tinha mais respeito na sociedade \u2013, \u00e9 um ciclo que j\u00e1 foi. E a sociedade n\u00e3o pode olhar para o que j\u00e1 aconteceu, deve olhar para o que pode acontecer. Ent\u00e3o, estou convencido de que vamos ter, neste segundo turno, uma disputa entre o Lula e o Ciro. Acredito nisso porque tudo que est\u00e1 acontecendo no Brasil, como a recess\u00e3o, o desemprego, a infla\u00e7\u00e3o e principalmente essa pandemia que est\u00e1 batendo as portas de quase 600 mil v\u00edtimas, n\u00e3o vai ficar impune. Tenho certeza de que Bolsonaro vai sair da Presid\u00eancia para a cadeia. Anota isso, e depois me cobre. Foram crimes como desrespeito \u00e0 ci\u00eancia, falta de compras de vacinas em momento adequado, contaminar a popula\u00e7\u00e3o n\u00e3o usando m\u00e1scara, incentivar a ignor\u00e2ncia, e isso n\u00e3o pode ficar impune.<\/p>\n<p>A popula\u00e7\u00e3o tamb\u00e9m come\u00e7a a cair a ficha da realidade. Porque agora acontece uma segunda etapa em que aqueles que n\u00e3o tomaram a vacina e recusaram por essa ideologia negacionista est\u00e3o come\u00e7ando a se contaminar e a morrer. Infelizmente essa variante delta est\u00e1 pegando principalmente aqueles que n\u00e3o tinham nenhum tipo de vacina\u00e7\u00e3o. Isso vai come\u00e7ar a desmistificar, porque, com familiares morrendo, amigos morrendo, a tese do Bolsonaro vai cair. Isso j\u00e1 come\u00e7a a acontecer e eu acredito que isso tamb\u00e9m deve desmanchar essa candidatura. Acredito que vamos ter disputa entre Lula, que vai continuar sendo um candidato forte, mas sem esses 40% que tem porque ele est\u00e1 no auge um ano antes. E daqui a um ano ser\u00e1 outro momento.<\/p>\n<p><strong>O Estado: O chamado Brizolismo ainda persiste dentro do PDT, ou a situa\u00e7\u00e3o \u00e9 diferente?<\/strong><\/p>\n<p><strong>Lupi:<\/strong> Ainda est\u00e1, sim. O brizolismo \u00e9 uma tese, eu digo sempre que as ideias n\u00e3o morrem. As ideias s\u00e3o fecundas. Na verdade, temos discutido o \u201cgetulismo\u201d, que come\u00e7ou na d\u00e9cada de 1930 com Getulio Vargas. Isso era um projeto de desenvolvimento nacional que o Ciro hoje faz com o seu projeto de desenvolvimento para o pa\u00eds. \u00c9 um projeto para fortalecer a ind\u00fastria nacional, avan\u00e7ar com tecnologia de ponta. E o que foi o Brizola, se n\u00e3o o continuador dessas ideias? Um avan\u00e7o. Quando o Brizola volta do ex\u00edlio de 15 anos, j\u00e1 que ele foi um dos brasileiros mais perseguidos e tem mais de 280 anos de condena\u00e7\u00e3o pela Justi\u00e7a Militar, e depois foi absolvido de todos, ele tem ideias. Ele contestava o autoritarismo do regime militar. E, quando ele volta do ex\u00edlio, sua prioridade foi educa\u00e7\u00e3o com escola de tempo integral, onde a crian\u00e7a tinha cinco refei\u00e7\u00f5es, dentista uma vez por semana e oftalmologista. Foi descoberto neste processo que 30% das crian\u00e7as tinham baixo rendimento e at\u00e9 n\u00e3o aprendiam a ler porque n\u00e3o enxergavam bem. N\u00e3o era por defici\u00eancia ou qualquer outra coisa, era um problema simples e que com esse projeto teve solu\u00e7\u00e3o. Era um tipo de escola de Primeiro Mundo e para quem precisa, que \u00e9 um povo mais humilde e trabalhador. Ent\u00e3o, o brizolismo \u00e9 uma corrente de pensamentos que defende um projeto de na\u00e7\u00e3o cuja prioridade absoluta seja a educa\u00e7\u00e3o do nosso povo e o trabalhador que constr\u00f3i a na\u00e7\u00e3o. Essas s\u00e3o as pedras em que n\u00f3s nos movimentamos e andamos. Acredito que essas pedras v\u00e3o voltar na oportunidade, quando o Ciro for presidente e apresentar com muita dignidade essas ideias.<\/p>\n<p><strong>O Estado: A bandeira socialista \u00e9 vista de que maneira para o eleitor brasileiro?<\/strong><\/p>\n<p><strong>Lupi:<\/strong> Acho que o que a gente sempre defendeu \u00e9 o que Brizola chama de \u201csocialismo moreno\u201d, que \u00e9 uma concep\u00e7\u00e3o de sociedade que n\u00e3o admite mis\u00e9ria, que n\u00e3o admite crian\u00e7a abandonada, que n\u00e3o admite idoso desrespeitado depois de ajudar a construir a na\u00e7\u00e3o. Eu convivi e tive a oportunidade que Deus me deu de conviver com o professor Darcy Ribeiro [que foi ministro da Educa\u00e7\u00e3o no governo do presidente Jo\u00e3o Goulart entre 1962 e 1963 e foi chefe da Casa Civil de 1963 a 1964], que foi um dos maiores mentores e maiores intelectuais deste Brasil. E ele dizia algumas frases muito importantes que eu vou sintetizar. Ele dizia o seguinte: que ele perdeu tudo que investiu na vida. Quis fazer uma cidade de Primeiro Mundo e com a cidade de Bras\u00edlia, e fracassou porque terminaram com ela. Quis e foi conviver durante dez anos com os \u00edndios e fracassou porque os \u00edndios continuaram acorrentados, n\u00e3o na corrente f\u00edsica, mas na corrente da discrimina\u00e7\u00e3o. Ele quis construir escolas de qualidade com modelos de Brizola e foram mais de 503 col\u00e9gios desse tipo constru\u00eddos no Rio de Janeiro, mas o governo seguinte acabou com elas. Ele fracassou em quase tudo que tentou, mas ele jamais gostaria de estar ao lado daqueles que o venceram. Quem venceu? Venceu a mediocridade e o ego\u00edsmo. E isso \u00e9 o que temos de pensar neste mundo de hoje. Qual \u00e9 o desafio? O socialismo que a gente imagina, que \u00e9 o \u201csocialismo moreno\u201d de que Brizola falava, \u00e9 uma sociedade sem privil\u00e9gios, sem discrimina\u00e7\u00e3o e uma sociedade que n\u00e3o tenha uma crian\u00e7a abandonada. Enquanto existir uma crian\u00e7a abandonada e voc\u00ea n\u00e3o vir uma bicicleta abandonada, porque por mais que esteja enferrujada vale algum dinheiro. Voc\u00ea n\u00e3o v\u00ea vaca abandonada, galinha abandonada, mas voc\u00ea v\u00ea crian\u00e7a abandonada. Essa sociedade tem de ser erradicada do mundo moderno. Para isso, a solu\u00e7\u00e3o \u00e9 a educa\u00e7\u00e3o. \u00c9 o \u00fanico caminho da salva\u00e7\u00e3o para esta sociedade.<\/p>\n<p><strong>O Estado: O partido foi um dos principais do Brasil, mas tem perdido espa\u00e7o; ao que atribui?<\/strong><\/p>\n<p><strong>Lupi:<\/strong> A pol\u00edtica \u00e9 uma das ci\u00eancias mais dif\u00edceis de o ser humano viver. Ela n\u00e3o \u00e9 uma ci\u00eancia exata, n\u00e3o \u00e9 uma conta de matem\u00e1tica ou aplica\u00e7\u00e3o na bolsa. A pol\u00edtica \u00e9 feita pela sociedade, por seres humanos, por erros, acertos e falhas. Temos as nossas falhas tamb\u00e9m. Mas temos uma coisa muito importante no cora\u00e7\u00e3o, que \u00e9 o amor pelo Brasil. Somos patriotas. Acreditamos que a na\u00e7\u00e3o nasceu para ser uma refer\u00eancia no mundo. Acreditamos que o pa\u00eds tem de parar de ser desigual e eu sou daqueles que acreditam que os partidos pol\u00edticos s\u00e3o os \u00fanicos instrumentos da democracia moderna que podem representar a sociedade. O que est\u00e1 em crise s\u00e3o os partidos e que nada mais s\u00e3o do que \u201creflexos da sociedade\u201d. Na an\u00e1lise profunda, vemos que os valores da sociedade t\u00eam a base na fam\u00edlia. S\u00e3o valores de respeito, valores de as pessoas valerem pelo que s\u00e3o e n\u00e3o pelo que t\u00eam. Valores pela concep\u00e7\u00e3o de vida e n\u00e3o pela sua posse ou o seu traje.<\/p>\n<p><strong>O Estado: O ex-governador Ciro \u00e9 o nome do PDT na disputa presidencial, atualmente \u00e9 o principal pr\u00e9-candidato fora da polariza\u00e7\u00e3o. A ideia \u00e9 formar alguma uni\u00e3o em torno da sua candidatura?<\/strong><\/p>\n<p><strong>Lupi:<\/strong> Estamos conversando com v\u00e1rios partidos. Mesmo antes da elei\u00e7\u00e3o a nossa prioridade tem sido o PSB. N\u00f3s fizemos nas capitais as principais alian\u00e7as com o PSB e sa\u00edmos vitoriosos em algumas cidades. Ganhamos com o PSB em Aracaju, Macei\u00f3, Fortaleza, Recife e perdemos juntos em S\u00e3o Paulo, em Porto alegre, no Rio de Janeiro. Ou seja, n\u00f3s costuramos uma alian\u00e7a muito ampla e a tend\u00eancia disso \u00e9 avan\u00e7ar. E \u00e9 claro que com esse resgate do Lula o PSB fica muito bagun\u00e7ado, mas eu n\u00e3o desisto porque sou brasileiro e n\u00e3o desisto nunca. Continuamos conversando com o PSB para trabalhar por essa alian\u00e7a. Ao mesmo tempo, h\u00e1 di\u00e1logo bom com o DEM, com o ACM Neto, que \u00e9 o presidente. J\u00e1 fomos aliados na elei\u00e7\u00e3o em Salvador-BA. O ACM Neto fez seu sucessor, que \u00e9 o Bruno, com a vice do PDT, que \u00e9 a Ana. Estamos avan\u00e7ando com conversas em v\u00e1rios estados e eu estive em uma delega\u00e7\u00e3o do DEM em Pernambuco. Estamos com boas possibilidades no Estado de Mato Grosso. Este momento \u00e9 um processo em que todos conversam. Temos bons di\u00e1logos com o Gilberto Kassab, do PSD, temos com PCdoB. A decis\u00e3o s\u00f3 vem depois do carnaval do ano que vem.<\/p>\n<p><strong>O Estado: O senhor foi ministro do Trabalho, e recentemente essa pasta voltou a existir. Como avalia uma pasta importante estar vinculada a outro minist\u00e9rio?<\/strong><\/p>\n<p><strong>Lupi:<\/strong> Em primeiro lugar \u00e9 que, quando eles acabaram com o Minist\u00e9rio do Trabalho, eles acabaram com uma linha de reivindica\u00e7\u00e3o, de debate, de representa\u00e7\u00e3o da classe trabalhadora e da classe assalariada, que \u00e9 quem sustenta isso. Quando eles recuam, eles n\u00e3o recuam para dizer que v\u00e3o voltar com as ideias de uma pasta de representa\u00e7\u00e3o dos trabalhadores, de melhorias das condi\u00e7\u00f5es de trabalho, de combate ao trabalho escravo, combate ao trabalho infantil ou de melhoria salarial. Eles criam apenas uma marca fantasia para dizer que tem um Minist\u00e9rio do Trabalho, mas para qu\u00ea? Qual o objetivo? Quais s\u00e3o os projetos? Como fica o aumento do sal\u00e1rio-m\u00ednimo e reajustes para os trabalhadores? Como \u00e9 que vai ficar o di\u00e1logo com as entidades representativas com o trabalhador de todos os n\u00edveis? Eu n\u00e3o vejo esse governo fazer isso.<\/p>\n<p><strong>O Estado: Que an\u00e1lise faz do atual momento pol\u00edtico com a possibilidade de altera\u00e7\u00f5es na legisla\u00e7\u00e3o eleitoral?<\/strong><\/p>\n<p><strong>Lupi:<\/strong> Acho um absurdo a cada ano antes da elei\u00e7\u00e3o se mudar a legisla\u00e7\u00e3o eleitoral. Acho que isso \u00e9 desrespeito \u00e0 cidadania, desrespeito \u00e0 Constitui\u00e7\u00e3o e desrespeito \u00e0 legisla\u00e7\u00e3o. N\u00f3s sequer tivemos tempo desde a \u00faltima mudan\u00e7a em 2017 de experimentar essa nova lei. Sou contra qualquer modifica\u00e7\u00e3o. Acho que o Senado deve manter a atual legisla\u00e7\u00e3o e acho que a gente tem de ter responsabilidade, principalmente os representantes do povo. N\u00e3o podemos mudar a legisla\u00e7\u00e3o um ano antes da elei\u00e7\u00e3o conforme a nossa conveni\u00eancia. Tem de respeitar o povo.<\/p>\n<p><strong>O Estado: Hoje qual a import\u00e2ncia de MS no cen\u00e1rio pol\u00edtico nacional?<\/strong><\/p>\n<p><strong>Lupi:<\/strong> A gente sabe que em Mato Grosso do Sul uma parte consider\u00e1vel da popula\u00e7\u00e3o acabou se enganando com o Bolsonaro. \u00c9 hora de se resgatar. Deu para notar que Bolsonaro \u00e9 um p\u00e9ssimo presidente. A infla\u00e7\u00e3o est\u00e1 batendo \u00e0 porta, o desemprego, o negacionismo, o Brasil \u00e9 desrespeitado hoje no mundo e acho que o come\u00e7o dessa recupera\u00e7\u00e3o do Estado \u00e9 votar em algu\u00e9m que tenha preparo, experi\u00eancia e que tenha uma vida limpa e \u00edntegra, como \u00e9 o caso do Ciro Gomes. A gente aposta muito neste projeto de desenvolvimento.<\/p>\n<p>(*Texto: Andrea Cruz e Alberto Gon\u00e7alves)<\/p>\n<!-- AddThis Advanced Settings generic via filter on the_content --><!-- AddThis Share Buttons generic via filter on the_content -->","protected":false},"excerpt":{"rendered":"<p>Presidente do PDT leva na alma ideologia brizolista e vai lutar para emplacar campanha de Ciro Gomes &nbsp; O presidente nacional do PDT, Carlos Lupi, cumpriu agenda em Campo Grande nesta semana onde apresentou a Frente \u201cAgora \u00e9 Ciro\u201d e destacou que o ex-ministro Ciro Gomes \u00e9 a pessoa mais preparada para assumir a Presid\u00eancia&#8230;<!-- AddThis Advanced Settings generic via filter on wp_trim_excerpt --><!-- AddThis Share Buttons generic via filter on wp_trim_excerpt --><\/p>\n","protected":false},"author":17,"featured_media":77256,"comment_status":"closed","ping_status":"closed","sticky":false,"template":"","format":"standard","meta":{"_monsterinsights_skip_tracking":false,"_monsterinsights_sitenote_active":false,"_monsterinsights_sitenote_note":"","_monsterinsights_sitenote_category":0,"_uf_show_specific_survey":0,"_uf_disable_surveys":false,"footnotes":""},"categories":[1390,5417,5416,1401],"tags":[22,196,220,3348,274,437,565,38],"class_list":["post-79569","post","type-post","status-publish","format-standard","has-post-thumbnail","hentry","category-editorias","category-carlos-lupi","category-ciro-gomes","category-nacional","tag-brasil","tag-carlos-lupi","tag-ciro-gomes","tag-covid-19","tag-dagoberto-nogueira","tag-getulio-vargas","tag-leonel-brizola","tag-pdt"],"acf":[],"_links":{"self":[{"href":"https:\/\/pdt-rj.org.br\/index.php\/wp-json\/wp\/v2\/posts\/79569","targetHints":{"allow":["GET"]}}],"collection":[{"href":"https:\/\/pdt-rj.org.br\/index.php\/wp-json\/wp\/v2\/posts"}],"about":[{"href":"https:\/\/pdt-rj.org.br\/index.php\/wp-json\/wp\/v2\/types\/post"}],"author":[{"embeddable":true,"href":"https:\/\/pdt-rj.org.br\/index.php\/wp-json\/wp\/v2\/users\/17"}],"replies":[{"embeddable":true,"href":"https:\/\/pdt-rj.org.br\/index.php\/wp-json\/wp\/v2\/comments?post=79569"}],"version-history":[{"count":6,"href":"https:\/\/pdt-rj.org.br\/index.php\/wp-json\/wp\/v2\/posts\/79569\/revisions"}],"predecessor-version":[{"id":79690,"href":"https:\/\/pdt-rj.org.br\/index.php\/wp-json\/wp\/v2\/posts\/79569\/revisions\/79690"}],"wp:featuredmedia":[{"embeddable":true,"href":"https:\/\/pdt-rj.org.br\/index.php\/wp-json\/wp\/v2\/media\/77256"}],"wp:attachment":[{"href":"https:\/\/pdt-rj.org.br\/index.php\/wp-json\/wp\/v2\/media?parent=79569"}],"wp:term":[{"taxonomy":"category","embeddable":true,"href":"https:\/\/pdt-rj.org.br\/index.php\/wp-json\/wp\/v2\/categories?post=79569"},{"taxonomy":"post_tag","embeddable":true,"href":"https:\/\/pdt-rj.org.br\/index.php\/wp-json\/wp\/v2\/tags?post=79569"}],"curies":[{"name":"wp","href":"https:\/\/api.w.org\/{rel}","templated":true}]}}