{"id":79566,"date":"2021-08-29T10:40:46","date_gmt":"2021-08-29T13:40:46","guid":{"rendered":"http:\/\/pdt-rj.org.br\/?p=79566"},"modified":"2021-09-02T02:04:32","modified_gmt":"2021-09-02T05:04:32","slug":"sou-deputado-para-conter-danos","status":"publish","type":"post","link":"https:\/\/pdt-rj.org.br\/index.php\/sou-deputado-para-conter-danos\/","title":{"rendered":"\u201cSou deputado para conter danos\u201d"},"content":{"rendered":"<h3><em>No Caf\u00e9 com Lupi, Idilvan Alencar fala sobre sua atua\u00e7\u00e3o parlamentar em defesa da Educa\u00e7\u00e3o<\/em><\/h3>\n<p>&nbsp;<\/p>\n<p>A defesa da Educa\u00e7\u00e3o sempre foi uma das maiores bandeiras do PDT. Hoje, no legislativo federal, um dos nomes mais importantes do partido a levar essa luta adiante \u00e9 o deputado federal Idilvan Alencar. Foi ele o convidado especial do Caf\u00e9 com Lupi deste s\u00e1bado (28). Ao lado do presidente nacional do partido, Carlos Lupi, o parlamentar contou um pouco da sua trajet\u00f3ria e falou sobre a atual conten\u00e7\u00e3o de danos na Educa\u00e7\u00e3o no Brasil de hoje.<\/p>\n<p>O quadro brasileiro \u00e9 um dos piores de todos os tempos em diversas \u00e1reas. O grupo que ocupa o Executivo do pa\u00eds tem conquistado o retrocesso com muita dedica\u00e7\u00e3o. Na Educa\u00e7\u00e3o, pol\u00edticas p\u00fablicas de desinvestimento v\u00eam se consolidando sob a chefia de ministros descompromissados com o setor. Recentemente, o atual ministro Milton Ribeiro atacou a inclus\u00e3o nas escolas afirmando que crian\u00e7as com defici\u00eancia \u201catrapalham\u201d as demais nas aulas.<\/p>\n<p>De acordo com o deputado Idilvan, essa \u00e9 uma das faces do governo Bolsonaro que agrupa e legitima o que h\u00e1 de pior na sociedade, fazendo emergir esse tipo de declara\u00e7\u00e3o. \u201cA elei\u00e7\u00e3o de 2018 trouxe \u00e0 tona um Brasil que a gente ou ignorava ou desconhecia, e o Bolsonaro \u00e9 a s\u00edntese desse movimento de \u00f3dio, desagrega\u00e7\u00e3o, da n\u00e3o cren\u00e7a na ci\u00eancia, do desrespeito, do preconceito, da homofobia\u201d, afirmou.<\/p>\n<p>Dentro desse universo, o parlamentar afirma que o seu mandato tem sido utilizado para diminuir o preju\u00edzo causado pelo Governo e pela base governista na C\u00e2mara dos Deputados. \u201cNesse momento da pol\u00edtica brasileira \u00e9 muito importante defender a Educa\u00e7\u00e3o [&#8230;] Desde 2019 \u00e9 um ataque atr\u00e1s do outro. Eu nem sou deputado para conseguir grandes conquistas para a Educa\u00e7\u00e3o, \u00e9 para conter danos\u201d, contou. Na Reforma da Previd\u00eancia, um destaque do PDT reduziu em tr\u00eas anos o tempo de aposentaria para os professores.<\/p>\n<p>O presidente Lupi tamb\u00e9m lembrou o legado do PDT na educa\u00e7\u00e3o, citou os Centros Integrados de Educa\u00e7\u00e3o P\u00fablica (Cieps) e o esfor\u00e7o feito por Brizola e Darcy Rieiro para garantir escola em tempo integral para milhares de crian\u00e7as. De acordo com ele, o partido tem essa como uma das suas principais causas desde o surgimento. \u201cN\u00f3s n\u00e3o vamos abrir m\u00e3o da educa\u00e7\u00e3o ser o nosso cora\u00e7\u00e3o\u201d, afirmou.<\/p>\n<p>Idilvan Alencar \u00e9 filho de professora \u2013 e diretora escolar da rede p\u00fablica do Cear\u00e1 \u2013 e desde muito novo tem aten\u00e7\u00e3o especial para a Educa\u00e7\u00e3o. Sua carreira come\u00e7ou no servi\u00e7o p\u00fablico ainda muito jovem, aos 18 anos. Tamb\u00e9m foi Secret\u00e1rio de Educa\u00e7\u00e3o no estado do Cear\u00e1, al\u00e9m de ocupar outros postos na administra\u00e7\u00e3o p\u00fablica. Em sua gest\u00e3o ele inaugurou 200 escolas, 400 gin\u00e1sios, al\u00e9m de 2800 obras durante sua passagem pelo Fundo Nacional de Desenvolvimento da Educa\u00e7\u00e3o (FNDE).<\/p>\n<p>Confira o v\u00eddeo abaixo e veja tudo o que rolou no Caf\u00e9 com Lupi deste s\u00e1bado.<\/p>\n<p><iframe loading=\"lazy\" title=\"YouTube video player\" src=\"\/\/www.youtube.com\/embed\/kQ1Ls7ueIrY\" width=\"956\" height=\"538\" frameborder=\"0\" allowfullscreen=\"allowfullscreen\"><\/iframe><\/p>\n<!-- AddThis Advanced Settings generic via filter on the_content --><!-- AddThis Share Buttons generic via filter on the_content -->","protected":false},"excerpt":{"rendered":"<p>No Caf\u00e9 com Lupi, Idilvan Alencar fala sobre sua atua\u00e7\u00e3o parlamentar em defesa da Educa\u00e7\u00e3o &nbsp; A defesa da Educa\u00e7\u00e3o sempre foi uma das maiores bandeiras do PDT. Hoje, no legislativo federal, um dos nomes mais importantes do partido a levar essa luta adiante \u00e9 o deputado federal Idilvan Alencar. Foi ele o convidado especial&#8230;<!-- AddThis Advanced Settings generic via filter on wp_trim_excerpt --><!-- AddThis Share Buttons generic via filter on wp_trim_excerpt --><\/p>\n","protected":false},"author":17,"featured_media":79567,"comment_status":"closed","ping_status":"closed","sticky":false,"template":"","format":"standard","meta":{"_monsterinsights_skip_tracking":false,"_monsterinsights_sitenote_active":false,"_monsterinsights_sitenote_note":"","_monsterinsights_sitenote_category":0,"_uf_show_specific_survey":0,"_uf_disable_surveys":false,"footnotes":""},"categories":[1390,1401,976],"tags":[3695,196,3373],"class_list":["post-79566","post","type-post","status-publish","format-standard","has-post-thumbnail","hentry","category-editorias","category-nacional","category-noticias-em-destaque","tag-cafe-com-lupi","tag-carlos-lupi","tag-idilvan-alencar"],"acf":[],"_links":{"self":[{"href":"https:\/\/pdt-rj.org.br\/index.php\/wp-json\/wp\/v2\/posts\/79566","targetHints":{"allow":["GET"]}}],"collection":[{"href":"https:\/\/pdt-rj.org.br\/index.php\/wp-json\/wp\/v2\/posts"}],"about":[{"href":"https:\/\/pdt-rj.org.br\/index.php\/wp-json\/wp\/v2\/types\/post"}],"author":[{"embeddable":true,"href":"https:\/\/pdt-rj.org.br\/index.php\/wp-json\/wp\/v2\/users\/17"}],"replies":[{"embeddable":true,"href":"https:\/\/pdt-rj.org.br\/index.php\/wp-json\/wp\/v2\/comments?post=79566"}],"version-history":[{"count":2,"href":"https:\/\/pdt-rj.org.br\/index.php\/wp-json\/wp\/v2\/posts\/79566\/revisions"}],"predecessor-version":[{"id":79631,"href":"https:\/\/pdt-rj.org.br\/index.php\/wp-json\/wp\/v2\/posts\/79566\/revisions\/79631"}],"wp:featuredmedia":[{"embeddable":true,"href":"https:\/\/pdt-rj.org.br\/index.php\/wp-json\/wp\/v2\/media\/79567"}],"wp:attachment":[{"href":"https:\/\/pdt-rj.org.br\/index.php\/wp-json\/wp\/v2\/media?parent=79566"}],"wp:term":[{"taxonomy":"category","embeddable":true,"href":"https:\/\/pdt-rj.org.br\/index.php\/wp-json\/wp\/v2\/categories?post=79566"},{"taxonomy":"post_tag","embeddable":true,"href":"https:\/\/pdt-rj.org.br\/index.php\/wp-json\/wp\/v2\/tags?post=79566"}],"curies":[{"name":"wp","href":"https:\/\/api.w.org\/{rel}","templated":true}]}}