{"id":79549,"date":"2021-08-25T01:56:05","date_gmt":"2021-08-25T04:56:05","guid":{"rendered":"http:\/\/pdt-rj.org.br\/?p=79549"},"modified":"2021-08-29T10:46:33","modified_gmt":"2021-08-29T13:46:33","slug":"passagem-epica-define-lupi-sobre-a-legalidade-que-completa-60-anos","status":"publish","type":"post","link":"https:\/\/pdt-rj.org.br\/index.php\/passagem-epica-define-lupi-sobre-a-legalidade-que-completa-60-anos\/","title":{"rendered":"\u201cPassagem \u00e9pica\u201d, define Lupi sobre a Legalidade, que completa 60 anos"},"content":{"rendered":"<div class=\"msg-body P_wpofO mq_AS\" data-test-id=\"message-view-body-content\">\n<div class=\"jb_0 X_6MGW N_6Fd5\">\n<div id=\"yiv2345641780\">\n<div dir=\"ltr\">\n<p class=\"yiv2345641780MsoNormal\"><em><b>Mobiliza\u00e7\u00e3o liderada por Leonel Brizola garantiu a posse do vice-presidente da Rep\u00fablica, Jo\u00e3o Goulart<\/b><\/em><\/p>\n<p class=\"yiv2345641780MsoNormal\">\u201cEm 1961, uma passagem \u00e9pica, hist\u00f3rica, da sociedade brasileira\u201d, classificou o presidente nacional do PDT, Carlos Lupi, ao relembrar nesta quarta-feira (25), em\u00a0<a href=\"https:\/\/www.facebook.com\/CentroDeMemoriaTrabalhista\" target=\"_blank\" rel=\"nofollow noopener noreferrer\">v\u00eddeo<\/a>\u00a0nas redes sociais, a campanha liderada pelo ent\u00e3o governador do Rio Grande do Sul, Leonel Brizola, para garantir a posse do vice-presidente da Rep\u00fablica, Jo\u00e3o Goulart.<\/p>\n<p class=\"yiv2345641780MsoNormal\">O movimento c\u00edvico-militar de resist\u00eancia \u00e0 tentativa de golpe das For\u00e7as Armadas teve como ponto central o Pal\u00e1cio Piratini, sede do governo ga\u00facho localizado em Porto Alegre (RS), e contou com o apoio maci\u00e7o da popula\u00e7\u00e3o n\u00e3o s\u00f3 ga\u00facha, mas de todo o pa\u00eds.<\/p>\n<p class=\"yiv2345641780MsoNormal\">Lupi destacou que, por meio do r\u00e1dio, Brizola \u2013 fundador e presidente de honra do PDT \u2013 colocou dezenas de esta\u00e7\u00f5es em cadeia e fez uma mobiliza\u00e7\u00e3o nacional, que saiu vitoriosa h\u00e1 60 anos.<\/p>\n<p class=\"yiv2345641780MsoNormal\">\u201cA marca da Rep\u00fablica brasileira de, pela \u00fanica e primeira vez, a sociedade civil organizada resistiu \u00e0 amea\u00e7a de um golpe. Brizola fez um levante popular criando a rede da Legalidade\u201d, explicou.<\/p>\n<p class=\"yiv2345641780MsoNormal\">\u201cNos por\u00f5es do Pal\u00e1cio, ele fez uma transmiss\u00e3o de r\u00e1dio que atingiu todo o Brasil. Pregou a posse do presidente Jo\u00e3o Goulart, que era vice do presidente J\u00e2nio Quadros. [&#8230;] Tinham grupos mais \u00e0 direita, principalmente militares, que queriam impedir a posse\u201d, acrescentou.<\/p>\n<p class=\"yiv2345641780MsoNormal\">Para mais detalhes sobre a Legalidade, confira a\u00a0<b>cartilha<\/b>\u00a0especial produzida pelo Centro de Mem\u00f3ria Trabalhista (CMT).<\/p>\n<\/div>\n<\/div>\n<\/div>\n<\/div>\n<div class=\"jb_0 X_6MGW N_6Fd5\">\n<div class=\"P_0 je_fq7\"><\/div>\n<\/div>\n<!-- AddThis Advanced Settings generic via filter on the_content --><!-- AddThis Share Buttons generic via filter on the_content -->","protected":false},"excerpt":{"rendered":"<p>Mobiliza\u00e7\u00e3o liderada por Leonel Brizola garantiu a posse do vice-presidente da Rep\u00fablica, Jo\u00e3o Goulart \u201cEm 1961, uma passagem \u00e9pica, hist\u00f3rica, da sociedade brasileira\u201d, classificou o presidente nacional do PDT, Carlos Lupi, ao relembrar nesta quarta-feira (25), em\u00a0v\u00eddeo\u00a0nas redes sociais, a campanha liderada pelo ent\u00e3o governador do Rio Grande do Sul, Leonel Brizola, para garantir a&#8230;<!-- AddThis Advanced Settings generic via filter on wp_trim_excerpt --><!-- AddThis Share Buttons generic via filter on wp_trim_excerpt --><\/p>\n","protected":false},"author":17,"featured_media":79551,"comment_status":"closed","ping_status":"closed","sticky":false,"template":"","format":"standard","meta":{"_monsterinsights_skip_tracking":false,"_monsterinsights_sitenote_active":false,"_monsterinsights_sitenote_note":"","_monsterinsights_sitenote_category":0,"_uf_show_specific_survey":0,"_uf_disable_surveys":false,"footnotes":""},"categories":[1390,4549,1401],"tags":[2386,196,514,565],"class_list":["post-79549","post","type-post","status-publish","format-standard","has-post-thumbnail","hentry","category-editorias","category-memoria","category-nacional","tag-campanha-da-legalidade","tag-carlos-lupi","tag-joao-goulart","tag-leonel-brizola"],"acf":[],"_links":{"self":[{"href":"https:\/\/pdt-rj.org.br\/index.php\/wp-json\/wp\/v2\/posts\/79549","targetHints":{"allow":["GET"]}}],"collection":[{"href":"https:\/\/pdt-rj.org.br\/index.php\/wp-json\/wp\/v2\/posts"}],"about":[{"href":"https:\/\/pdt-rj.org.br\/index.php\/wp-json\/wp\/v2\/types\/post"}],"author":[{"embeddable":true,"href":"https:\/\/pdt-rj.org.br\/index.php\/wp-json\/wp\/v2\/users\/17"}],"replies":[{"embeddable":true,"href":"https:\/\/pdt-rj.org.br\/index.php\/wp-json\/wp\/v2\/comments?post=79549"}],"version-history":[{"count":1,"href":"https:\/\/pdt-rj.org.br\/index.php\/wp-json\/wp\/v2\/posts\/79549\/revisions"}],"predecessor-version":[{"id":79550,"href":"https:\/\/pdt-rj.org.br\/index.php\/wp-json\/wp\/v2\/posts\/79549\/revisions\/79550"}],"wp:featuredmedia":[{"embeddable":true,"href":"https:\/\/pdt-rj.org.br\/index.php\/wp-json\/wp\/v2\/media\/79551"}],"wp:attachment":[{"href":"https:\/\/pdt-rj.org.br\/index.php\/wp-json\/wp\/v2\/media?parent=79549"}],"wp:term":[{"taxonomy":"category","embeddable":true,"href":"https:\/\/pdt-rj.org.br\/index.php\/wp-json\/wp\/v2\/categories?post=79549"},{"taxonomy":"post_tag","embeddable":true,"href":"https:\/\/pdt-rj.org.br\/index.php\/wp-json\/wp\/v2\/tags?post=79549"}],"curies":[{"name":"wp","href":"https:\/\/api.w.org\/{rel}","templated":true}]}}