{"id":79491,"date":"2021-08-24T23:11:30","date_gmt":"2021-08-25T02:11:30","guid":{"rendered":"http:\/\/pdt-rj.org.br\/?p=79491"},"modified":"2021-08-27T16:55:49","modified_gmt":"2021-08-27T19:55:49","slug":"com-mediacao-de-lupi-pdt-debate-legado-de-getulio-vargas-maior-presidente-da-historia-do-pais","status":"publish","type":"post","link":"https:\/\/pdt-rj.org.br\/index.php\/com-mediacao-de-lupi-pdt-debate-legado-de-getulio-vargas-maior-presidente-da-historia-do-pais\/","title":{"rendered":"Com media\u00e7\u00e3o de Lupi, PDT debate legado de Get\u00falio Vargas, maior presidente da hist\u00f3ria do Pa\u00eds"},"content":{"rendered":"<div class=\"msg-body P_wpofO mq_AS\" data-test-id=\"message-view-body-content\">\n<div class=\"jb_0 X_6MGW N_6Fd5\">\n<div id=\"yiv0089530939\">\n<div dir=\"ltr\">\n<p class=\"yiv0089530939MsoNormal\"><em><b>Nos 67 anos da sua morte, evento virtual reuniu lideran\u00e7as trabalhistas, como Manoel Dias, Andre Figueiredo e Juliana Brizola<\/b><\/em><\/p>\n<p class=\"yiv0089530939MsoNormal\">Para marcar os 67 anos da morte de Get\u00falio Vargas, o PDT promoveu um debate, nesta ter\u00e7a-feira (24), com lideran\u00e7as trabalhistas para homenagear o maior presidente da hist\u00f3ria do Brasil. No formato virtual, o\u00a0<a href=\"https:\/\/www.facebook.com\/pdt.org.br\/videos\/864749891137377\/\" target=\"_blank\" rel=\"nofollow noopener noreferrer\">evento<\/a>\u00a0contou com o apoio da Funda\u00e7\u00e3o Leonel Brizola \u2013 Alberto Pasqualini (FLB-AP).<\/p>\n<p class=\"yiv0089530939MsoNormal\">Na abertura, o presidente nacional do partido, Carlos Lupi, classificou Vargas como o \u201cverdadeiro patriota\u201d por todo o seu legado em prol da defesa da na\u00e7\u00e3o soberana e contra o movimento golpista, retardado at\u00e9 a deposi\u00e7\u00e3o de Jo\u00e3o Goulart (Jango), em 1964.<\/p>\n<p class=\"yiv0089530939MsoNormal\">\u201cGet\u00falio, que deu um tiro no peito em 24 de agosto de 1954, marcou a hist\u00f3ria do Brasil, da Rep\u00fablica e da humanidade como o \u00fanico presidente que deu sua vida para impedir um golpe, \u00e0s portas do Pal\u00e1cio do Catete, e que as for\u00e7as mais retr\u00f3gradas e atrasadas, que hoje tentam dominar o Pal\u00e1cio do Planalto, ficassem no poder\u201d, relatou Lupi, citando marcos getulistas na hist\u00f3ria, como a Revolu\u00e7\u00e3o de 30, o rompimento a pol\u00edtica do \u201ccaf\u00e9 com leite\u201d e a carta-testamento.<\/p>\n<p class=\"yiv0089530939MsoNormal\">\u00cdcone do trabalhismo, Vargas acumulou, ao longo das suas duas gest\u00f5es \u00e0 frente do governo federal, uma vasta contribui\u00e7\u00e3o que transformou a ent\u00e3o na\u00e7\u00e3o agr\u00edcola em uma das principais pot\u00eancias mundiais. Entre os destaques, a cria\u00e7\u00e3o de estatais, como a Petrobras, Eletrobras e Vale do Rio Doce, bem como a promulga\u00e7\u00e3o de decretos que garantiram direitos hist\u00f3ricos, como a Consolida\u00e7\u00e3o das Leis do Trabalho (CLT).<\/p>\n<p class=\"yiv0089530939MsoNormal\">\u201cConseguiu construir um projeto de na\u00e7\u00e3o, o primeiro projeto nacional de desenvolvimento, na d\u00e9cada de 30. O pensamento e a antevis\u00e3o de Get\u00falio tinham de prever o que deveria ser essa na\u00e7\u00e3o 50 anos depois\u201d, vinculou Lupi.<\/p>\n<p class=\"yiv0089530939MsoNormal\"><b>Import\u00e2ncia<\/b><\/p>\n<p class=\"yiv0089530939MsoNormal\">Relembrando o elo e devo\u00e7\u00e3o que seu av\u00f4, Leonel Brizola, tinha por Vargas, principalmente com a ida anual \u00e0 S\u00e3o Borja (RS) para colocar a rosa vermelha no t\u00famulo, a deputada estadual Juliana Brizola (PDT-RS) fez um paralelo entre as realidades da \u00e9poca e a atual, al\u00e9m de citar que Ciro Gomes, pr\u00e9-candidato pedetista \u00e0 presid\u00eancia da Rep\u00fablica, representa o \u201cfio da hist\u00f3ria\u201d.<\/p>\n<p class=\"yiv0089530939MsoNormal\">\u201c\u00c9 uma liga\u00e7\u00e3o com todas as conquistas que foram s\u00f3lidas para o povo brasileiro. De agr\u00e1rio para um pa\u00eds industrializado. Tudo que foi s\u00f3lido, como a Petrobras, a Justi\u00e7a do Trabalho e a Sider\u00fargica Nacional. Tantas quest\u00f5es que est\u00e3o at\u00e9 hoje e sustentam o nosso pa\u00eds\u201d, pontuou.<\/p>\n<p class=\"yiv0089530939MsoNormal\">S\u00edmbolo da luta nacionalista, Get\u00falio foi exaltado pelo deputado federal Andr\u00e9 Figueiredo (PDT-CE) em fun\u00e7\u00e3o do comprometimento, desde que assumiu a presid\u00eancia, com quest\u00f5es primordiais: trabalho e educa\u00e7\u00e3o.<\/p>\n<p class=\"yiv0089530939MsoNormal\">\u201cCriou minist\u00e9rios para suplantar dois grandes gargalos que ainda vinham como heran\u00e7a maldita do Imp\u00e9rio, com a degrada\u00e7\u00e3o do trabalho, pois n\u00e3o tinham direitos trabalhistas e escolas para privilegiados\u201d, disse o parlamentar, com cr\u00edticas ao governo Bolsonaro pelos ataques ao patrim\u00f4nio p\u00fablico e aos direitos sociais.<\/p>\n<p class=\"yiv0089530939MsoNormal\">\u201cGet\u00falio era t\u00e3o querido em todo o Brasil, assim como o Brizola. [&#8230;] O Trabalhismo tem uma raiz muito forte no Cear\u00e1. O legado \u00e9 algo grandioso e n\u00f3s temos a miss\u00e3o de perpetu\u00e1-lo, porque esse \u00e9 o verdadeiro caminha da igualdade\u201d, completou, associando o perfil popular e nacionalista de ambos.<\/p>\n<p class=\"yiv0089530939MsoNormal\">Secret\u00e1rio-geral do PDT e presidente da FLB-AP, Manoel Dias mencionou a constante luta de classe e a promo\u00e7\u00e3o, por parte de Vargas, de pol\u00edticas transformadoras em um ambiente dominado pelas oligarquias e interesses econ\u00f4micos.<\/p>\n<p class=\"yiv0089530939MsoNormal\">\u201cSe voc\u00ea ler a carta-testamento, parece que est\u00e1 lendo um documento atual porque as causas, raz\u00f5es e motivos que ele defendia n\u00e3o mudam. Ele conseguiu preparar o Brasil para um pleno crescimento\u201d, salientou.<\/p>\n<p class=\"yiv0089530939MsoNormal\">\u201cAs gera\u00e7\u00f5es se enchem de vigor c\u00edvico \u00e0 medida que passam a conhecer a obra de Get\u00falio. Nesse deserto de ideias, ele serve como guia\u201d, concluiu.<\/p>\n<p>Confira abaixo o evento na \u00edntegra:<\/p>\n<p>https:\/\/www.facebook.com\/watch\/live\/?v=864749891137377&#038;ref=watch_permalink<\/p>\n<\/div>\n<\/div>\n<\/div>\n<\/div>\n<!-- AddThis Advanced Settings generic via filter on the_content --><!-- AddThis Share Buttons generic via filter on the_content -->","protected":false},"excerpt":{"rendered":"<p>Nos 67 anos da sua morte, evento virtual reuniu lideran\u00e7as trabalhistas, como Manoel Dias, Andre Figueiredo e Juliana Brizola Para marcar os 67 anos da morte de Get\u00falio Vargas, o PDT promoveu um debate, nesta ter\u00e7a-feira (24), com lideran\u00e7as trabalhistas para homenagear o maior presidente da hist\u00f3ria do Brasil. No formato virtual, o\u00a0evento\u00a0contou com o&#8230;<!-- AddThis Advanced Settings generic via filter on wp_trim_excerpt --><!-- AddThis Share Buttons generic via filter on wp_trim_excerpt --><\/p>\n","protected":false},"author":17,"featured_media":79513,"comment_status":"closed","ping_status":"closed","sticky":false,"template":"","format":"standard","meta":{"_monsterinsights_skip_tracking":false,"_monsterinsights_sitenote_active":false,"_monsterinsights_sitenote_note":"","_monsterinsights_sitenote_category":0,"_uf_show_specific_survey":0,"_uf_disable_surveys":false,"footnotes":""},"categories":[1390,976],"tags":[34,437,1537,591,718],"class_list":["post-79491","post","type-post","status-publish","format-standard","has-post-thumbnail","hentry","category-editorias","category-noticias-em-destaque","tag-andre-figueiredo","tag-getulio-vargas","tag-juliana-brizola","tag-manoel-dias","tag-petrobras"],"acf":[],"_links":{"self":[{"href":"https:\/\/pdt-rj.org.br\/index.php\/wp-json\/wp\/v2\/posts\/79491","targetHints":{"allow":["GET"]}}],"collection":[{"href":"https:\/\/pdt-rj.org.br\/index.php\/wp-json\/wp\/v2\/posts"}],"about":[{"href":"https:\/\/pdt-rj.org.br\/index.php\/wp-json\/wp\/v2\/types\/post"}],"author":[{"embeddable":true,"href":"https:\/\/pdt-rj.org.br\/index.php\/wp-json\/wp\/v2\/users\/17"}],"replies":[{"embeddable":true,"href":"https:\/\/pdt-rj.org.br\/index.php\/wp-json\/wp\/v2\/comments?post=79491"}],"version-history":[{"count":3,"href":"https:\/\/pdt-rj.org.br\/index.php\/wp-json\/wp\/v2\/posts\/79491\/revisions"}],"predecessor-version":[{"id":79514,"href":"https:\/\/pdt-rj.org.br\/index.php\/wp-json\/wp\/v2\/posts\/79491\/revisions\/79514"}],"wp:featuredmedia":[{"embeddable":true,"href":"https:\/\/pdt-rj.org.br\/index.php\/wp-json\/wp\/v2\/media\/79513"}],"wp:attachment":[{"href":"https:\/\/pdt-rj.org.br\/index.php\/wp-json\/wp\/v2\/media?parent=79491"}],"wp:term":[{"taxonomy":"category","embeddable":true,"href":"https:\/\/pdt-rj.org.br\/index.php\/wp-json\/wp\/v2\/categories?post=79491"},{"taxonomy":"post_tag","embeddable":true,"href":"https:\/\/pdt-rj.org.br\/index.php\/wp-json\/wp\/v2\/tags?post=79491"}],"curies":[{"name":"wp","href":"https:\/\/api.w.org\/{rel}","templated":true}]}}