{"id":79471,"date":"2021-08-24T15:31:36","date_gmt":"2021-08-24T18:31:36","guid":{"rendered":"http:\/\/pdt-rj.org.br\/?p=79471"},"modified":"2021-09-02T02:06:38","modified_gmt":"2021-09-02T05:06:38","slug":"getulio-vargas-brasil-economicamente-forte-politicamente-livre-e-socialmente-justo","status":"publish","type":"post","link":"https:\/\/pdt-rj.org.br\/index.php\/getulio-vargas-brasil-economicamente-forte-politicamente-livre-e-socialmente-justo\/","title":{"rendered":"Get\u00falio Vargas: \u201cBrasil economicamente forte, politicamente livre e socialmente justo\u201d"},"content":{"rendered":"<div class=\"msg-body P_wpofO mq_AS\" data-test-id=\"message-view-body-content\">\n<div class=\"jb_0 X_6MGW N_6Fd5\">\n<div id=\"yiv4486944856\">\n<div dir=\"ltr\">\n<p class=\"yiv4486944856MsoNormal\"><em><b>Em 1952, o ent\u00e3o presidente da Rep\u00fablica ratificou a energia como item fundamental da soberania nacional<\/b><\/em><\/p>\n<p class=\"yiv4486944856MsoNormal\">A emancipa\u00e7\u00e3o econ\u00f4mica e a valoriza\u00e7\u00e3o do bem-estar social foram pontos que caracterizaram as duas gest\u00f5es do ex-presidente da Rep\u00fablica Get\u00falio Vargas, entre as d\u00e9cadas de 30 e 50. Em confer\u00eancia com governadores do Sul, Sudeste e Centro-Oeste, em 9 setembro de 1952, o l\u00edder trabalhista enfatizou a integra\u00e7\u00e3o nacional e a promo\u00e7\u00e3o da pol\u00edtica energ\u00e9tica como elos indutores do pleno progresso de um Brasil\u00a0soberano.<\/p>\n<p class=\"yiv4486944856MsoNormal\">\u201cA experi\u00eancia tem demonstrado que s\u00f3 o nosso pr\u00f3prio esfor\u00e7o pode superar as dificuldades que o pa\u00eds ora atravessa, motivadas pelo volume insuficiente de nossa produ\u00e7\u00e3o. Qualquer aux\u00edlio externo que venhamos a receber n\u00e3o poder\u00e1 suprir a nossa a\u00e7\u00e3o continuada, firme e decidida na luta pela emancipa\u00e7\u00e3o econ\u00f4mica\u201d, ponderou, no discurso resgatado pelo Centro de Mem\u00f3ria Trabalhista (CMT).<\/p>\n<p class=\"yiv4486944856MsoNormal\">\u201cEla estar\u00e1 tanto mais pr\u00f3xima quanto maior for o entusiasmo com que n\u00f3s empregarmos na mais patri\u00f3tica das tarefas: a de reconstruir um Brasil economicamente forte, politicamente livre e socialmente justo\u201d, completou.<\/p>\n<p class=\"yiv4486944856MsoNormal\">Entre as tarefas fundamentais do governo, Vargas colocou a utiliza\u00e7\u00e3o dos \u201cprincipais cursos d&#8217;\u00e1gua como propulsores do desenvolvimento de suas zonas de influ\u00eancia\u201d, com destaque para a Bacia do Paran\u00e1 e toda a regi\u00e3o amaz\u00f4nica.<\/p>\n<p class=\"yiv4486944856MsoNormal\">\u201cO petr\u00f3leo, a eletricidade e o carv\u00e3o foram, portanto, objeto de particular solicitude do Governo, que espera conseguir o m\u00e1ximo e r\u00e1pido aproveitamento de nossas reservas desses recursos, gra\u00e7as a medidas j\u00e1 submetidas \u00e0 aprova\u00e7\u00e3o do Legislativo\u201d, afirmou.<\/p>\n<p class=\"yiv4486944856MsoNormal\">\u201cAs exig\u00eancias do dia presente e do nosso pa\u00eds imp\u00f5em ao Governo a \u00e1rdua responsabilidade de determinar uma ordem, de prioridade para as tarefas a serem empreendidas dentro das disponibilidades de investimento de que podemos lan\u00e7ar m\u00e3o, mas que n\u00e3o podem ser retardadas, sob pena de sacrificar o progresso do pa\u00eds inteiro e suas possibilidades de atingir \u00e0 independ\u00eancia econ\u00f4mica e ao grau de pujan\u00e7a compat\u00edvel com os recursos que lhe prodigalizou a natureza\u201d, salientou.<\/p>\n<p class=\"yiv4486944856MsoNormal\"><b>Eternidade<\/b><\/p>\n<p class=\"yiv4486944856MsoNormal\">Cerca de dois anos depois dessa manifesta\u00e7\u00e3o, justamente esse completo zelo p\u00fablico ebuliu a ira aristocr\u00e1tica e resultou, de forma impactante, no seu suic\u00eddio em 24 de agosto de 1954.<\/p>\n<p class=\"yiv4486944856MsoNormal\">O ato extremo, h\u00e1 60 anos, foi a escolha derradeira para evitar um golpe n\u00e3o s\u00f3 contra o governo trabalhista, mas contra os interesses do povo. Como tradu\u00e7\u00e3o direta da realidade, a carta testamento deixada no Pal\u00e1cio do Catete, sede do governo federal na cidade do Rio de Janeiro.<\/p>\n<p class=\"yiv4486944856MsoNormal\">\u201cMais uma vez as for\u00e7as e os interesses contra o povo coordenaram-se e novamente se desencadeiam sobre mim. N\u00e3o me acusam, insultam; n\u00e3o me combatem, caluniam, e n\u00e3o me d\u00e3o o direito de defesa. Precisam sufocar a minha voz e impedir a minha a\u00e7\u00e3o, para que eu n\u00e3o continue a defender, como sempre defendi, o povo e principalmente os humildes\u201d, disse, na abertura do\u00a0<a href=\"https:\/\/www2.camara.leg.br\/atividade-legislativa\/plenario\/discursos\/escrevendohistoria\/getulio-vargas\/carta-testamento-de-getulio-vargas\" target=\"_blank\" rel=\"nofollow noopener noreferrer\">documento<\/a>.<\/p>\n<\/div>\n<\/div>\n<\/div>\n<\/div>\n<!-- AddThis Advanced Settings generic via filter on the_content --><!-- AddThis Share Buttons generic via filter on the_content -->","protected":false},"excerpt":{"rendered":"<p>Em 1952, o ent\u00e3o presidente da Rep\u00fablica ratificou a energia como item fundamental da soberania nacional A emancipa\u00e7\u00e3o econ\u00f4mica e a valoriza\u00e7\u00e3o do bem-estar social foram pontos que caracterizaram as duas gest\u00f5es do ex-presidente da Rep\u00fablica Get\u00falio Vargas, entre as d\u00e9cadas de 30 e 50. Em confer\u00eancia com governadores do Sul, Sudeste e Centro-Oeste, em&#8230;<!-- AddThis Advanced Settings generic via filter on wp_trim_excerpt --><!-- AddThis Share Buttons generic via filter on wp_trim_excerpt --><\/p>\n","protected":false},"author":17,"featured_media":79472,"comment_status":"closed","ping_status":"closed","sticky":false,"template":"","format":"standard","meta":{"_monsterinsights_skip_tracking":false,"_monsterinsights_sitenote_active":false,"_monsterinsights_sitenote_note":"","_monsterinsights_sitenote_category":0,"_uf_show_specific_survey":0,"_uf_disable_surveys":false,"footnotes":""},"categories":[1390,4549,976],"tags":[5051,3140,3734,437,46],"class_list":["post-79471","post","type-post","status-publish","format-standard","has-post-thumbnail","hentry","category-editorias","category-memoria","category-noticias-em-destaque","tag-bacia-do-parana","tag-centro-de-memoria-trabalhista","tag-cmt","tag-getulio-vargas","tag-trabalhismo"],"acf":[],"_links":{"self":[{"href":"https:\/\/pdt-rj.org.br\/index.php\/wp-json\/wp\/v2\/posts\/79471","targetHints":{"allow":["GET"]}}],"collection":[{"href":"https:\/\/pdt-rj.org.br\/index.php\/wp-json\/wp\/v2\/posts"}],"about":[{"href":"https:\/\/pdt-rj.org.br\/index.php\/wp-json\/wp\/v2\/types\/post"}],"author":[{"embeddable":true,"href":"https:\/\/pdt-rj.org.br\/index.php\/wp-json\/wp\/v2\/users\/17"}],"replies":[{"embeddable":true,"href":"https:\/\/pdt-rj.org.br\/index.php\/wp-json\/wp\/v2\/comments?post=79471"}],"version-history":[{"count":2,"href":"https:\/\/pdt-rj.org.br\/index.php\/wp-json\/wp\/v2\/posts\/79471\/revisions"}],"predecessor-version":[{"id":79474,"href":"https:\/\/pdt-rj.org.br\/index.php\/wp-json\/wp\/v2\/posts\/79471\/revisions\/79474"}],"wp:featuredmedia":[{"embeddable":true,"href":"https:\/\/pdt-rj.org.br\/index.php\/wp-json\/wp\/v2\/media\/79472"}],"wp:attachment":[{"href":"https:\/\/pdt-rj.org.br\/index.php\/wp-json\/wp\/v2\/media?parent=79471"}],"wp:term":[{"taxonomy":"category","embeddable":true,"href":"https:\/\/pdt-rj.org.br\/index.php\/wp-json\/wp\/v2\/categories?post=79471"},{"taxonomy":"post_tag","embeddable":true,"href":"https:\/\/pdt-rj.org.br\/index.php\/wp-json\/wp\/v2\/tags?post=79471"}],"curies":[{"name":"wp","href":"https:\/\/api.w.org\/{rel}","templated":true}]}}