{"id":79463,"date":"2021-08-24T13:44:23","date_gmt":"2021-08-24T16:44:23","guid":{"rendered":"http:\/\/pdt-rj.org.br\/?p=79463"},"modified":"2021-08-26T16:25:07","modified_gmt":"2021-08-26T19:25:07","slug":"ideias-nao-morrem-e-por-isso-getulio-vive-exalta-lupi-durante-brizolandia-no-rio-de-janeiro","status":"publish","type":"post","link":"https:\/\/pdt-rj.org.br\/index.php\/ideias-nao-morrem-e-por-isso-getulio-vive-exalta-lupi-durante-brizolandia-no-rio-de-janeiro\/","title":{"rendered":"\u201cIdeias n\u00e3o morrem e, por isso, Get\u00falio vive\u201d, exalta Lupi durante Brizol\u00e2ndia, no Rio de Janeiro"},"content":{"rendered":"<p><em><strong>Import\u00e2ncia do ex-presidente da Rep\u00fablica marcou homenagens do PDT fluminense no Centro da capital<\/strong><\/em><\/p>\n<p>Ao classificar o ex-presidente da Rep\u00fablica Get\u00falio Vargas como \u201co maior estadista da hist\u00f3ria do Brasil, o presidente nacional do PDT, Carlos Lupi, abriu, nesta ter\u00e7a-feira (24), a edi\u00e7\u00e3o especial da Brizol\u00e2ndia, palco hist\u00f3rico de discursos de Leonel Brizola na pra\u00e7a da Cinel\u00e2ndia, no Centro da cidade do Rio de Janeiro. O encontro reuniu lideran\u00e7as e militantes, que prestaram homenagens ao s\u00edmbolo trabalhista pelos 67 anos da sua morte.<\/p>\n<p>\u201cIdeias n\u00e3o morrem e, por isso, Get\u00falio vive. [&#8230;] Seu imenso legado h\u00e1 de ser defendido e seu caminho seguido por n\u00f3s trabalhistas e nacionalistas\u201d, disse, ao citar o comprometimento do partido com as bandeiras populares.<\/p>\n<p>\u201c\u00c9 a oportunidade de prestar homenagem e revigorar o esp\u00edrito na luta contra aqueles que insistem em entregar o nosso pa\u00eds e abandonar o nosso povo. Persistiremos, pois o pr\u00f3prio Vargas, em sua carta testamento, nos disse que este povo jamais ser\u00e1 novamente escravo de ningu\u00e9m\u201d, garantiu, ao lado de parlamentares e representantes da Funda\u00e7\u00e3o Leonel Brizola \u2013 Alberto Pasqualini (FLB-AP) e dos movimentos pedetistas.<\/p>\n<p>Nas redes sociais, Lupi tamb\u00e9m ratificou a import\u00e2ncia da soberania nacional e dos direitos do cidad\u00e3o, pontos centrais, atualmente, no Projeto Nacional de Desenvolvimento (PND), liderado pelo pr\u00e9-candidato ao Pal\u00e1cio do Planalto pelo PDT, Ciro Gomes.<\/p>\n<p>\u201cGet\u00falio Vargas foi o primeiro a priorizar os mais pobres e dar in\u00edcio a um projeto nacional que colocaria o Brasil no rumo da modernidade. Lutou por uma na\u00e7\u00e3o soberana, conquistou os direitos dos trabalhadores e dividiu a hist\u00f3ria do Brasil porque era um homem al\u00e9m do seu tempo. N\u00e3o \u00e9 \u00e0 toa que seu legado continua vivo e nos guia at\u00e9 hoje!&#8221;, garantiu.<\/p>\n<!-- AddThis Advanced Settings generic via filter on the_content --><!-- AddThis Share Buttons generic via filter on the_content -->","protected":false},"excerpt":{"rendered":"<p>Import\u00e2ncia do ex-presidente da Rep\u00fablica marcou homenagens do PDT fluminense no Centro da capital Ao classificar o ex-presidente da Rep\u00fablica Get\u00falio Vargas como \u201co maior estadista da hist\u00f3ria do Brasil, o presidente nacional do PDT, Carlos Lupi, abriu, nesta ter\u00e7a-feira (24), a edi\u00e7\u00e3o especial da Brizol\u00e2ndia, palco hist\u00f3rico de discursos de Leonel Brizola na pra\u00e7a&#8230;<!-- AddThis Advanced Settings generic via filter on wp_trim_excerpt --><!-- AddThis Share Buttons generic via filter on wp_trim_excerpt --><\/p>\n","protected":false},"author":17,"featured_media":79470,"comment_status":"closed","ping_status":"closed","sticky":false,"template":"","format":"standard","meta":{"_monsterinsights_skip_tracking":false,"_monsterinsights_sitenote_active":false,"_monsterinsights_sitenote_note":"","_monsterinsights_sitenote_category":0,"_uf_show_specific_survey":0,"_uf_disable_surveys":false,"footnotes":""},"categories":[1390,975,976],"tags":[],"class_list":["post-79463","post","type-post","status-publish","format-standard","has-post-thumbnail","hentry","category-editorias","category-manchete","category-noticias-em-destaque"],"acf":[],"_links":{"self":[{"href":"https:\/\/pdt-rj.org.br\/index.php\/wp-json\/wp\/v2\/posts\/79463","targetHints":{"allow":["GET"]}}],"collection":[{"href":"https:\/\/pdt-rj.org.br\/index.php\/wp-json\/wp\/v2\/posts"}],"about":[{"href":"https:\/\/pdt-rj.org.br\/index.php\/wp-json\/wp\/v2\/types\/post"}],"author":[{"embeddable":true,"href":"https:\/\/pdt-rj.org.br\/index.php\/wp-json\/wp\/v2\/users\/17"}],"replies":[{"embeddable":true,"href":"https:\/\/pdt-rj.org.br\/index.php\/wp-json\/wp\/v2\/comments?post=79463"}],"version-history":[{"count":3,"href":"https:\/\/pdt-rj.org.br\/index.php\/wp-json\/wp\/v2\/posts\/79463\/revisions"}],"predecessor-version":[{"id":79542,"href":"https:\/\/pdt-rj.org.br\/index.php\/wp-json\/wp\/v2\/posts\/79463\/revisions\/79542"}],"wp:featuredmedia":[{"embeddable":true,"href":"https:\/\/pdt-rj.org.br\/index.php\/wp-json\/wp\/v2\/media\/79470"}],"wp:attachment":[{"href":"https:\/\/pdt-rj.org.br\/index.php\/wp-json\/wp\/v2\/media?parent=79463"}],"wp:term":[{"taxonomy":"category","embeddable":true,"href":"https:\/\/pdt-rj.org.br\/index.php\/wp-json\/wp\/v2\/categories?post=79463"},{"taxonomy":"post_tag","embeddable":true,"href":"https:\/\/pdt-rj.org.br\/index.php\/wp-json\/wp\/v2\/tags?post=79463"}],"curies":[{"name":"wp","href":"https:\/\/api.w.org\/{rel}","templated":true}]}}