{"id":79451,"date":"2021-08-24T19:07:33","date_gmt":"2021-08-24T22:07:33","guid":{"rendered":"http:\/\/pdt-rj.org.br\/?p=79451"},"modified":"2021-08-24T20:16:20","modified_gmt":"2021-08-24T23:16:20","slug":"getulio-vargas-e-sua-total-entrega-ao-brasil","status":"publish","type":"post","link":"https:\/\/pdt-rj.org.br\/index.php\/getulio-vargas-e-sua-total-entrega-ao-brasil\/","title":{"rendered":"Get\u00falio Vargas e sua total entrega ao Brasil"},"content":{"rendered":"<p>\u201cN\u00e3o querem que o povo seja independente\u201d. Essa afirma\u00e7\u00e3o foi escrita por Get\u00falio Vargas, h\u00e1 exatos 67 anos, em\u00a0 sua Carta Testamento, no dia 24 de agosto, horas antes de dar a sua vida em um ato de bravura em prol de um Brasil soberano e forte.<\/p>\n<p>O desfecho da hist\u00f3ria de Get\u00falio e o que sua morte significou para o Brasil nos levam, al\u00e9m de refletir o atual momento pol\u00edtico, repensar sobre quais a\u00e7\u00f5es de mudan\u00e7a podemos fazer enquanto popula\u00e7\u00e3o de uma na\u00e7\u00e3o democr\u00e1tica. Em meados de outubro de 2018, o Pa\u00eds viu a chegada de um presidente que prometia transpar\u00eancia, honestidade, combate a corrup\u00e7\u00e3o e um Brasil est\u00e1vel, rico e com oportunidades para todos, mas como j\u00e1 era esperado, tendo em vista seu hist\u00f3rico pol\u00edtico e os ideais que ele representa, n\u00e3o tem sido dessa forma.<\/p>\n<p>Hoje, 24 de agosto de 2021, o presidente em vig\u00eancia tem feito, periodicamente, in\u00fameras atrocidades que contradizem tanto com os \u201cbons costumes\u201d<em>\u2013<\/em> defendido por ele e uma de suas principais marcas durante a campanha <em>\u2013 <\/em> quanto a seguridade de direitos fundamentais aos brasileiros que ele tanto prometeu.<\/p>\n<p>Desde o in\u00edcio do seu mandato, Bolsonaro incita viol\u00eancia, desordem e atos que, mais de uma vez, j\u00e1 foram provados como institucionais e que agridem a democracia conquistada pelos brasileiros. Vem tentando destruir, em apenas 4 anos de mandato,<em>\u00a0<\/em>nem conclu\u00eddos ainda<em>,<\/em>\u00a0tudo o que o Estado Brasileiro construiu at\u00e9 hoje.<\/p>\n<p>Um dos exemplos claros que tem tomado espa\u00e7o nos notici\u00e1rios dos \u00faltimos dias \u00e9 a privatiza\u00e7\u00e3o de estatais essenciais no desempenho de servi\u00e7os para a sociedade e fundamentais para a soberania nacional como a Petrobras, Eletrobras e Correios.<\/p>\n<p>Na \u00e9poca de Get\u00falio Vargas a situa\u00e7\u00e3o n\u00e3o era muito diferente. Existia uma luta constante de grandes pot\u00eancias mundiais que queriam impedir que a nossa p\u00e1tria se tornasse forte e soberana.<\/p>\n<p>\u201cTenho lutado m\u00eas a m\u00eas, dia a dia, hora a hora, resistindo a uma press\u00e3o constante, incessante, tudo suportando em sil\u00eancio, tudo esquecendo, renunciando a mim mesmo, para defender o povo\u201d, afirmou o trabalhista em sua carta.<\/p>\n<p>Com a campanha \u201cO petr\u00f3leo \u00e9 nosso\u201d, Get\u00falio, como um verdadeiro estadista que era, criou a Petrobras, empresa capaz de controlar todo o mercado do \u00f3leo no Pa\u00eds, mesmo com as multinacionais fazendo forte press\u00e3o contra a iniciativa. Da mesma forma, o &#8220;pai dos pobres&#8221;, como tamb\u00e9m era conhecido, criou em seu governo a Eletrobr\u00e1s, que garantiria autonomia energ\u00e9tica.<\/p>\n<p>\u201cQuis criar liberdade nacional na potencializa\u00e7\u00e3o das nossas riquezas atrav\u00e9s da Petrobras e, mal come\u00e7a esta a funcionar, a onda de agita\u00e7\u00e3o se avoluma. A Eletrobr\u00e1s foi obstaculada at\u00e9 o desespero. N\u00e3o querem que o trabalhador seja livre\u201d, afirmou Get\u00falio.<\/p>\n<p>Segundo o balan\u00e7o j\u00e1 divulgado pela pr\u00f3pria Eletrobras, a empresa mostra o quanto \u00e9 lucrativa ao anunciar um rendimento l\u00edquido de 2,5 bilh\u00f5es no segundo trimestre deste ano, valor 439% maior que o resultado obtido no segundo trimestre de 2020, o que claramente desmente o principal argumento utilizado pelo governo em favor da privatiza\u00e7\u00e3o.<\/p>\n<p><strong>Impactos da privatiza\u00e7\u00e3o na vida do brasileiro<\/strong><\/p>\n<p>Com a privatiza\u00e7\u00e3o da Eletrobras, o Brasil vai enfrentar uma s\u00e9rie de mudan\u00e7as em rela\u00e7\u00e3o ao pre\u00e7o da energia consumida, desemprego em massa de grandes e pequenas empresas ligadas a pr\u00f3pria Eletrobras, aumento de outros bens que necessitam da mat\u00e9ria prima como o g\u00e1s e o petr\u00f3leo produzido tamb\u00e9m pela empresa e, consequentemente, o aumento dos produtos aliment\u00edcios.<\/p>\n<p>J\u00e1 na privatiza\u00e7\u00e3o dos Correios, al\u00e9m do tamb\u00e9m aumento dos servi\u00e7os oferecidos, em um Pa\u00eds com tanta discrep\u00e2ncia social como o nosso, manter o servi\u00e7o postal administrado pelo Brasil faz parte de pol\u00edticas p\u00fablicas de desigualdades sociais.<\/p>\n<p>Em sua carta, Get\u00falio chama a popula\u00e7\u00e3o para ser resist\u00eancia em meio ao caos que ele j\u00e1 previa.\u00a0&#8220;Cada gota de meu sangue ser\u00e1 uma chama imortal na vossa consci\u00eancia e manter\u00e1 a vibra\u00e7\u00e3o sagrada para a resist\u00eancia&#8221;.<\/p>\n<p>Com um sistema de sa\u00fade tentando se manter ap\u00f3s o surgimento da pandemia, mais de 500 mil mortes causadas pelo Covid- 19, in\u00fameros pais e m\u00e3es de fam\u00edlia lidando com o desemprego em massa <em>\u2013<\/em> agora com a extin\u00e7\u00e3o das estatais <em>\u2013<\/em> , temos uma via para um verdadeiro Projeto Nacional de Desenvolvimento, Ciro Gomes. Em 2022, teremos, novamente, a chance de nos reerguer e continuar a lutar por um Pa\u00eds forte, consolidado, soberano e democr\u00e1tico.<\/p>\n<!-- AddThis Advanced Settings generic via filter on the_content --><!-- AddThis Share Buttons generic via filter on the_content -->","protected":false},"excerpt":{"rendered":"<p>\u201cN\u00e3o querem que o povo seja independente\u201d. Essa afirma\u00e7\u00e3o foi escrita por Get\u00falio Vargas, h\u00e1 exatos 67 anos, em\u00a0 sua Carta Testamento, no dia 24 de agosto, horas antes de dar a sua vida em um ato de bravura em prol de um Brasil soberano e forte. O desfecho da hist\u00f3ria de Get\u00falio e o&#8230;<!-- AddThis Advanced Settings generic via filter on wp_trim_excerpt --><!-- AddThis Share Buttons generic via filter on wp_trim_excerpt --><\/p>\n","protected":false},"author":17,"featured_media":79455,"comment_status":"closed","ping_status":"closed","sticky":false,"template":"","format":"standard","meta":{"_monsterinsights_skip_tracking":false,"_monsterinsights_sitenote_active":false,"_monsterinsights_sitenote_note":"","_monsterinsights_sitenote_category":0,"_uf_show_specific_survey":0,"_uf_disable_surveys":false,"footnotes":""},"categories":[1584,1390],"tags":[220,253,3348,5050,1747,437,5048,5047,4039,718,5049,1541],"class_list":["post-79451","post","type-post","status-publish","format-standard","has-post-thumbnail","hentry","category-artigos","category-editorias","tag-ciro-gomes","tag-correios","tag-covid-19","tag-discrepancia-social","tag-eletrobras","tag-getulio-vargas","tag-impactos-da-privatizacao-na-vida-do-brasileiro","tag-o-petroleo-e-nosso","tag-pai-dos-pobres","tag-petrobras","tag-politicas-publicas-de-desigualdades-sociais","tag-projeto-nacional-de-desenvolvimento"],"acf":[],"_links":{"self":[{"href":"https:\/\/pdt-rj.org.br\/index.php\/wp-json\/wp\/v2\/posts\/79451","targetHints":{"allow":["GET"]}}],"collection":[{"href":"https:\/\/pdt-rj.org.br\/index.php\/wp-json\/wp\/v2\/posts"}],"about":[{"href":"https:\/\/pdt-rj.org.br\/index.php\/wp-json\/wp\/v2\/types\/post"}],"author":[{"embeddable":true,"href":"https:\/\/pdt-rj.org.br\/index.php\/wp-json\/wp\/v2\/users\/17"}],"replies":[{"embeddable":true,"href":"https:\/\/pdt-rj.org.br\/index.php\/wp-json\/wp\/v2\/comments?post=79451"}],"version-history":[{"count":18,"href":"https:\/\/pdt-rj.org.br\/index.php\/wp-json\/wp\/v2\/posts\/79451\/revisions"}],"predecessor-version":[{"id":79482,"href":"https:\/\/pdt-rj.org.br\/index.php\/wp-json\/wp\/v2\/posts\/79451\/revisions\/79482"}],"wp:featuredmedia":[{"embeddable":true,"href":"https:\/\/pdt-rj.org.br\/index.php\/wp-json\/wp\/v2\/media\/79455"}],"wp:attachment":[{"href":"https:\/\/pdt-rj.org.br\/index.php\/wp-json\/wp\/v2\/media?parent=79451"}],"wp:term":[{"taxonomy":"category","embeddable":true,"href":"https:\/\/pdt-rj.org.br\/index.php\/wp-json\/wp\/v2\/categories?post=79451"},{"taxonomy":"post_tag","embeddable":true,"href":"https:\/\/pdt-rj.org.br\/index.php\/wp-json\/wp\/v2\/tags?post=79451"}],"curies":[{"name":"wp","href":"https:\/\/api.w.org\/{rel}","templated":true}]}}