{"id":79445,"date":"2021-08-22T09:55:29","date_gmt":"2021-08-22T12:55:29","guid":{"rendered":"http:\/\/pdt-rj.org.br\/?p=79445"},"modified":"2021-08-22T10:00:07","modified_gmt":"2021-08-22T13:00:07","slug":"quando-deixar-de-ser-presidente-bolsonaro-vai-direto-para-a-cadeia","status":"publish","type":"post","link":"https:\/\/pdt-rj.org.br\/index.php\/quando-deixar-de-ser-presidente-bolsonaro-vai-direto-para-a-cadeia\/","title":{"rendered":"\u201cQuando deixar de ser presidente, Bolsonaro vai direto para a cadeia\u201d"},"content":{"rendered":"<h3>No Caf\u00e9 com Lupi, o presidente pedetista e Walber Agra falam sobre luta judicial contra bolsonarismo<\/h3>\n<p>&nbsp;<\/p>\n<p>Neste s\u00e1bado (21), o Caf\u00e9 com Lupi trouxe como convidado um dos integrantes da assessoria jur\u00eddica do partido, Walber Agra. A ideia do presidente nacional do PDT e l\u00edder do programa, Carlos Lupi, foi expor as atividades pedetistas no judici\u00e1rio em prol da democracia e da defesa do Estado Democr\u00e1tico de Direito. A conversa foi al\u00e9m e fez uma an\u00e1lise do panorama pol\u00edtico nacional.<\/p>\n<p>O Brasil de Bolsonaro e o pr\u00f3prio bolsonarismo s\u00e3o frutos da aliena\u00e7\u00e3o do povo brasileiro, constru\u00edda ao longo dos governos anteriores, como defende Agra. Segundo o advogado, o investimento equivocado em educa\u00e7\u00e3o, favorecendo a universidade privada em detrimento da p\u00fablica, e a forma\u00e7\u00e3o de consumidores no lugar de cidad\u00e3os cr\u00edticos \u00e9 o que explica o cen\u00e1rio atual.<\/p>\n<p>\u201cO bolsonarismo \u00e9 um movimento negacionista, extremamente anticienfiticista e que deixa muito claro o empobrecimento da na\u00e7\u00e3o. N\u00f3s tentamos democratizar o ensino universit\u00e1rio atrav\u00e9s de universidade privada. Criou-se o \u2018bolsa empres\u00e1rio de educa\u00e7\u00e3o\u2019 no governo Dilma, [com investimento de] 17 bilh\u00f5es [de reais]. Se tiv\u00e9ssemos pegado metade desse dinheiro e investido em universidade p\u00fablica, n\u00f3s ter\u00edamos revolucionado esse pa\u00eds\u201d, avaliou Walber.<\/p>\n<p>Lupi levantou o assunto das incurs\u00f5es judiciais contra Bolsonaro nas cortes internacionais, sobretudo pela condu\u00e7\u00e3o desastrosa do presidente da Rep\u00fablica no combate \u00e0 pandemia do coronav\u00edrus. \u201cFizemos uma den\u00fancia em que apontamos que Bolsonaro ignorou a Organiza\u00e7\u00e3o Mundial da Sa\u00fade sobre a pandemia\u201d, lembrou o presidente do PDT questionando Agra acerca das a\u00e7\u00f5es movidas contra o mandat\u00e1rio brasileiro.<\/p>\n<p>De acordo com Walber, o partido entrou com duas a\u00e7\u00f5es em cortes internacionais e foi pioneiro ao cobrar a responsabilidade de Bolsonaro, nessa esfera judicial, a respeito do elevado n\u00famero de mortos por covid-19 no pa\u00eds. \u201cA primeira <a> foi na corte do Tribunal Penal Internacional, fomos o primeiro partido a fazer isso. [&#8230;] Tamb\u00e9m entramos no Tribunal Latino-americano de Direitos Humanos\u201d, afirmou o advogado.<\/p>\n<p>Agra lembrou que a luta judicial \u00e9 apenas um campo no combate ao bolsonarismo e salientou a import\u00e2ncia do movimento para que Bolsonaro seja responsabilizado quando houver clima pol\u00edtico para isso. Como afirmou Lupi: \u201cassim que ele [Bolsonaro] for derrotado politicamente e deixar a presid\u00eancia da Rep\u00fablica, ele vai direto para a cadeia\u201d.<\/p>\n<p>Confira abaixo a \u00edntegra do Caf\u00e9 com Lupi.<\/p>\n<p><iframe loading=\"lazy\" title=\"YouTube video player\" src=\"\/\/www.youtube.com\/embed\/UrlsIl-gcTI\" width=\"853\" height=\"480\" frameborder=\"0\" allowfullscreen=\"allowfullscreen\"><\/iframe><\/p>\n<!-- AddThis Advanced Settings generic via filter on the_content --><!-- AddThis Share Buttons generic via filter on the_content -->","protected":false},"excerpt":{"rendered":"<p>No Caf\u00e9 com Lupi, o presidente pedetista e Walber Agra falam sobre luta judicial contra bolsonarismo &nbsp; Neste s\u00e1bado (21), o Caf\u00e9 com Lupi trouxe como convidado um dos integrantes da assessoria jur\u00eddica do partido, Walber Agra. A ideia do presidente nacional do PDT e l\u00edder do programa, Carlos Lupi, foi expor as atividades pedetistas&#8230;<!-- AddThis Advanced Settings generic via filter on wp_trim_excerpt --><!-- AddThis Share Buttons generic via filter on wp_trim_excerpt --><\/p>\n","protected":false},"author":17,"featured_media":79446,"comment_status":"closed","ping_status":"closed","sticky":false,"template":"","format":"standard","meta":{"_monsterinsights_skip_tracking":false,"_monsterinsights_sitenote_active":false,"_monsterinsights_sitenote_note":"","_monsterinsights_sitenote_category":0,"_uf_show_specific_survey":0,"_uf_disable_surveys":false,"footnotes":""},"categories":[1401,976],"tags":[5030,3695,196,3774],"class_list":["post-79445","post","type-post","status-publish","format-standard","has-post-thumbnail","hentry","category-nacional","category-noticias-em-destaque","tag-bolsonarismo","tag-cafe-com-lupi","tag-carlos-lupi","tag-walber-agra"],"acf":[],"_links":{"self":[{"href":"https:\/\/pdt-rj.org.br\/index.php\/wp-json\/wp\/v2\/posts\/79445","targetHints":{"allow":["GET"]}}],"collection":[{"href":"https:\/\/pdt-rj.org.br\/index.php\/wp-json\/wp\/v2\/posts"}],"about":[{"href":"https:\/\/pdt-rj.org.br\/index.php\/wp-json\/wp\/v2\/types\/post"}],"author":[{"embeddable":true,"href":"https:\/\/pdt-rj.org.br\/index.php\/wp-json\/wp\/v2\/users\/17"}],"replies":[{"embeddable":true,"href":"https:\/\/pdt-rj.org.br\/index.php\/wp-json\/wp\/v2\/comments?post=79445"}],"version-history":[{"count":3,"href":"https:\/\/pdt-rj.org.br\/index.php\/wp-json\/wp\/v2\/posts\/79445\/revisions"}],"predecessor-version":[{"id":79450,"href":"https:\/\/pdt-rj.org.br\/index.php\/wp-json\/wp\/v2\/posts\/79445\/revisions\/79450"}],"wp:featuredmedia":[{"embeddable":true,"href":"https:\/\/pdt-rj.org.br\/index.php\/wp-json\/wp\/v2\/media\/79446"}],"wp:attachment":[{"href":"https:\/\/pdt-rj.org.br\/index.php\/wp-json\/wp\/v2\/media?parent=79445"}],"wp:term":[{"taxonomy":"category","embeddable":true,"href":"https:\/\/pdt-rj.org.br\/index.php\/wp-json\/wp\/v2\/categories?post=79445"},{"taxonomy":"post_tag","embeddable":true,"href":"https:\/\/pdt-rj.org.br\/index.php\/wp-json\/wp\/v2\/tags?post=79445"}],"curies":[{"name":"wp","href":"https:\/\/api.w.org\/{rel}","templated":true}]}}