{"id":79412,"date":"2021-08-20T15:40:14","date_gmt":"2021-08-20T18:40:14","guid":{"rendered":"http:\/\/pdt-rj.org.br\/?p=79412"},"modified":"2021-08-20T15:53:27","modified_gmt":"2021-08-20T18:53:27","slug":"pdt-condena-pec-da-reforma-administrativa-em-audiencia-conjunta-na-camara-do-rio-de-janeiro","status":"publish","type":"post","link":"https:\/\/pdt-rj.org.br\/index.php\/pdt-condena-pec-da-reforma-administrativa-em-audiencia-conjunta-na-camara-do-rio-de-janeiro\/","title":{"rendered":"PDT condena PEC da reforma administrativa em audi\u00eancia conjunta na C\u00e2mara do Rio de Janeiro"},"content":{"rendered":"<p class=\"yiv2932208117gmail-MsoNoSpacing\"><b>\u00a0<\/b><em><b>Martha Rocha defendeu os direitos dos trabalhadores e criticou as medidas de Bolsonaro<\/b><\/em><\/p>\n<p class=\"yiv2932208117gmail-MsoNoSpacing\"><b>\u00a0<\/b>Durante audi\u00eancia p\u00fablica conjunta entre as Comiss\u00f5es de Trabalho da Assembleia Legislativa do Rio de Janeiro (Alerj) e da C\u00e2mara Municipal da capital, nesta quinta-feira (19), o PDT condenou a Proposta de Emenda Constitucional (PEC) 32\/2020 em tramita\u00e7\u00e3o no Congresso Nacional. Apresentada pelo governo Bolsonaro, o pacote prop\u00f5e 27 altera\u00e7\u00f5es que atingem os servidores p\u00fablicos.<\/p>\n<p class=\"yiv2932208117gmail-MsoNoSpacing\">Para a deputada Martha Rocha (PDT-RJ), presidente da Comiss\u00e3o de Sa\u00fade no parlamento fluminsene, a gest\u00e3o federal sustenta a justificativa de combater os privil\u00e9gios do servi\u00e7o p\u00fablico, mas a realidade indica que \u00e9 apenas mais uma tentativa de retirar direitos do conjunto da classe trabalhadora\u201d em uma movimenta\u00e7\u00e3o sem qualquer discuss\u00e3o com a sociedade.<\/p>\n<p class=\"yiv2932208117gmail-MsoNoSpacing\">&#8220;Precariza ainda mais os mais pobres ao criar subcarreiras e deixando a juventude sem qualquer direito trabalhista. \u00c9 hora de somar for\u00e7as e lutar em todos os espa\u00e7os pol\u00edticos contra esses retrocessos civilizat\u00f3rios&#8221;, afirmou.<\/p>\n<p class=\"yiv2932208117gmail-MsoNoSpacing\">\u201cSe algu\u00e9m possui qualquer d\u00favida em rela\u00e7\u00e3o ao servi\u00e7o desempenhado pelo servidor p\u00fablico nesse momento, \u00e9 s\u00f3 olhar para o trabalho deles frente \u00e0 pandemia do coronav\u00edrus. \u00c9 preciso que o estado, a capital e seus munic\u00edpios, sejam uma resist\u00eancia a essa reforma que objetiva apenas a redu\u00e7\u00e3o do bem estar social e que desconsidera toda a popula\u00e7\u00e3o\u201d, refor\u00e7ou a pedetista.<\/p>\n<p class=\"yiv2932208117gmail-MsoNoSpacing\">Na \u00faltima segunda-feira (16), a Alerj sediou o Semin\u00e1rio Estadual da Comiss\u00e3o Especial da C\u00e2mara dos Deputados sobre a reforma. Na ocasi\u00e3o, os parlamentares tamb\u00e9m abordaram o impacto na presta\u00e7\u00e3o de servi\u00e7os p\u00fablicos, ao lado do deputado federal Paulo Ramos (PDT-RJ), lideran\u00e7as sindicais e servidores da sa\u00fade e educa\u00e7\u00e3o.<\/p>\n<p class=\"yiv2932208117gmail-MsoNoSpacing\"><strong>Crise<\/strong><\/p>\n<p class=\"yiv2932208117gmail-MsoNoSpacing\">Na ocasi\u00e3o, a auditora fiscal aposentada da Receita Federal tra\u00e7ou um hist\u00f3rico da situa\u00e7\u00e3o econ\u00f4mica do estado e destacou o momento ca\u00f3tico do estado.<\/p>\n<p class=\"yiv2932208117gmail-MsoNoSpacing\">\u201cO problema nas contas p\u00fablicas hoje deriva da d\u00edvida refinanciada com a Uni\u00e3o, e n\u00e3o do gasto com os servidores. S\u00f3 em 2020, os gastos com a d\u00edvida p\u00fablica cresceram em 33%. [&#8230;] A proposta 32 decorre de um cen\u00e1rio de escassez que teve in\u00edcio, em 2014, e vem de uma falsa alega\u00e7\u00e3o de que o problema das contas p\u00fablicas est\u00e1 no gasto com os servidores\u201d, avaliou.<\/p>\n<p class=\"yiv2932208117gmail-MsoNoSpacing\">\u201cQuem mais vai perder \u00e9 o conjunto da sociedade brasileira. Em um pa\u00eds t\u00e3o desigual como o nosso, a maioria das pessoas n\u00e3o t\u00eam acesso \u00e0 educa\u00e7\u00e3o, a n\u00e3o ser por meio do ensino p\u00fablico, assim como muitos n\u00e3o t\u00eam acesso \u00e0 sa\u00fade, a n\u00e3o ser pelo SUS. Essa PEC n\u00e3o pode nem ser considerada uma reforma, porque ela n\u00e3o melhora nada\u201d, finalizou Fattorelli.<\/p>\n<!-- AddThis Advanced Settings generic via filter on the_content --><!-- AddThis Share Buttons generic via filter on the_content -->","protected":false},"excerpt":{"rendered":"<p>\u00a0Martha Rocha defendeu os direitos dos trabalhadores e criticou as medidas de Bolsonaro \u00a0Durante audi\u00eancia p\u00fablica conjunta entre as Comiss\u00f5es de Trabalho da Assembleia Legislativa do Rio de Janeiro (Alerj) e da C\u00e2mara Municipal da capital, nesta quinta-feira (19), o PDT condenou a Proposta de Emenda Constitucional (PEC) 32\/2020 em tramita\u00e7\u00e3o no Congresso Nacional. Apresentada&#8230;<!-- AddThis Advanced Settings generic via filter on wp_trim_excerpt --><!-- AddThis Share Buttons generic via filter on wp_trim_excerpt --><\/p>\n","protected":false},"author":17,"featured_media":79413,"comment_status":"closed","ping_status":"closed","sticky":false,"template":"","format":"standard","meta":{"_monsterinsights_skip_tracking":false,"_monsterinsights_sitenote_active":false,"_monsterinsights_sitenote_note":"","_monsterinsights_sitenote_category":0,"_uf_show_specific_survey":0,"_uf_disable_surveys":false,"footnotes":""},"categories":[976],"tags":[999,3278,3241,1246,900],"class_list":["post-79412","post","type-post","status-publish","format-standard","has-post-thumbnail","hentry","category-noticias-em-destaque","tag-direitos-dos-trabalhadores","tag-marta-rocha","tag-paulo-ramos","tag-reforma-administrativa","tag-sus"],"acf":[],"_links":{"self":[{"href":"https:\/\/pdt-rj.org.br\/index.php\/wp-json\/wp\/v2\/posts\/79412","targetHints":{"allow":["GET"]}}],"collection":[{"href":"https:\/\/pdt-rj.org.br\/index.php\/wp-json\/wp\/v2\/posts"}],"about":[{"href":"https:\/\/pdt-rj.org.br\/index.php\/wp-json\/wp\/v2\/types\/post"}],"author":[{"embeddable":true,"href":"https:\/\/pdt-rj.org.br\/index.php\/wp-json\/wp\/v2\/users\/17"}],"replies":[{"embeddable":true,"href":"https:\/\/pdt-rj.org.br\/index.php\/wp-json\/wp\/v2\/comments?post=79412"}],"version-history":[{"count":4,"href":"https:\/\/pdt-rj.org.br\/index.php\/wp-json\/wp\/v2\/posts\/79412\/revisions"}],"predecessor-version":[{"id":79417,"href":"https:\/\/pdt-rj.org.br\/index.php\/wp-json\/wp\/v2\/posts\/79412\/revisions\/79417"}],"wp:featuredmedia":[{"embeddable":true,"href":"https:\/\/pdt-rj.org.br\/index.php\/wp-json\/wp\/v2\/media\/79413"}],"wp:attachment":[{"href":"https:\/\/pdt-rj.org.br\/index.php\/wp-json\/wp\/v2\/media?parent=79412"}],"wp:term":[{"taxonomy":"category","embeddable":true,"href":"https:\/\/pdt-rj.org.br\/index.php\/wp-json\/wp\/v2\/categories?post=79412"},{"taxonomy":"post_tag","embeddable":true,"href":"https:\/\/pdt-rj.org.br\/index.php\/wp-json\/wp\/v2\/tags?post=79412"}],"curies":[{"name":"wp","href":"https:\/\/api.w.org\/{rel}","templated":true}]}}