{"id":79409,"date":"2021-08-19T14:36:10","date_gmt":"2021-08-19T17:36:10","guid":{"rendered":"http:\/\/pdt-rj.org.br\/?p=79409"},"modified":"2021-08-19T14:36:10","modified_gmt":"2021-08-19T17:36:10","slug":"pdt-do-rj-promove-ciclo-virtual-de-debates-trabalhismo-direitos-humanos-e-diversidade","status":"publish","type":"post","link":"https:\/\/pdt-rj.org.br\/index.php\/pdt-do-rj-promove-ciclo-virtual-de-debates-trabalhismo-direitos-humanos-e-diversidade\/","title":{"rendered":"PDT do RJ promove ciclo virtual de debates \u201cTrabalhismo, Direitos Humanos e Diversidade\u201d"},"content":{"rendered":"<p class=\"yiv6037093631MsoNormal\"><em><b>Com quatro pain\u00e9is, o curso \u00e9 organizado pelo PDT Diversidade fluminense e conta com apoio da Funda\u00e7\u00e3o<\/b><\/em><\/p>\n<p class=\"yiv6037093631MsoNormal\">\n<p class=\"yiv6037093631MsoNormal\">O PDT do estado do Rio de Janeiro, a partir do movimento PDT Diversidade, promover\u00e1 o ciclo virtual de debates \u201cTrabalhismo, Direitos Humanos e Diversidade\u201d entre os dias 9 e 27 de setembro. A a\u00e7\u00e3o gratuita conta com o apoio da representa\u00e7\u00e3o fluminense da Funda\u00e7\u00e3o Leonel Brizola &#8211; Alberto Pasqualini (FLB-AP).<\/p>\n<p class=\"yiv6037093631MsoNormal\">A abertura, programada para o dia 9, \u00e0s 19h, ter\u00e1 a participa\u00e7\u00e3o da educadora e escritora Atena Roveda para abordar a for\u00e7a das bandeiras trabalhistas na luta pelas garantias sociais de todos os brasileiros.<\/p>\n<p class=\"yiv6037093631MsoNormal\">O segundo painel receber\u00e1 no dia 13, \u00e0s 19h, o presidente do PDT Diversidade do Paran\u00e1, Rennan Ziemer, que vincular\u00e1 a relev\u00e2ncia dos direitos humanos integrados na luta da popula\u00e7\u00e3o LGBT. Para analisar o processo hist\u00f3rico, o presidente do movimento em S\u00e3o Paulo, Felipe Pinheiro, ser\u00e1 o convidado do pen\u00faltimo encontro, em 20 de setembro, \u00e0s 19h.<\/p>\n<p class=\"yiv6037093631MsoNormal\">No encerramento, a presidente nacional do PDT Diversidade, Amanda Anderson, abordar\u00e1, no dia 27 de setembro, \u00e0s 19h, a interliga\u00e7\u00e3o com a pol\u00edtica partid\u00e1ria e o pioneirismo pedetista.<\/p>\n<p class=\"yiv6037093631MsoNormal\">Estruturado na plataforma Zoom, o curso abriu inscri\u00e7\u00f5es atrav\u00e9s do link:\u00a0<a rel=\"nofollow noopener noreferrer\">encurtador.com.br\/BJLU8<\/a>.<\/p>\n<!-- AddThis Advanced Settings generic via filter on the_content --><!-- AddThis Share Buttons generic via filter on the_content -->","protected":false},"excerpt":{"rendered":"<p>Com quatro pain\u00e9is, o curso \u00e9 organizado pelo PDT Diversidade fluminense e conta com apoio da Funda\u00e7\u00e3o O PDT do estado do Rio de Janeiro, a partir do movimento PDT Diversidade, promover\u00e1 o ciclo virtual de debates \u201cTrabalhismo, Direitos Humanos e Diversidade\u201d entre os dias 9 e 27 de setembro. A a\u00e7\u00e3o gratuita conta com&#8230;<!-- AddThis Advanced Settings generic via filter on wp_trim_excerpt --><!-- AddThis Share Buttons generic via filter on wp_trim_excerpt --><\/p>\n","protected":false},"author":17,"featured_media":79410,"comment_status":"closed","ping_status":"closed","sticky":false,"template":"","format":"standard","meta":{"_monsterinsights_skip_tracking":false,"_monsterinsights_sitenote_active":false,"_monsterinsights_sitenote_note":"","_monsterinsights_sitenote_category":0,"_uf_show_specific_survey":0,"_uf_disable_surveys":false,"footnotes":""},"categories":[1390],"tags":[51,54,1918,426,38,1602,46],"class_list":["post-79409","post","type-post","status-publish","format-standard","has-post-thumbnail","hentry","category-editorias","tag-amanda-anderson","tag-direitos-humanos","tag-diversidade","tag-fundacao-leonel-brizola-alberto-pasqualini","tag-pdt","tag-rio-de-janeiro","tag-trabalhismo"],"acf":[],"_links":{"self":[{"href":"https:\/\/pdt-rj.org.br\/index.php\/wp-json\/wp\/v2\/posts\/79409","targetHints":{"allow":["GET"]}}],"collection":[{"href":"https:\/\/pdt-rj.org.br\/index.php\/wp-json\/wp\/v2\/posts"}],"about":[{"href":"https:\/\/pdt-rj.org.br\/index.php\/wp-json\/wp\/v2\/types\/post"}],"author":[{"embeddable":true,"href":"https:\/\/pdt-rj.org.br\/index.php\/wp-json\/wp\/v2\/users\/17"}],"replies":[{"embeddable":true,"href":"https:\/\/pdt-rj.org.br\/index.php\/wp-json\/wp\/v2\/comments?post=79409"}],"version-history":[{"count":1,"href":"https:\/\/pdt-rj.org.br\/index.php\/wp-json\/wp\/v2\/posts\/79409\/revisions"}],"predecessor-version":[{"id":79411,"href":"https:\/\/pdt-rj.org.br\/index.php\/wp-json\/wp\/v2\/posts\/79409\/revisions\/79411"}],"wp:featuredmedia":[{"embeddable":true,"href":"https:\/\/pdt-rj.org.br\/index.php\/wp-json\/wp\/v2\/media\/79410"}],"wp:attachment":[{"href":"https:\/\/pdt-rj.org.br\/index.php\/wp-json\/wp\/v2\/media?parent=79409"}],"wp:term":[{"taxonomy":"category","embeddable":true,"href":"https:\/\/pdt-rj.org.br\/index.php\/wp-json\/wp\/v2\/categories?post=79409"},{"taxonomy":"post_tag","embeddable":true,"href":"https:\/\/pdt-rj.org.br\/index.php\/wp-json\/wp\/v2\/tags?post=79409"}],"curies":[{"name":"wp","href":"https:\/\/api.w.org\/{rel}","templated":true}]}}