{"id":79402,"date":"2021-08-19T13:05:36","date_gmt":"2021-08-19T16:05:36","guid":{"rendered":"http:\/\/pdt-rj.org.br\/?p=79402"},"modified":"2021-08-19T13:05:36","modified_gmt":"2021-08-19T16:05:36","slug":"com-consulta-publica-online-prefeitura-de-niteroi-rj-amplia-iniciativas-voltadas-para-primeira-infancia","status":"publish","type":"post","link":"https:\/\/pdt-rj.org.br\/index.php\/com-consulta-publica-online-prefeitura-de-niteroi-rj-amplia-iniciativas-voltadas-para-primeira-infancia\/","title":{"rendered":"Com consulta p\u00fablica online, Prefeitura de Niter\u00f3i (RJ) amplia iniciativas voltadas para primeira inf\u00e2ncia"},"content":{"rendered":"<p data-raofz=\"15\">Sob a gest\u00e3o do prefeito Axel Grael (PDT), a Prefeitura de Niter\u00f3i (RJ) est\u00e1 desenvolvendo e ampliando uma s\u00e9rie de iniciativas voltadas para promover mudan\u00e7a de comportamento no cuidado de crian\u00e7as de 0 a 6 anos. Nesta quarta-feira (18), entrou no ar, via plataforma digital Colab, uma consulta p\u00fablica voltada para os pais e pessoas que cuidam de pequenos nesta faixa et\u00e1ria.<\/p>\n<p data-raofz=\"15\">Recentemente, o gestor assinou uma carta-compromisso com a Primeira Inf\u00e2ncia e tamb\u00e9m como parceiro da a\u00e7\u00e3o &#8220;P\u00e9 de Inf\u00e2ncia&#8221;. Iniciativa da Urban95 que busca promover mudan\u00e7as duradouras nos espa\u00e7os p\u00fablicos e nas oportunidades que moldam o per\u00edodo crucial da vida das crian\u00e7as.<\/p>\n<p data-raofz=\"15\">A consulta p\u00fablica pode ser acessada pelo link\u00a0<a role=\"link\" href=\"http:\/\/stg-consultas.colab.re\/pedeinfancia\" rel=\"noreferrer noopener\" data-raofz=\"15\">http:\/\/stg-consultas.colab.re\/pedeinfancia<\/a> e ficar\u00e1 dispon\u00edvel at\u00e9 o dia 7 de setembro. O objetivo da pesquisa \u00e9 saber como \u00e9 o dia a dia destes pais e cuidadores para a elabora\u00e7\u00e3o de projetos voltados para este p\u00fablico, crian\u00e7as de 0 a 6 anos e tamb\u00e9m para as gestantes. S\u00e3o perguntas voltadas para a forma como estas pessoas se relacionam com as crian\u00e7as, como s\u00e3o e quais s\u00e3o os tipos de brincadeiras, quais os locais onde brincam, entre outras.<\/p>\n<p data-raofz=\"15\">\u201cNos \u00faltimos oito anos, a Prefeitura construiu mais 23 escolas, chamadas de Unidades Municipais de Educa\u00e7\u00e3o Infantil, as Umeis. Ent\u00e3o, na \u00e1rea de educa\u00e7\u00e3o, j\u00e1 tinha uma prioridade para a primeira inf\u00e2ncia. Trazer este olhar para que a primeira inf\u00e2ncia sa\u00edsse dos muros das escolas j\u00e1 estava no nosso planejamento. A Rede Urban95 nos trouxe ainda mais est\u00edmulo e uma metodologia para desenvolver isso de forma planejada. \u00c9 uma parceria que veio em \u00f3tima hora e que est\u00e1 funcionando muito bem\u201d, disse Axel Grael.<\/p>\n<p data-raofz=\"15\"><strong>Projeto &#8220;P\u00e9 de Inf\u00e2ncia&#8221;<\/strong><\/p>\n<p data-raofz=\"15\">Para ser desenhado, o projeto &#8220;P\u00e9 de Inf\u00e2ncia&#8221; contou, por um lado, com premissas cient\u00edficas, por outro, com cartografias afetivas das comunidades, participa\u00e7\u00e3o de gestores dos munic\u00edpios e participa\u00e7\u00e3o de especialistas em Primeira Inf\u00e2ncia. Tudo para criar uma caixa de ferramentas que ajude cuidadores de crian\u00e7as pequenas a incluir tr\u00eas comportamentos fundamentais em suas rotinas: brincar, cantar e contar hist\u00f3rias diariamente durante os primeiros 6 anos.<\/p>\n<p data-raofz=\"15\">A partir destas ferramentas de desenvolvimento, foi elaborado um programa de atividades em di\u00e1logo com a cultura e as necessidades da comunidade local. Esse programa vai ocupar ruas, cal\u00e7adas e equipamentos p\u00fablicos como parques e pra\u00e7as, entre outros espa\u00e7os. O P\u00e9 de Inf\u00e2ncia ainda abrange canais de comunica\u00e7\u00e3o entre Prefeitura, fam\u00edlias, cuidadores para compartilhamento de informa\u00e7\u00f5es e experi\u00eancias relacionadas \u00e0 primeira inf\u00e2ncia.<\/p>\n<p data-raofz=\"15\">\u201cNiter\u00f3i trabalha de forma integrada nos projetos relacionados a Primeira Inf\u00e2ncia. Hoje, cerca de 40 gestores atuam ativamente nos projetos desenvolvidos em parceria com a Urban 95. Al\u00e9m disso, estamos investindo na conscientiza\u00e7\u00e3o das amplas necessidades da Primeira Inf\u00e2ncia, o que facilita a integra\u00e7\u00e3o das Secretarias. Niter\u00f3i tamb\u00e9m aposta na troca de experi\u00eancias com outros munic\u00edpios, o que nos proporciona a possibilidade de conhecer a realidade de diferentes locais e abre caminhos para futuras parcerias\u201d, contou a secret\u00e1ria do Escrit\u00f3rio de Gest\u00e3o de Projetos, Val\u00e9ria Braga.<\/p>\n<p data-raofz=\"15\">A Rede Urban 95 destaca que \u00e9 nesta fase da vida que, aten\u00e7\u00e3o, motiva\u00e7\u00e3o e sociabilidade, caracter\u00edsticas imprescind\u00edveis para um bom desempenho na escola, nas rela\u00e7\u00f5es interpessoais e no trabalho d\u00e3o seus primeiros passos.<\/p>\n<p data-raofz=\"15\"><strong>Funda\u00e7\u00e3o Bernard van Leer<\/strong><\/p>\n<p data-raofz=\"15\">A iniciativa da Funda\u00e7\u00e3o Bernard van Leer \u2013 institui\u00e7\u00e3o privada internacional que h\u00e1 50 anos desenvolve e compartilha o conhecimento de experi\u00eancias que funcionam no desenvolvimento da primeira inf\u00e2ncia no Brasil e em outros pa\u00edses do mundo \u2013 a Urban95 busca promover mudan\u00e7as duradouras nos espa\u00e7os p\u00fablicos e nas oportunidades que moldam os primeiros seis anos, cruciais da vida das crian\u00e7as.<\/p>\n<p data-raofz=\"15\">Por esse motivo, esta iniciativa trabalha com urbanistas, planejadores, designers e autoridades municipais. A partir dessa a\u00e7\u00e3o em conjunto, visa melhorar dois fatores cr\u00edticos no desenvolvimento da primeira inf\u00e2ncia: a qualidade e a frequ\u00eancia das intera\u00e7\u00f5es entre crian\u00e7as pequenas e seus cuidadores, bem como o bem-estar de todos envolvidos.<\/p>\n<!-- AddThis Advanced Settings generic via filter on the_content --><!-- AddThis Share Buttons generic via filter on the_content -->","protected":false},"excerpt":{"rendered":"<p>Sob a gest\u00e3o do prefeito Axel Grael (PDT), a Prefeitura de Niter\u00f3i (RJ) est\u00e1 desenvolvendo e ampliando uma s\u00e9rie de iniciativas voltadas para promover mudan\u00e7a de comportamento no cuidado de crian\u00e7as de 0 a 6 anos. Nesta quarta-feira (18), entrou no ar, via plataforma digital Colab, uma consulta p\u00fablica voltada para os pais e pessoas&#8230;<!-- AddThis Advanced Settings generic via filter on wp_trim_excerpt --><!-- AddThis Share Buttons generic via filter on wp_trim_excerpt --><\/p>\n","protected":false},"author":17,"featured_media":79408,"comment_status":"closed","ping_status":"closed","sticky":false,"template":"","format":"standard","meta":{"_monsterinsights_skip_tracking":false,"_monsterinsights_sitenote_active":false,"_monsterinsights_sitenote_note":"","_monsterinsights_sitenote_category":0,"_uf_show_specific_survey":0,"_uf_disable_surveys":false,"footnotes":""},"categories":[1390,1402],"tags":[4025,5041,5042,3083,5044,5043],"class_list":["post-79402","post","type-post","status-publish","format-standard","has-post-thumbnail","hentry","category-editorias","category-cidades","tag-axel-grael","tag-fundacao-bernard-van-leer","tag-pe-de-infancia","tag-primeira-infancia","tag-rede-urban95","tag-unidades-municipais-de-educacao-infantil"],"acf":[],"_links":{"self":[{"href":"https:\/\/pdt-rj.org.br\/index.php\/wp-json\/wp\/v2\/posts\/79402","targetHints":{"allow":["GET"]}}],"collection":[{"href":"https:\/\/pdt-rj.org.br\/index.php\/wp-json\/wp\/v2\/posts"}],"about":[{"href":"https:\/\/pdt-rj.org.br\/index.php\/wp-json\/wp\/v2\/types\/post"}],"author":[{"embeddable":true,"href":"https:\/\/pdt-rj.org.br\/index.php\/wp-json\/wp\/v2\/users\/17"}],"replies":[{"embeddable":true,"href":"https:\/\/pdt-rj.org.br\/index.php\/wp-json\/wp\/v2\/comments?post=79402"}],"version-history":[{"count":5,"href":"https:\/\/pdt-rj.org.br\/index.php\/wp-json\/wp\/v2\/posts\/79402\/revisions"}],"predecessor-version":[{"id":79407,"href":"https:\/\/pdt-rj.org.br\/index.php\/wp-json\/wp\/v2\/posts\/79402\/revisions\/79407"}],"wp:featuredmedia":[{"embeddable":true,"href":"https:\/\/pdt-rj.org.br\/index.php\/wp-json\/wp\/v2\/media\/79408"}],"wp:attachment":[{"href":"https:\/\/pdt-rj.org.br\/index.php\/wp-json\/wp\/v2\/media?parent=79402"}],"wp:term":[{"taxonomy":"category","embeddable":true,"href":"https:\/\/pdt-rj.org.br\/index.php\/wp-json\/wp\/v2\/categories?post=79402"},{"taxonomy":"post_tag","embeddable":true,"href":"https:\/\/pdt-rj.org.br\/index.php\/wp-json\/wp\/v2\/tags?post=79402"}],"curies":[{"name":"wp","href":"https:\/\/api.w.org\/{rel}","templated":true}]}}