{"id":79369,"date":"2021-08-17T13:12:22","date_gmt":"2021-08-17T16:12:22","guid":{"rendered":"http:\/\/pdt-rj.org.br\/?p=79369"},"modified":"2021-08-17T13:12:22","modified_gmt":"2021-08-17T16:12:22","slug":"ccj-da-camara-aprova-criacao-da-comenda-cultural-abdias-do-nascimento","status":"publish","type":"post","link":"https:\/\/pdt-rj.org.br\/index.php\/ccj-da-camara-aprova-criacao-da-comenda-cultural-abdias-do-nascimento\/","title":{"rendered":"CCJ da C\u00e2mara aprova cria\u00e7\u00e3o da Comenda Cultural Abdias do Nascimento"},"content":{"rendered":"<div class=\"msg-body P_wpofO mq_AS\" data-test-id=\"message-view-body-content\">\n<div class=\"jb_0 X_6MGW N_6Fd5\">\n<div>\n<div id=\"yiv6179026078\">\n<div dir=\"ltr\">\n<p class=\"yiv6179026078gmail-MsoNoSpacing\"><em><b>Pelo projeto do PDT, a nova condecora\u00e7\u00e3o ser\u00e1 outorgada anualmente a tr\u00eas personalidades<\/b><\/em><\/p>\n<p class=\"yiv6179026078gmail-MsoNoSpacing\">A Comiss\u00e3o de Constitui\u00e7\u00e3o e Justi\u00e7a (CCJ) da C\u00e2mara dos Deputados aprovou, no in\u00edcio do m\u00eas, a cria\u00e7\u00e3o da Comenda Cultural Abdias do Nascimento, prevista no Projeto de Resolu\u00e7\u00e3o 321\/18, do deputado federal Andr\u00e9 Figueiredo (PDT-CE). O relator, deputado Pompeo de Mattos (PDT-RS), apresentou parecer favor\u00e1vel \u00e0 proposta, que ainda depende de an\u00e1lise pelo Plen\u00e1rio.<\/p>\n<p class=\"yiv6179026078gmail-MsoNoSpacing\">De acordo com o texto, a comenda ser\u00e1 outorgada anualmente a tr\u00eas personalidades pela Comiss\u00e3o de Cultura da C\u00e2mara. A escolha dos agraciados ser\u00e1 feita pela maioria dos deputados integrantes da comiss\u00e3o.<\/p>\n<p class=\"yiv6179026078gmail-MsoNoSpacing\">A indica\u00e7\u00e3o de candidato, acompanhada do respectivo curr\u00edculo e justificativa, ser\u00e1 encaminhada por membro da Comiss\u00e3o de Cultura ou por lideran\u00e7a partid\u00e1ria.\u00a0A entrega ser\u00e1 realizada em reuni\u00e3o da comiss\u00e3o. \u00c9 proibido o patroc\u00ednio, direto ou indireto, de pessoas jur\u00eddicas a qualquer candidato.<\/p>\n<p class=\"yiv6179026078gmail-MsoNoSpacing\"><b>Representativo<\/b><\/p>\n<p class=\"yiv6179026078gmail-MsoNoSpacing\">Considerado um dos grandes nomes do movimento negro no Pa\u00eds, o pedetista Abdias Nascimento (1914-2011) foi ativista, intelectual, escritor, poeta, professor universit\u00e1rio, jornalista, dramaturgo, ator de teatro, artista pl\u00e1stico, deputado federal e senador.<\/p>\n<p class=\"yiv6179026078gmail-MsoNoSpacing\">Entre suas realiza\u00e7\u00f5es no \u00e2mbito da cultura, fundou entidades pioneiras ligadas \u00e0 cultura negra como o Teatro Experimental do Negro, o Museu da Arte Negra e o Instituto de Pesquisas e Estudos Afro-Brasileiros.<\/p>\n<\/div>\n<\/div>\n<\/div>\n<\/div>\n<\/div>\n<!-- AddThis Advanced Settings generic via filter on the_content --><!-- AddThis Share Buttons generic via filter on the_content -->","protected":false},"excerpt":{"rendered":"<p>Pelo projeto do PDT, a nova condecora\u00e7\u00e3o ser\u00e1 outorgada anualmente a tr\u00eas personalidades A Comiss\u00e3o de Constitui\u00e7\u00e3o e Justi\u00e7a (CCJ) da C\u00e2mara dos Deputados aprovou, no in\u00edcio do m\u00eas, a cria\u00e7\u00e3o da Comenda Cultural Abdias do Nascimento, prevista no Projeto de Resolu\u00e7\u00e3o 321\/18, do deputado federal Andr\u00e9 Figueiredo (PDT-CE). O relator, deputado Pompeo de Mattos&#8230;<!-- AddThis Advanced Settings generic via filter on wp_trim_excerpt --><!-- AddThis Share Buttons generic via filter on wp_trim_excerpt --><\/p>\n","protected":false},"author":17,"featured_media":79370,"comment_status":"closed","ping_status":"closed","sticky":false,"template":"","format":"standard","meta":{"_monsterinsights_skip_tracking":false,"_monsterinsights_sitenote_active":false,"_monsterinsights_sitenote_note":"","_monsterinsights_sitenote_category":0,"_uf_show_specific_survey":0,"_uf_disable_surveys":false,"footnotes":""},"categories":[1390,1459],"tags":[34,4994],"class_list":["post-79369","post","type-post","status-publish","format-standard","has-post-thumbnail","hentry","category-editorias","category-congresso","tag-andre-figueiredo","tag-comenda-cultural-abdias-do-nascimento"],"acf":[],"_links":{"self":[{"href":"https:\/\/pdt-rj.org.br\/index.php\/wp-json\/wp\/v2\/posts\/79369","targetHints":{"allow":["GET"]}}],"collection":[{"href":"https:\/\/pdt-rj.org.br\/index.php\/wp-json\/wp\/v2\/posts"}],"about":[{"href":"https:\/\/pdt-rj.org.br\/index.php\/wp-json\/wp\/v2\/types\/post"}],"author":[{"embeddable":true,"href":"https:\/\/pdt-rj.org.br\/index.php\/wp-json\/wp\/v2\/users\/17"}],"replies":[{"embeddable":true,"href":"https:\/\/pdt-rj.org.br\/index.php\/wp-json\/wp\/v2\/comments?post=79369"}],"version-history":[{"count":1,"href":"https:\/\/pdt-rj.org.br\/index.php\/wp-json\/wp\/v2\/posts\/79369\/revisions"}],"predecessor-version":[{"id":79371,"href":"https:\/\/pdt-rj.org.br\/index.php\/wp-json\/wp\/v2\/posts\/79369\/revisions\/79371"}],"wp:featuredmedia":[{"embeddable":true,"href":"https:\/\/pdt-rj.org.br\/index.php\/wp-json\/wp\/v2\/media\/79370"}],"wp:attachment":[{"href":"https:\/\/pdt-rj.org.br\/index.php\/wp-json\/wp\/v2\/media?parent=79369"}],"wp:term":[{"taxonomy":"category","embeddable":true,"href":"https:\/\/pdt-rj.org.br\/index.php\/wp-json\/wp\/v2\/categories?post=79369"},{"taxonomy":"post_tag","embeddable":true,"href":"https:\/\/pdt-rj.org.br\/index.php\/wp-json\/wp\/v2\/tags?post=79369"}],"curies":[{"name":"wp","href":"https:\/\/api.w.org\/{rel}","templated":true}]}}