{"id":79359,"date":"2021-08-17T12:45:48","date_gmt":"2021-08-17T15:45:48","guid":{"rendered":"http:\/\/pdt-rj.org.br\/?p=79359"},"modified":"2021-08-21T13:34:13","modified_gmt":"2021-08-21T16:34:13","slug":"pdt-avalia-momento-politico-em-reuniao-da-executiva-ampliada","status":"publish","type":"post","link":"https:\/\/pdt-rj.org.br\/index.php\/pdt-avalia-momento-politico-em-reuniao-da-executiva-ampliada\/","title":{"rendered":"PDT avalia momento pol\u00edtico em reuni\u00e3o da Executiva Ampliada"},"content":{"rendered":"<p><em><strong>Lupi fala em grande poder de articula\u00e7\u00e3o do partido para 2022<\/strong><\/em><\/p>\n<p>A Executiva ampliada do PDT se reuniu nesta ter\u00e7a (17), de forma remota, para discutir o momento pol\u00edtico e ampliar o debate em torno dos grandes temas discutidos no Congresso Nacional. O encontro foi comando por Carlos Lupi e Ciro Gomes, presidente e vice-presidente nacional da legenda, respectivamente, e contou com a presen\u00e7a de parlamentares, presidentes regionais e dos movimentos partid\u00e1rios.<\/p>\n<p>O encontro foi aberto por Lupi, relembrando que o PDT \u00e9 o partido que mais acessou a Justi\u00e7a contra as a\u00e7\u00f5es do governo Bolsonaro.<\/p>\n<p>\u201cO momento est\u00e1 completamente radicalizado, e por isso, estamos radicalizando de volta, mas com a Constitui\u00e7\u00e3o debaixo do bra\u00e7o. Bolsonaro dissemina o medo para poder governar no caos, mas existem as ferramentas democr\u00e1ticas, e estamos usando todas elas. Por isso tenho defendido a pris\u00e3o dele. Os crimes s\u00e3o muitos e di\u00e1rios\u201d, relembrou Lupi, citando inclusive o pedido de processo feito pelo PDT ao Tribunal Penal Internacional por genoc\u00eddio.<\/p>\n<p>Lupi tamb\u00e9m aproveitou para tra\u00e7ar um mapa da organiza\u00e7\u00e3o partid\u00e1ria em todo Brasil, citando, estado por estado, como andam as articula\u00e7\u00f5es para as elei\u00e7\u00f5es de 2022.<\/p>\n<p>\u201cEstamos com nomes e palanques muito fortes em todo Brasil. \u00c9 dif\u00edcil ver um partido pol\u00edtico hoje com as possibilidades que apresentamos, em todos os estados. Isso significa que Ciro ter\u00e1 muita for\u00e7a. Estamos construindo a nova via, e n\u00e3o a terceira como a imprensa gosta de chamar\u201d, afirmou Lupi, citando nomes como Rodrigo Neves (RJ), o senador ) Weverton Rocha (MA) e Carlos Eduardo (RN\u2013 todos pr\u00e9 candidatos aos governos de seus estados pelo PDT.<\/p>\n<p>De S\u00e3o Paulo, onde est\u00e1 gravando uma s\u00e9rie de v\u00eddeos, Ciro demostrou grande preocupa\u00e7\u00e3o com o atual momento que a pol\u00edtica brasileira passa e mostrou que h\u00e1, de fato, uma tentativa de golpe em andamento sob o comando de Bolsonaro.<\/p>\n<p>\u201cTodas as a\u00e7\u00f5es de Bolsonaro s\u00e3o pensadas e calculadas. Ele est\u00e1 tateando o ambiente para sentir a temperatura e tentar esgar\u00e7ar todas as institui\u00e7\u00f5es at\u00e9 o limite, para desta forma tentar um golpe. \u00c9 preciso ter cautela neste momento, n\u00e3o podemos ele deixar criar o caos, porque desta forma, ele governa com o medo da popula\u00e7\u00e3o\u201d, afirmou Ciro.<\/p>\n<p>O l\u00edder do partido na C\u00e2mara, Wolney Queiroz, fez um relato sobre as vota\u00e7\u00f5es importantes do Congresso, reafirmando o posicionamento do partido em quest\u00f5es hist\u00f3ricas, como o direito dos trabalhadores e a gera\u00e7\u00e3o de emprego e renda.<\/p>\n<p>\u201cEstamos coesos com nossa bancada na C\u00e2mara, lutando pelas nossa bandeiras e organizando o m\u00e1ximo poss\u00edvel para fortalecer nosso projeto nacional, que \u00e9 eleger Ciro Gomes presidente em 2022\u201d, garantiu o l\u00edder.<\/p>\n<!-- AddThis Advanced Settings generic via filter on the_content --><!-- AddThis Share Buttons generic via filter on the_content -->","protected":false},"excerpt":{"rendered":"<p>Lupi fala em grande poder de articula\u00e7\u00e3o do partido para 2022 A Executiva ampliada do PDT se reuniu nesta ter\u00e7a (17), de forma remota, para discutir o momento pol\u00edtico e ampliar o debate em torno dos grandes temas discutidos no Congresso Nacional. O encontro foi comando por Carlos Lupi e Ciro Gomes, presidente e vice-presidente&#8230;<!-- AddThis Advanced Settings generic via filter on wp_trim_excerpt --><!-- AddThis Share Buttons generic via filter on wp_trim_excerpt --><\/p>\n","protected":false},"author":17,"featured_media":79360,"comment_status":"closed","ping_status":"closed","sticky":false,"template":"","format":"standard","meta":{"_monsterinsights_skip_tracking":false,"_monsterinsights_sitenote_active":false,"_monsterinsights_sitenote_note":"","_monsterinsights_sitenote_category":0,"_uf_show_specific_survey":0,"_uf_disable_surveys":false,"footnotes":""},"categories":[1390],"tags":[194,196,220,4422,38,3169,3640,962,964],"class_list":["post-79359","post","type-post","status-publish","format-standard","has-post-thumbnail","hentry","category-editorias","tag-carlos-eduardo","tag-carlos-lupi","tag-ciro-gomes","tag-eleicoes-2022","tag-pdt","tag-rodrigo-neves","tag-tribunal-penal-internacional","tag-weverton-rocha","tag-wolney-queiroz"],"acf":[],"_links":{"self":[{"href":"https:\/\/pdt-rj.org.br\/index.php\/wp-json\/wp\/v2\/posts\/79359","targetHints":{"allow":["GET"]}}],"collection":[{"href":"https:\/\/pdt-rj.org.br\/index.php\/wp-json\/wp\/v2\/posts"}],"about":[{"href":"https:\/\/pdt-rj.org.br\/index.php\/wp-json\/wp\/v2\/types\/post"}],"author":[{"embeddable":true,"href":"https:\/\/pdt-rj.org.br\/index.php\/wp-json\/wp\/v2\/users\/17"}],"replies":[{"embeddable":true,"href":"https:\/\/pdt-rj.org.br\/index.php\/wp-json\/wp\/v2\/comments?post=79359"}],"version-history":[{"count":6,"href":"https:\/\/pdt-rj.org.br\/index.php\/wp-json\/wp\/v2\/posts\/79359\/revisions"}],"predecessor-version":[{"id":79397,"href":"https:\/\/pdt-rj.org.br\/index.php\/wp-json\/wp\/v2\/posts\/79359\/revisions\/79397"}],"wp:featuredmedia":[{"embeddable":true,"href":"https:\/\/pdt-rj.org.br\/index.php\/wp-json\/wp\/v2\/media\/79360"}],"wp:attachment":[{"href":"https:\/\/pdt-rj.org.br\/index.php\/wp-json\/wp\/v2\/media?parent=79359"}],"wp:term":[{"taxonomy":"category","embeddable":true,"href":"https:\/\/pdt-rj.org.br\/index.php\/wp-json\/wp\/v2\/categories?post=79359"},{"taxonomy":"post_tag","embeddable":true,"href":"https:\/\/pdt-rj.org.br\/index.php\/wp-json\/wp\/v2\/tags?post=79359"}],"curies":[{"name":"wp","href":"https:\/\/api.w.org\/{rel}","templated":true}]}}