{"id":79352,"date":"2021-08-16T19:09:17","date_gmt":"2021-08-16T22:09:17","guid":{"rendered":"http:\/\/pdt-rj.org.br\/?p=79352"},"modified":"2021-08-16T19:09:45","modified_gmt":"2021-08-16T22:09:45","slug":"paulo-ramos-avalia-bolsonarismo-nas-policias-masoquismo-ideologico","status":"publish","type":"post","link":"https:\/\/pdt-rj.org.br\/index.php\/paulo-ramos-avalia-bolsonarismo-nas-policias-masoquismo-ideologico\/","title":{"rendered":"Paulo Ramos avalia bolsonarismo nas pol\u00edcias: &#8220;Masoquismo ideol\u00f3gico\u201d"},"content":{"rendered":"<div class=\"msg-body P_wpofO mq_AS\" data-test-id=\"message-view-body-content\">\n<div class=\"jb_0 X_6MGW N_6Fd5\">\n<div id=\"yiv6331716169\">\n<div dir=\"ltr\">\n<p class=\"yiv6331716169MsoNormal\"><em><b>Parlamentar condenou reformas do presidente, que subtra\u00edram direitos dos servidores da seguran\u00e7a p\u00fablica<\/b><\/em><\/p>\n<p class=\"yiv6331716169MsoNormal\">Oficial da reserva da Pol\u00edcia Militar do Rio de Janeiro, o deputado federal Paulo Ramos (PDT-RJ) acredita que profissionais da \u00e1rea da seguran\u00e7a p\u00fablica s\u00e3o usados por interesses pol\u00edticos de ocasi\u00e3o e pretende fazer campanha de esclarecimento.<\/p>\n<p class=\"yiv6331716169MsoNormal\">\u201cO presidente Bolsonaro procura transmitir um sentimento de autoridade, deferindo aos agentes de seguran\u00e7a p\u00fablica a possibilidade de ficar acima da lei no combate \u00e0 criminalidade. Bolsonaro n\u00e3o sofre nenhuma consequ\u00eancia. J\u00e1 os policiais, sim. Desde perderem a vida a responderem disciplinarmente e criminalmente. Para Bolsonaro, \u00e9 muito f\u00e1cil estimular. Tamb\u00e9m quero esclarecer aos agentes da seguran\u00e7a p\u00fablica as perdas de direitos no governo Bolsonaro. O pessoal da Pol\u00edcia Militar vem perdendo muitos direitos em decorr\u00eancia das reformas feitas pelo governo federal. Eu n\u00e3o consigo entender todo esse amor, esse masoquismo ideol\u00f3gico em rela\u00e7\u00e3o ao bolsonarismo. Com o passar do tempo, muitos j\u00e1 come\u00e7aram a compreender o significado para o Brasil do governo atual e vem dele se distanciando\u201d, explicou, em entrevista ao jornal O DIA, no \u00faltimo dia 8.<\/p>\n<p class=\"yiv6331716169MsoNormal\"><b>Qual \u00e9 a sua opini\u00e3o sobre a atual pol\u00edtica de seguran\u00e7a p\u00fablica do governo estadual?<\/b><\/p>\n<p class=\"yiv6331716169MsoNormal\">A atual pol\u00edtica de seguran\u00e7a p\u00fablica \u00e9 a mesma que vem sendo seguida ao longo dos anos, que se baseia numa premissa errada. Diz que o elemento propulsor da criminalidade \u00e9 o crime organizado. Reduziram o crime organizado ao tr\u00e1fico de entorpecentes, e simplificaram nas favelas. E a\u00ed, o foco passa a ser as favelas, atrav\u00e9s de a\u00e7\u00f5es sempre repressivas. Esquecendo do policiamento ostensivo, que deve ser sempre intensificado, e da investiga\u00e7\u00e3o criminal. Perde-se tempo com opera\u00e7\u00f5es policiais infrut\u00edferas, causando danos colaterais a quem mora nas favelas como tamb\u00e9m levando \u00e0 morte os agentes da seguran\u00e7a p\u00fablica, especialmente policiais militares.<\/p>\n<p class=\"yiv6331716169MsoNormal\"><b>Sendo oficial da reserva da Pol\u00edcia Militar, como o senhor avalia as a\u00e7\u00f5es nas favelas do Rio?<\/b><\/p>\n<p class=\"yiv6331716169MsoNormal\">\u00c9 a cidade partida. Excluem, estigmatizam e reprimem ou tentam eliminar. As favelas viraram o foco preferencial da a\u00e7\u00e3o repressiva dentro da pol\u00edtica equivocada de seguran\u00e7a p\u00fablica. \u00c9 preciso restabelecer os centros comunit\u00e1rios de defesa da cidadania. Um programa do governo Leonel Brizola que levava \u00e0s comunidades, \u00e0s favelas, v\u00e1rios servi\u00e7os p\u00fablicos simultaneamente, inclusive a seguran\u00e7a.<\/p>\n<p class=\"yiv6331716169MsoNormal\"><b>O senhor pretende fazer uma campanha de esclarecimento pelo pa\u00eds dirigida aos profissionais da \u00e1rea da seguran\u00e7a p\u00fablica, para que n\u00e3o se deixem ser usados por interesses pol\u00edticos de ocasi\u00e3o. Como ser\u00e1 isso?<\/b><\/p>\n<p class=\"yiv6331716169MsoNormal\">J\u00e1 n\u00e3o h\u00e1 d\u00favida em rela\u00e7\u00e3o aos prop\u00f3sitos golpistas do governo Bolsonaro. N\u00e3o vai aceitar um rev\u00e9s na elei\u00e7\u00e3o de 2022. Aqueles que o seguem fazem campanhas claras contra o Estado Democr\u00e1tico de Direito, pedindo, inclusive, a interven\u00e7\u00e3o militar. E vem sendo apresentado, como base de sustenta\u00e7\u00e3o, os agentes da seguran\u00e7a p\u00fablica, em especial policiais militares. Onde est\u00e1 a sedu\u00e7\u00e3o? O presidente Bolsonaro procura transmitir um sentimento de autoridade, deferindo aos agentes de seguran\u00e7a p\u00fablica a possibilidade de ficar acima da lei no combate \u00e0 criminalidade. Quando ele fala em excludente de ilicitude, esse \u00e9 o sentido que passa, embora j\u00e1 tenhamos uma legisla\u00e7\u00e3o que protege o policial que age dentro da lei, em leg\u00edtima defesa.<\/p>\n<p class=\"yiv6331716169MsoNormal\">Ali\u00e1s, \u00e9 preciso dizer que, estimulando esse procedimento, e ele estimula, Bolsonaro n\u00e3o sofre nenhuma consequ\u00eancia. J\u00e1 os policiais, sim. Desde perderem a vida a responderem disciplinarmente\/criminalmente. Para Bolsonaro, \u00e9 muito f\u00e1cil estimular. Tamb\u00e9m quero esclarecer aos agentes da seguran\u00e7a p\u00fablica as perdas de direitos no governo Bolsonaro. O pessoal da Pol\u00edcia Militar vem perdendo muitos direitos em decorr\u00eancia das reformas feitas pelo governo federal. Eu n\u00e3o consigo entender todo esse amor, esse masoquismo ideol\u00f3gico, em rela\u00e7\u00e3o ao bolsonarismo. Com o passar do tempo, muitos j\u00e1 come\u00e7aram a compreender o significado para o Brasil do governo atual e vem dele se distanciando. \u00c9 esse o esclarecimento que deve ser prestado.<\/p>\n<p class=\"yiv6331716169MsoNormal\"><b>As mil\u00edcias exercem forte poder em comunidades do Rio, principalmente na Zona Oeste. Como combat\u00ea-las?<\/b><\/p>\n<p class=\"yiv6331716169MsoNormal\">Uma a\u00e7\u00e3o planejada e em conjunto reunindo as esferas federal, estadual e municipal, cada um com a sua atribui\u00e7\u00e3o de modo a sufocar as mil\u00edcias. N\u00e3o basta apenas a a\u00e7\u00e3o policial, embora eu reconhe\u00e7a os esfor\u00e7os do chefe da Pol\u00edcia Civil, delegado Allan Turnowski, no trabalho da intelig\u00eancia, com o apoio do comando da Pol\u00edcia Militar.<\/p>\n<p class=\"yiv6331716169MsoNormal\"><b>A pobreza aumentou no Brasil. Qual a sua receita para o pa\u00eds sair da crise?<\/b><\/p>\n<p class=\"yiv6331716169MsoNormal\">A grande caracter\u00edstica do Brasil \u00e9 a m\u00e1 distribui\u00e7\u00e3o da renda. As grandes fortunas v\u00e3o crescendo e a popula\u00e7\u00e3o vai empobrecendo. As reformas (trabalhista e previdenci\u00e1ria), feitas a partir do golpe, da posse do presidente Temer, potencializam a desigualdade social no pa\u00eds. Eles disseram que o objetivo era a melhor distribui\u00e7\u00e3o da renda a partir da gera\u00e7\u00e3o de empregos. O que n\u00e3o aconteceu. Na verdade, o desemprego nunca foi t\u00e3o grande. O governo federal vende estatais e abre caminho para novas privatiza\u00e7\u00f5es (Eletrobras, Correios, subsidi\u00e1rias da Petrobras, refinarias, bancos p\u00fablicos, etc).<\/p>\n<p class=\"yiv6331716169MsoNormal\">O discurso \u00e9 sempre a gera\u00e7\u00e3o de empregos, a distribui\u00e7\u00e3o da renda. E tudo vem dando errado. O Brasil bate recorde de pessoas vivendo na pobreza extrema. A consequ\u00eancia dessa pol\u00edtica privatista, menos direitos e menos Estado, \u00e9 o aumento da pobreza e do desemprego. O governo Bolsonaro \u00e9 comprometido com o grande capital financeiro. Ele tem maioria no Congresso Nacional. A pauta econ\u00f4mica vem avan\u00e7ando. Essa pauta \u00e9 respons\u00e1vel por mais exclus\u00e3o, desemprego, empobrecimento e fome. N\u00e3o temos solu\u00e7\u00e3o a partir das propostas neoliberais ou liberais. Por\u00e9m, o povo come\u00e7a a perceber. H\u00e1 uma grande mobiliza\u00e7\u00e3o popular nas ruas contra o governo Bolsonaro<\/p>\n<p class=\"yiv6331716169MsoNormal\"><b>No \u00e2mbito nacional, o senhor acredita que o PDT se unir\u00e1 a outros partidos para uma terceira via, que concorra com Lula e Bolsonaro?<\/b><\/p>\n<p class=\"yiv6331716169MsoNormal\">O governo Bolsonaro n\u00e3o interessa ao Brasil e ao povo brasileiro. N\u00f3s temos que derrot\u00e1-lo. Sobretudo, \u00e9 preciso avaliar. Se amanh\u00e3 ficar comprovada a necessidade de uma unidade da oposi\u00e7\u00e3o como o caminho para derrotar Bolsonaro, n\u00f3s temos que segui-la. Se por ventura surgir, e o PDT tem um candidato, Ciro Gomes, a possibilidade de derrotar Bolsonaro no primeiro turno, eu defendo. Se houver a possibilidade de um segundo turno sem Bolsonaro e a candidatura do Ciro Gomes for a que se apresenta como alternativa, eu defendo. \u00c9 preciso derrotar o presidente Bolsonaro, principalmente no primeiro turno.<\/p>\n<p class=\"yiv6331716169MsoNormal\"><b>E na esfera estadual, acredita que haver\u00e1 nova polariza\u00e7\u00e3o?<\/b><\/p>\n<p class=\"yiv6331716169MsoNormal\">Na esfera estadual, as candidaturas ainda n\u00e3o est\u00e3o nem apresentadas, outras ainda n\u00e3o alcan\u00e7aram a divulga\u00e7\u00e3o necess\u00e1ria. O PDT, no estado do Rio de Janeiro, vai ter candidato pr\u00f3prio. Nesse sentido, eu ainda n\u00e3o vejo uma grande polariza\u00e7\u00e3o no Rio.<\/p>\n<\/div>\n<\/div>\n<\/div>\n<\/div>\n<div class=\"jb_0 X_6MGW N_6Fd5\">\n<div class=\"P_0 je_fq7\"><\/div>\n<\/div>\n<!-- AddThis Advanced Settings generic via filter on the_content --><!-- AddThis Share Buttons generic via filter on the_content -->","protected":false},"excerpt":{"rendered":"<p>Parlamentar condenou reformas do presidente, que subtra\u00edram direitos dos servidores da seguran\u00e7a p\u00fablica Oficial da reserva da Pol\u00edcia Militar do Rio de Janeiro, o deputado federal Paulo Ramos (PDT-RJ) acredita que profissionais da \u00e1rea da seguran\u00e7a p\u00fablica s\u00e3o usados por interesses pol\u00edticos de ocasi\u00e3o e pretende fazer campanha de esclarecimento. \u201cO presidente Bolsonaro procura transmitir&#8230;<!-- AddThis Advanced Settings generic via filter on wp_trim_excerpt --><!-- AddThis Share Buttons generic via filter on wp_trim_excerpt --><\/p>\n","protected":false},"author":17,"featured_media":79354,"comment_status":"closed","ping_status":"closed","sticky":false,"template":"","format":"standard","meta":{"_monsterinsights_skip_tracking":false,"_monsterinsights_sitenote_active":false,"_monsterinsights_sitenote_note":"","_monsterinsights_sitenote_category":0,"_uf_show_specific_survey":0,"_uf_disable_surveys":false,"footnotes":""},"categories":[1390,1459,1400],"tags":[5030,5029,3241],"class_list":["post-79352","post","type-post","status-publish","format-standard","has-post-thumbnail","hentry","category-editorias","category-congresso","category-entrevistas","tag-bolsonarismo","tag-masoquismo-ideologico","tag-paulo-ramos"],"acf":[],"_links":{"self":[{"href":"https:\/\/pdt-rj.org.br\/index.php\/wp-json\/wp\/v2\/posts\/79352","targetHints":{"allow":["GET"]}}],"collection":[{"href":"https:\/\/pdt-rj.org.br\/index.php\/wp-json\/wp\/v2\/posts"}],"about":[{"href":"https:\/\/pdt-rj.org.br\/index.php\/wp-json\/wp\/v2\/types\/post"}],"author":[{"embeddable":true,"href":"https:\/\/pdt-rj.org.br\/index.php\/wp-json\/wp\/v2\/users\/17"}],"replies":[{"embeddable":true,"href":"https:\/\/pdt-rj.org.br\/index.php\/wp-json\/wp\/v2\/comments?post=79352"}],"version-history":[{"count":1,"href":"https:\/\/pdt-rj.org.br\/index.php\/wp-json\/wp\/v2\/posts\/79352\/revisions"}],"predecessor-version":[{"id":79355,"href":"https:\/\/pdt-rj.org.br\/index.php\/wp-json\/wp\/v2\/posts\/79352\/revisions\/79355"}],"wp:featuredmedia":[{"embeddable":true,"href":"https:\/\/pdt-rj.org.br\/index.php\/wp-json\/wp\/v2\/media\/79354"}],"wp:attachment":[{"href":"https:\/\/pdt-rj.org.br\/index.php\/wp-json\/wp\/v2\/media?parent=79352"}],"wp:term":[{"taxonomy":"category","embeddable":true,"href":"https:\/\/pdt-rj.org.br\/index.php\/wp-json\/wp\/v2\/categories?post=79352"},{"taxonomy":"post_tag","embeddable":true,"href":"https:\/\/pdt-rj.org.br\/index.php\/wp-json\/wp\/v2\/tags?post=79352"}],"curies":[{"name":"wp","href":"https:\/\/api.w.org\/{rel}","templated":true}]}}