{"id":79349,"date":"2021-08-16T18:54:43","date_gmt":"2021-08-16T21:54:43","guid":{"rendered":"http:\/\/pdt-rj.org.br\/?p=79349"},"modified":"2021-08-16T18:56:14","modified_gmt":"2021-08-16T21:56:14","slug":"projeto-prefeitura-da-praca-e-iniciado-em-bairro-populoso-de-japeri-rj","status":"publish","type":"post","link":"https:\/\/pdt-rj.org.br\/index.php\/projeto-prefeitura-da-praca-e-iniciado-em-bairro-populoso-de-japeri-rj\/","title":{"rendered":"Projeto &#8220;Prefeitura da Pra\u00e7a&#8221; \u00e9 iniciado em bairro populoso de Japeri (RJ)"},"content":{"rendered":"<div class=\"msg-body P_wpofO mq_AS\" data-test-id=\"message-view-body-content\">\n<div class=\"jb_0 X_6MGW N_6Fd5\">\n<div id=\"yiv0181671997\">\n<div dir=\"ltr\">\n<p class=\"yiv0181671997MsoNormal\"><em><b>Servi\u00e7os p\u00fablicos foram ofertados gratuitamente \u00e0 popula\u00e7\u00e3o do munic\u00edpio da Baixada Fluminense<\/b><\/em><\/p>\n<p class=\"yiv0181671997MsoNormal\">Em Japeri (RJ), a primeira edi\u00e7\u00e3o do projeto itinerante &#8220;Prefeitura na Pra\u00e7a&#8221; foi realizada, na \u00faltima sexta-feira (13), no bairro de Engenheiro Pedreira. Diversos servi\u00e7os foram ofertados gratuitamente na Pra\u00e7a Ver. Wendel Coelho.<\/p>\n<p class=\"yiv0181671997MsoNormal\">Ao longo do dia, centenas de cidad\u00e3os contaram com atendimentos diversificados, incluindo emiss\u00e3o de documentos, orienta\u00e7\u00f5es do CRAS, CREAS, N\u00facleo de Prote\u00e7\u00e3o ao P\u00fablico LGBTQA+, N\u00facleo de Pessoa Desaparecidas e Centro Especializado de Atendimento \u00e0 Mulher, bem como vacina\u00e7\u00e3o e cadastro permanente de agentes culturais.<\/p>\n<p class=\"yiv0181671997MsoNormal\">De acordo com o secret\u00e1rio de Assist\u00eancia Social e Trabalho, Francisco Nacelio, o objetivo da gest\u00e3o da prefeita Dra. Fernanda Ontiveros (PDT) \u00e9 levar o projeto aos quatro cantos da cidade.<\/p>\n<p class=\"yiv0181671997MsoNormal\">\u201cQueremos aproximar o poder p\u00fablico da popula\u00e7\u00e3o, al\u00e9m de fornecer servi\u00e7os p\u00fablicos de qualidade em um s\u00f3 local\u201d, destacou o gestor.<\/p>\n<p class=\"yiv0181671997MsoNormal\">A moradora do bairro S\u00e3o Jorge, Vit\u00f3ria de Souza, de 20 anos, aproveitou para pegar a nova identidade.<\/p>\n<p class=\"yiv0181671997MsoNormal\">\u201cAdorei essa iniciativa aqui na pra\u00e7a. Essa a\u00e7\u00e3o facilita a vida de muitos moradores, pois conseguimos resolver nossas pend\u00eancias em um s\u00f3 lugar\u201d, afirmou a jovem.<\/p>\n<\/div>\n<\/div>\n<\/div>\n<\/div>\n<div class=\"jb_0 X_6MGW N_6Fd5\">\n<div class=\"P_0 je_fq7\"><\/div>\n<\/div>\n<!-- AddThis Advanced Settings generic via filter on the_content --><!-- AddThis Share Buttons generic via filter on the_content -->","protected":false},"excerpt":{"rendered":"<p>Servi\u00e7os p\u00fablicos foram ofertados gratuitamente \u00e0 popula\u00e7\u00e3o do munic\u00edpio da Baixada Fluminense Em Japeri (RJ), a primeira edi\u00e7\u00e3o do projeto itinerante &#8220;Prefeitura na Pra\u00e7a&#8221; foi realizada, na \u00faltima sexta-feira (13), no bairro de Engenheiro Pedreira. Diversos servi\u00e7os foram ofertados gratuitamente na Pra\u00e7a Ver. Wendel Coelho. Ao longo do dia, centenas de cidad\u00e3os contaram com atendimentos&#8230;<!-- AddThis Advanced Settings generic via filter on wp_trim_excerpt --><!-- AddThis Share Buttons generic via filter on wp_trim_excerpt --><\/p>\n","protected":false},"author":17,"featured_media":79350,"comment_status":"closed","ping_status":"closed","sticky":false,"template":"","format":"standard","meta":{"_monsterinsights_skip_tracking":false,"_monsterinsights_sitenote_active":false,"_monsterinsights_sitenote_note":"","_monsterinsights_sitenote_category":0,"_uf_show_specific_survey":0,"_uf_disable_surveys":false,"footnotes":""},"categories":[1390],"tags":[4251],"class_list":["post-79349","post","type-post","status-publish","format-standard","has-post-thumbnail","hentry","category-editorias","tag-japeri-rj"],"acf":[],"_links":{"self":[{"href":"https:\/\/pdt-rj.org.br\/index.php\/wp-json\/wp\/v2\/posts\/79349","targetHints":{"allow":["GET"]}}],"collection":[{"href":"https:\/\/pdt-rj.org.br\/index.php\/wp-json\/wp\/v2\/posts"}],"about":[{"href":"https:\/\/pdt-rj.org.br\/index.php\/wp-json\/wp\/v2\/types\/post"}],"author":[{"embeddable":true,"href":"https:\/\/pdt-rj.org.br\/index.php\/wp-json\/wp\/v2\/users\/17"}],"replies":[{"embeddable":true,"href":"https:\/\/pdt-rj.org.br\/index.php\/wp-json\/wp\/v2\/comments?post=79349"}],"version-history":[{"count":1,"href":"https:\/\/pdt-rj.org.br\/index.php\/wp-json\/wp\/v2\/posts\/79349\/revisions"}],"predecessor-version":[{"id":79351,"href":"https:\/\/pdt-rj.org.br\/index.php\/wp-json\/wp\/v2\/posts\/79349\/revisions\/79351"}],"wp:featuredmedia":[{"embeddable":true,"href":"https:\/\/pdt-rj.org.br\/index.php\/wp-json\/wp\/v2\/media\/79350"}],"wp:attachment":[{"href":"https:\/\/pdt-rj.org.br\/index.php\/wp-json\/wp\/v2\/media?parent=79349"}],"wp:term":[{"taxonomy":"category","embeddable":true,"href":"https:\/\/pdt-rj.org.br\/index.php\/wp-json\/wp\/v2\/categories?post=79349"},{"taxonomy":"post_tag","embeddable":true,"href":"https:\/\/pdt-rj.org.br\/index.php\/wp-json\/wp\/v2\/tags?post=79349"}],"curies":[{"name":"wp","href":"https:\/\/api.w.org\/{rel}","templated":true}]}}