{"id":79205,"date":"2021-08-05T21:04:40","date_gmt":"2021-08-06T00:04:40","guid":{"rendered":"http:\/\/pdt-rj.org.br\/?p=79205"},"modified":"2021-08-05T21:04:40","modified_gmt":"2021-08-06T00:04:40","slug":"ccj-aprova-projeto-de-andre-figueiredo-que-institui-a-comenda-cultural-abdias-do-nascimento","status":"publish","type":"post","link":"https:\/\/pdt-rj.org.br\/index.php\/ccj-aprova-projeto-de-andre-figueiredo-que-institui-a-comenda-cultural-abdias-do-nascimento\/","title":{"rendered":"CCJ aprova projeto de Andr\u00e9 Figueiredo que institui a Comenda Cultural Abdias do Nascimento"},"content":{"rendered":"<p><strong><em>Homenagem ser\u00e1 concedida a tr\u00eas personalidades relevantes para a promo\u00e7\u00e3o da cultura no Brasil<\/em><\/strong><\/p>\n<p>Com voto do deputado federal Pompeo de Mattos (PDT-RS) pela constitucionalidade e juridicidade, a Comiss\u00e3o de Constitui\u00e7\u00e3o e Justi\u00e7a e de Cidadania aprovou nesta quinta-feira (5) o Projeto de Resolu\u00e7\u00e3o 321\/18, do tamb\u00e9m pedetista Andr\u00e9 Figueiredo (CE), que institui a Comenda Cultural Abdias do Nascimento. A ser concedida anualmente pela Comiss\u00e3o de Cultura da C\u00e2mara, a homenagem ser\u00e1 concedida a tr\u00eas personalidades relevante para a promo\u00e7\u00e3o da cultura no pa\u00eds.<\/p>\n<p>Ainda conforme o texto, a indica\u00e7\u00e3o de candidato, acompanhada do respectivo\u00a0<em>curriculum vitae<\/em>\u00a0e justificativa, ser\u00e1 encaminhada por membro da Comiss\u00e3o de Cultura ou por lideran\u00e7a partid\u00e1ria. A escolha ser\u00e1 feita pela maioria dos integrantes da comiss\u00e3o.<\/p>\n<p>Conforme explica Andr\u00e9 Figueiredo, Abdias do Nascimento foi um dos maiores defensores da cultura negra no Brasil, bem como de pol\u00edticas de igualdade para a popula\u00e7\u00e3o afrodescendente. \u201cNascido em Franca, S\u00e3o Paulo, foi poeta, ator, escritor, dramaturgo, artista pl\u00e1stico, professor universit\u00e1rio, pol\u00edtico e ativista dos direitos civis e humanos\u201d, descreve.<\/p>\n<p>No Brasil, prossegue o parlamentar, fundou entidades pioneiras ligadas \u00e0 cultura negra como o Teatro Experimental do Negro, o Museu da Arte Negra e o Instituto de Pesquisas e Estudos Afro-Brasileiros. Tamb\u00e9m foi um dos idealizadores do Movimento Negro Unificado e atuou em movimentos no pa\u00eds e no exterior em defesa da cultura negra como na Frente Negra Brasileira, acrescenta Andr\u00e9 Figueiredo.<\/p>\n<p>Constam ainda no curr\u00edculo do intelectual negro, segundo o pedetista, a atua\u00e7\u00e3o como professor na Universidade Estadual de Nova York, onde fundou a cadeira de Cultura Africana no Novo Mundo. \u201cAdemais, tamb\u00e9m foi professor visitante na Escola de Artes Dram\u00e1ticas da Universidade de Yale e professor convidado do departamento de L\u00ednguas e Literaturas Africanas da Universidade de Ife, Nig\u00e9ria\u201d.<\/p>\n<p>O projeto segue para vota\u00e7\u00e3o em plen\u00e1rio.<\/p>\n<!-- AddThis Advanced Settings generic via filter on the_content --><!-- AddThis Share Buttons generic via filter on the_content -->","protected":false},"excerpt":{"rendered":"<p>Homenagem ser\u00e1 concedida a tr\u00eas personalidades relevantes para a promo\u00e7\u00e3o da cultura no Brasil Com voto do deputado federal Pompeo de Mattos (PDT-RS) pela constitucionalidade e juridicidade, a Comiss\u00e3o de Constitui\u00e7\u00e3o e Justi\u00e7a e de Cidadania aprovou nesta quinta-feira (5) o Projeto de Resolu\u00e7\u00e3o 321\/18, do tamb\u00e9m pedetista Andr\u00e9 Figueiredo (CE), que institui a Comenda&#8230;<!-- AddThis Advanced Settings generic via filter on wp_trim_excerpt --><!-- AddThis Share Buttons generic via filter on wp_trim_excerpt --><\/p>\n","protected":false},"author":17,"featured_media":79208,"comment_status":"closed","ping_status":"closed","sticky":false,"template":"","format":"standard","meta":{"_monsterinsights_skip_tracking":false,"_monsterinsights_sitenote_active":false,"_monsterinsights_sitenote_note":"","_monsterinsights_sitenote_category":0,"_uf_show_specific_survey":0,"_uf_disable_surveys":false,"footnotes":""},"categories":[1390,1459],"tags":[3227,4994,4996,746,4995],"class_list":["post-79205","post","type-post","status-publish","format-standard","has-post-thumbnail","hentry","category-editorias","category-congresso","tag-abdias-do-nascimento","tag-comenda-cultural-abdias-do-nascimento","tag-comissao-de-constituicao-e-justica-e-de-cidadania","tag-pompeo-de-mattos","tag-promocao-da-cultura-no-brasil"],"acf":[],"_links":{"self":[{"href":"https:\/\/pdt-rj.org.br\/index.php\/wp-json\/wp\/v2\/posts\/79205","targetHints":{"allow":["GET"]}}],"collection":[{"href":"https:\/\/pdt-rj.org.br\/index.php\/wp-json\/wp\/v2\/posts"}],"about":[{"href":"https:\/\/pdt-rj.org.br\/index.php\/wp-json\/wp\/v2\/types\/post"}],"author":[{"embeddable":true,"href":"https:\/\/pdt-rj.org.br\/index.php\/wp-json\/wp\/v2\/users\/17"}],"replies":[{"embeddable":true,"href":"https:\/\/pdt-rj.org.br\/index.php\/wp-json\/wp\/v2\/comments?post=79205"}],"version-history":[{"count":2,"href":"https:\/\/pdt-rj.org.br\/index.php\/wp-json\/wp\/v2\/posts\/79205\/revisions"}],"predecessor-version":[{"id":79207,"href":"https:\/\/pdt-rj.org.br\/index.php\/wp-json\/wp\/v2\/posts\/79205\/revisions\/79207"}],"wp:featuredmedia":[{"embeddable":true,"href":"https:\/\/pdt-rj.org.br\/index.php\/wp-json\/wp\/v2\/media\/79208"}],"wp:attachment":[{"href":"https:\/\/pdt-rj.org.br\/index.php\/wp-json\/wp\/v2\/media?parent=79205"}],"wp:term":[{"taxonomy":"category","embeddable":true,"href":"https:\/\/pdt-rj.org.br\/index.php\/wp-json\/wp\/v2\/categories?post=79205"},{"taxonomy":"post_tag","embeddable":true,"href":"https:\/\/pdt-rj.org.br\/index.php\/wp-json\/wp\/v2\/tags?post=79205"}],"curies":[{"name":"wp","href":"https:\/\/api.w.org\/{rel}","templated":true}]}}