{"id":79199,"date":"2021-08-05T18:31:50","date_gmt":"2021-08-05T21:31:50","guid":{"rendered":"http:\/\/pdt-rj.org.br\/?p=79199"},"modified":"2021-08-11T18:09:02","modified_gmt":"2021-08-11T21:09:02","slug":"essa-e-uma-tarde-lamentavel-para-o-brasil-e-para-este-parlamento-afirma-wolney-queiroz","status":"publish","type":"post","link":"https:\/\/pdt-rj.org.br\/index.php\/essa-e-uma-tarde-lamentavel-para-o-brasil-e-para-este-parlamento-afirma-wolney-queiroz\/","title":{"rendered":"\u201cEssa \u00e9 uma tarde lament\u00e1vel para o Brasil e para este Parlamento\u201d, afirma Wolney Queiroz"},"content":{"rendered":"<p><em><strong>Para o l\u00edder pedetista, o atual governo \u00e9 marcado, principalmente, pela entrega do patrim\u00f4nio nacional<\/strong><\/em><\/p>\n<p>\u201cEssa \u00e9 uma tarde lament\u00e1vel para o Brasil e para este Parlamento\u201d, sustenta o l\u00edder do PDT, Wolney Queiroz (PE), ao discursar sobre a privatiza\u00e7\u00e3o dos Correios, votada na tarde desta quinta-feira (5) por meio do Projeto de Lei 591\/21. O l\u00edder pedetista afirma ainda que este governo tem v\u00e1rias marcas, como o negacionismo da ci\u00eancia, o desmatamento, a carestia, o aumento da fome, mas \u00e9 marcado principalmente \u201cpela entrega do patrim\u00f4nio nacional\u201d, apesar de contar com mais de sete mil militares em seus quadros.<\/p>\n<p>Quanto aos Correios, Wolney Queiroz ressalta tratar-se da maior empresa de log\u00edstica postal da Am\u00e9rica Latina, tricenten\u00e1ria, com 15 mil unidades pr\u00f3prias e quase 100 mil funcion\u00e1rios. &#8220;Entre 2001 e 2020, entregou R$ 9 bilh\u00f5es em dividendos \u00e0 Uni\u00e3o\u201d. De acordo com o deputado, somente no ano passado, a institui\u00e7\u00e3o teve lucro de R$ 1,5 bilh\u00e3o.<\/p>\n<p>O parlamentar destaca ainda que os 20 maiores pa\u00edses do mundo t\u00eam seus pr\u00f3prios servi\u00e7os postais, e o Brasil, apesar de ter o quinto maior territ\u00f3rio mundial, conta com uma das menores tarifas postais. Ainda segundo sustenta, onde houve privatiza\u00e7\u00e3o \u201cos servi\u00e7os pioraram e houve aumento dos pre\u00e7os\u201d.<\/p>\n<!-- AddThis Advanced Settings generic via filter on the_content --><!-- AddThis Share Buttons generic via filter on the_content -->","protected":false},"excerpt":{"rendered":"<p>Para o l\u00edder pedetista, o atual governo \u00e9 marcado, principalmente, pela entrega do patrim\u00f4nio nacional \u201cEssa \u00e9 uma tarde lament\u00e1vel para o Brasil e para este Parlamento\u201d, sustenta o l\u00edder do PDT, Wolney Queiroz (PE), ao discursar sobre a privatiza\u00e7\u00e3o dos Correios, votada na tarde desta quinta-feira (5) por meio do Projeto de Lei 591\/21&#8230;.<!-- AddThis Advanced Settings generic via filter on wp_trim_excerpt --><!-- AddThis Share Buttons generic via filter on wp_trim_excerpt --><\/p>\n","protected":false},"author":17,"featured_media":79202,"comment_status":"closed","ping_status":"closed","sticky":false,"template":"","format":"standard","meta":{"_monsterinsights_skip_tracking":false,"_monsterinsights_sitenote_active":false,"_monsterinsights_sitenote_note":"","_monsterinsights_sitenote_category":0,"_uf_show_specific_survey":0,"_uf_disable_surveys":false,"footnotes":""},"categories":[1390,1459,976],"tags":[4993,4992,964],"class_list":["post-79199","post","type-post","status-publish","format-standard","has-post-thumbnail","hentry","category-editorias","category-congresso","category-noticias-em-destaque","tag-entrega-do-patrimonio-nacional","tag-privatizacao-dos-correios","tag-wolney-queiroz"],"acf":[],"_links":{"self":[{"href":"https:\/\/pdt-rj.org.br\/index.php\/wp-json\/wp\/v2\/posts\/79199","targetHints":{"allow":["GET"]}}],"collection":[{"href":"https:\/\/pdt-rj.org.br\/index.php\/wp-json\/wp\/v2\/posts"}],"about":[{"href":"https:\/\/pdt-rj.org.br\/index.php\/wp-json\/wp\/v2\/types\/post"}],"author":[{"embeddable":true,"href":"https:\/\/pdt-rj.org.br\/index.php\/wp-json\/wp\/v2\/users\/17"}],"replies":[{"embeddable":true,"href":"https:\/\/pdt-rj.org.br\/index.php\/wp-json\/wp\/v2\/comments?post=79199"}],"version-history":[{"count":6,"href":"https:\/\/pdt-rj.org.br\/index.php\/wp-json\/wp\/v2\/posts\/79199\/revisions"}],"predecessor-version":[{"id":79268,"href":"https:\/\/pdt-rj.org.br\/index.php\/wp-json\/wp\/v2\/posts\/79199\/revisions\/79268"}],"wp:featuredmedia":[{"embeddable":true,"href":"https:\/\/pdt-rj.org.br\/index.php\/wp-json\/wp\/v2\/media\/79202"}],"wp:attachment":[{"href":"https:\/\/pdt-rj.org.br\/index.php\/wp-json\/wp\/v2\/media?parent=79199"}],"wp:term":[{"taxonomy":"category","embeddable":true,"href":"https:\/\/pdt-rj.org.br\/index.php\/wp-json\/wp\/v2\/categories?post=79199"},{"taxonomy":"post_tag","embeddable":true,"href":"https:\/\/pdt-rj.org.br\/index.php\/wp-json\/wp\/v2\/tags?post=79199"}],"curies":[{"name":"wp","href":"https:\/\/api.w.org\/{rel}","templated":true}]}}