{"id":79195,"date":"2021-08-05T16:41:47","date_gmt":"2021-08-05T19:41:47","guid":{"rendered":"http:\/\/pdt-rj.org.br\/?p=79195"},"modified":"2021-08-05T16:42:10","modified_gmt":"2021-08-05T19:42:10","slug":"em-cabo-frio-rj-jose-bonifacio-participa-de-apresentacao-do-plano-de-acao-do-turismo","status":"publish","type":"post","link":"https:\/\/pdt-rj.org.br\/index.php\/em-cabo-frio-rj-jose-bonifacio-participa-de-apresentacao-do-plano-de-acao-do-turismo\/","title":{"rendered":"Em Cabo Frio (RJ), Jos\u00e9 Bonif\u00e1cio participa de apresenta\u00e7\u00e3o do Plano de A\u00e7\u00e3o do Turismo"},"content":{"rendered":"<p>Na tarde dessa quarta-feira (04), o prefeito de Cabo Frio (RJ), Jos\u00e9 Bonif\u00e1cio (PDT), participou da apresenta\u00e7\u00e3o do Plano de A\u00e7\u00e3o do Turismo (2021-2024). O documento, que visa alavancar economicamente o turismo de acordo com as potencialidades de Cabo Frio, foi formulado em conjunto, unindo a iniciativa privada, p\u00fablica e representantes da sociedade civil organizada.<\/p>\n<p>A proposta foi formalizada pelo Sebrae e passar\u00e1 por nova avalia\u00e7\u00e3o da Secretaria Municipal do Turismo, para a inclus\u00e3o de novos projetos e fechamento da vers\u00e3o final. A apresenta\u00e7\u00e3o aconteceu no Hotel Malibu, com a presen\u00e7a de secret\u00e1rios municipais, vereadores, conselheiros de turismo, representantes de associa\u00e7\u00e3o de segmentos comerciais e outras autoridades.<\/p>\n<p>\u201cVou analisar com toda a aten\u00e7\u00e3o esse plano, de acordo com a situa\u00e7\u00e3o do munic\u00edpio e com as necessidades que temos. O turismo \u00e9 uma voca\u00e7\u00e3o natural da cidade de Cabo Frio, muito al\u00e9m das nossas belas praias, \u00e9 importante termos outros atrativos tur\u00edsticos, aqui e no distrito de Tamoios. Parabenizo o trabalho realizado por cada um, para que esse documento pudesse ser feito\u201d, destacou o prefeito Jos\u00e9 Bonif\u00e1cio.<\/p>\n<p>O Plano de A\u00e7\u00e3o do Turismo de Cabo Frio apresenta um direcionamento estrat\u00e9gico at\u00e9 2024, com a\u00e7\u00f5es a curto e m\u00e9dio prazo, envolvendo op\u00e7\u00f5es vi\u00e1veis de execu\u00e7\u00e3o. O documento apresenta eixos de a\u00e7\u00f5es, citando potencialidades, desafios, caracter\u00edsticas e iniciativas propostas para o desenvolvimento e prepara\u00e7\u00e3o da cidade, a fim de que o turismo haja como uma alavanca econ\u00f4mica. A apresenta\u00e7\u00e3o do Plano de A\u00e7\u00e3o do Turismo foi conduzida pelo consultor do Sebrae, Fl\u00e1vio Gueiros.<\/p>\n<p>Definidos em quatro semanas com oficinas de co-cria\u00e7\u00e3o, os grupos de trabalho apresentaram atividades a serem realizadas nos temas de fortalecimento da governan\u00e7a, melhoria de servi\u00e7os e atrativos tur\u00edsticos, marketing tur\u00edstico e apoio \u00e0 comercializa\u00e7\u00e3o e atra\u00e7\u00e3o de investimentos. Todas as a\u00e7\u00f5es s\u00e3o baseadas nos eixos lazer e compra, esporte, n\u00e1utico e sol e praia, de acordo com o perfil de Cabo Frio.<\/p>\n<p>\u201cO plano tem prazos e metas a serem cumpridas, dentro do per\u00edodo especificado at\u00e9 2024. Nessa vers\u00e3o vamos incluir outras a\u00e7\u00f5es e projetos complementares que est\u00e3o previstas pela Secretaria de Turismo. Cabo Frio hoje \u00e9 classificado como destino classe A e depende diretamente dos cadastros no Cadastur para que essa avalia\u00e7\u00e3o seja mantida. Esse plano apresenta uma seguran\u00e7a a pessoa que vem para Cabo Frio, que queira investir na cidade, destacando as potencialidades, o perfil, a vis\u00e3o e a miss\u00e3o da cidade, enquanto destino tur\u00edstico\u201d, disse o secret\u00e1rio de Turismo, Carlos Cunha.<\/p>\n<p>&nbsp;<\/p>\n<!-- AddThis Advanced Settings generic via filter on the_content --><!-- AddThis Share Buttons generic via filter on the_content -->","protected":false},"excerpt":{"rendered":"<p>Na tarde dessa quarta-feira (04), o prefeito de Cabo Frio (RJ), Jos\u00e9 Bonif\u00e1cio (PDT), participou da apresenta\u00e7\u00e3o do Plano de A\u00e7\u00e3o do Turismo (2021-2024). O documento, que visa alavancar economicamente o turismo de acordo com as potencialidades de Cabo Frio, foi formulado em conjunto, unindo a iniciativa privada, p\u00fablica e representantes da sociedade civil organizada&#8230;.<!-- AddThis Advanced Settings generic via filter on wp_trim_excerpt --><!-- AddThis Share Buttons generic via filter on wp_trim_excerpt --><\/p>\n","protected":false},"author":17,"featured_media":79198,"comment_status":"closed","ping_status":"closed","sticky":false,"template":"","format":"standard","meta":{"_monsterinsights_skip_tracking":false,"_monsterinsights_sitenote_active":false,"_monsterinsights_sitenote_note":"","_monsterinsights_sitenote_category":0,"_uf_show_specific_survey":0,"_uf_disable_surveys":false,"footnotes":""},"categories":[1390,1402],"tags":[3068,4991,4270],"class_list":["post-79195","post","type-post","status-publish","format-standard","has-post-thumbnail","hentry","category-editorias","category-cidades","tag-jose-bonifacio","tag-plano-de-acao-do-turismo","tag-prefeitura-de-cabo-frio-rj"],"acf":[],"_links":{"self":[{"href":"https:\/\/pdt-rj.org.br\/index.php\/wp-json\/wp\/v2\/posts\/79195","targetHints":{"allow":["GET"]}}],"collection":[{"href":"https:\/\/pdt-rj.org.br\/index.php\/wp-json\/wp\/v2\/posts"}],"about":[{"href":"https:\/\/pdt-rj.org.br\/index.php\/wp-json\/wp\/v2\/types\/post"}],"author":[{"embeddable":true,"href":"https:\/\/pdt-rj.org.br\/index.php\/wp-json\/wp\/v2\/users\/17"}],"replies":[{"embeddable":true,"href":"https:\/\/pdt-rj.org.br\/index.php\/wp-json\/wp\/v2\/comments?post=79195"}],"version-history":[{"count":2,"href":"https:\/\/pdt-rj.org.br\/index.php\/wp-json\/wp\/v2\/posts\/79195\/revisions"}],"predecessor-version":[{"id":79197,"href":"https:\/\/pdt-rj.org.br\/index.php\/wp-json\/wp\/v2\/posts\/79195\/revisions\/79197"}],"wp:featuredmedia":[{"embeddable":true,"href":"https:\/\/pdt-rj.org.br\/index.php\/wp-json\/wp\/v2\/media\/79198"}],"wp:attachment":[{"href":"https:\/\/pdt-rj.org.br\/index.php\/wp-json\/wp\/v2\/media?parent=79195"}],"wp:term":[{"taxonomy":"category","embeddable":true,"href":"https:\/\/pdt-rj.org.br\/index.php\/wp-json\/wp\/v2\/categories?post=79195"},{"taxonomy":"post_tag","embeddable":true,"href":"https:\/\/pdt-rj.org.br\/index.php\/wp-json\/wp\/v2\/tags?post=79195"}],"curies":[{"name":"wp","href":"https:\/\/api.w.org\/{rel}","templated":true}]}}