{"id":79187,"date":"2021-08-04T22:59:43","date_gmt":"2021-08-05T01:59:43","guid":{"rendered":"http:\/\/pdt-rj.org.br\/?p=79187"},"modified":"2021-08-04T22:59:43","modified_gmt":"2021-08-05T01:59:43","slug":"covid-japeri-rj-e-a-primeira-cidade-da-baixada-a-vacinar-pessoas-a-partir-de-18-anos","status":"publish","type":"post","link":"https:\/\/pdt-rj.org.br\/index.php\/covid-japeri-rj-e-a-primeira-cidade-da-baixada-a-vacinar-pessoas-a-partir-de-18-anos\/","title":{"rendered":"Covid: Japeri (RJ) \u00e9 a primeira cidade da Baixada a vacinar pessoas a partir de 18 anos"},"content":{"rendered":"<div class=\"I_52qC D_FY W_6D6F\" data-test-id=\"message-view-body\">\n<div class=\"msg-body P_wpofO mq_AS\" data-test-id=\"message-view-body-content\">\n<div class=\"jb_0 X_6MGW N_6Fd5\">\n<div id=\"yiv2145941674\">\n<p class=\"yiv2145941674p1\"><strong><em>&#8220;Estou muito feliz em ver o trabalho dando resultado e <span class=\"yiv2145941674s1\">nossa imuniza\u00e7\u00e3o avan\u00e7ando<\/span>&#8220;, declarou a prefeita Dr\u00aa Fernanda Ontiveros<\/em><\/strong><\/p>\n<p class=\"yiv2145941674p1\"><span class=\"yiv2145941674s1\">Sob a gest\u00e3o da pedetista Dr\u00aa Fernanda Ontiveros, Japeri (RJ) segue avan\u00e7ando na imuniza\u00e7\u00e3o contra a Covid-19. Agora, \u00e9 o primeiro munic\u00edpio da Baixada Fluminense a incluir pessoas com 18 anos ou mais no p\u00fablico-alvo da vacina\u00e7\u00e3o a partir da pr\u00f3xima segunda-feira (26). Ao todo, a Prefeitura, por meio da Secretaria Municipal de Sa\u00fade, est\u00e1 mobilizando sete polos de imuniza\u00e7\u00e3o, de segunda a sexta-feira, das 9h \u00e0s 16h.<\/span><\/p>\n<p class=\"yiv2145941674p1\"><span class=\"yiv2145941674s1\">Al\u00e9m disso, seguem sendo imunizados: idosos, trabalhadores do setor industrial, caminhoneiros e trabalhadores de transporte coletivo rodovi\u00e1rio de passageiros, metrovi\u00e1rio, ferrovi\u00e1rio, escolar, transporte a\u00e9reo e aquavi\u00e1rios; taxistas e motoristas de aplicativos, pessoas em situa\u00e7\u00e3o de rua; trabalhadores da limpeza urbana e manejo de res\u00edduos s\u00f3lidos; gestantes e pu\u00e9rperas com autoriza\u00e7\u00e3o m\u00e9dica; lactantes (independentemente da idade do beb\u00ea); pessoas com comorbidade ou defici\u00eancia permanente acima de 18 anos; profissionais de sa\u00fade e educa\u00e7\u00e3o acima de 18 anos; for\u00e7as de seguran\u00e7a e salvamento, for\u00e7as armadas e trabalhadores portu\u00e1rios e de ind\u00fastrias.\u00a0<\/span><\/p>\n<p class=\"yiv2145941674p1\"><span class=\"yiv2145941674s1\">Os integrantes desses grupos precisam comprovar a categoria na hora que for se vacinar, seja ela trabalho ou doen\u00e7a.<\/span><\/p>\n<p class=\"yiv2145941674p1\"><span class=\"yiv2145941674s1\">A prefeita, que tamb\u00e9m \u00e9 m\u00e9dica, Dr\u00aa Fernanda Ontiveros, exaltou a celeridade na vacina\u00e7\u00e3o e convocou toda popula\u00e7\u00e3o.\u00a0<\/span><\/p>\n<p class=\"yiv2145941674p1\"><span class=\"yiv2145941674s1\">\u201cEstou muito feliz em ver o trabalho dando resultado e nossa imuniza\u00e7\u00e3o avan\u00e7ando. Agora, precisamos que a popula\u00e7\u00e3o fa\u00e7a sua parte. Temos sete pontos com profissionais capacitados para realizarem a aplica\u00e7\u00e3o da vacina. Juntos vamos vencer\u201d, destacou.\u00a0<\/span><\/p>\n<p class=\"yiv2145941674p1\"><span class=\"yiv2145941674s1\">Para se vacinar, basta ir em um dos sete postos de vacina\u00e7\u00e3o espalhados pela cidade, munido de identidade, CPF e comprovante de resid\u00eancia no pr\u00f3prio nome. Quem n\u00e3o possuir comprovante de resid\u00eancia no pr\u00f3prio nome, poder\u00e1 apresentar no nome dos pais ou c\u00f4njuge, desde que comprove o parentesco. Caso ainda n\u00e3o possua, orienta-se que a pessoa procure a Funda\u00e7\u00e3o Le\u00e3o XIII.<\/span><\/p>\n<p class=\"yiv2145941674p1\"><span class=\"yiv2145941674s1\">Os sete pontos de vacina\u00e7\u00e3o s\u00e3o:\u00a0<\/span><\/p>\n<p class=\"yiv2145941674p1\"><span class=\"yiv2145941674s1\">\u2013 Unidade Mista de Engenheiro Pedreira (Av. Tancredo Neves, s\/n\u00ba, Mucaj\u00e1 \u2013 \u00a0Engenheiro Pedreira);<\/span><\/p>\n<p class=\"yiv2145941674p1\"><span class=\"yiv2145941674s1\">\u2013 Japeri Centro (Rua: Arruda Negreiros \u00a0s\/n\u00ba \u2013 Centro de Japeri);<\/span><\/p>\n<p class=\"yiv2145941674p1\"><span class=\"yiv2145941674s1\">\u2013 USF Santa Am\u00e9lia (Rua Laura Cardoso, 61 \u2013 Santa Am\u00e9lia \u2013 \u00a0Engenheiro Pedreira);<\/span><\/p>\n<p class=\"yiv2145941674p1\"><span class=\"yiv2145941674s1\">\u2013 USF Delamare (Rua Pinar\u00e9, \u00a0s\/n\u00ba \u00a0 \u2013 Jardim Delamare \u2013 Engenheiro Pedreira);<\/span><\/p>\n<p class=\"yiv2145941674p1\"><span class=\"yiv2145941674s1\">\u2013 Academia da Sa\u00fade (Rua Francisco Russo, s\/n\u00ba, no bairro Areal \u2013 Engenheiro Pedreira);<\/span><\/p>\n<p class=\"yiv2145941674p1\"><span class=\"yiv2145941674s1\">\u2013 USF Vila Central (Rua Clair Antunes, S\/N\u00ba \u2013 Vil,a Central \u2013 Engenheiro Pedreira);<\/span><\/p>\n<p class=\"yiv2145941674p1\"><span class=\"yiv2145941674s1\">\u2013 USF Chacrinha (Rua Jo\u00e3o Salgado, Chacrinha, Japeri).<\/span><\/p>\n<\/div>\n<\/div>\n<\/div>\n<div class=\"jb_0 X_6MGW N_6Fd5\"><\/div>\n<\/div>\n<div class=\"H_7jIs D_F ab_C Q_69H5 E_36RhU\" data-test-id=\"toolbar-hover-area\">\n<div class=\"D_F W_6D6F r_BN gl_C\" data-test-id=\"card-toolbar\"><\/div>\n<\/div>\n<!-- AddThis Advanced Settings generic via filter on the_content --><!-- AddThis Share Buttons generic via filter on the_content -->","protected":false},"excerpt":{"rendered":"<p>&#8220;Estou muito feliz em ver o trabalho dando resultado e nossa imuniza\u00e7\u00e3o avan\u00e7ando&#8220;, declarou a prefeita Dr\u00aa Fernanda Ontiveros Sob a gest\u00e3o da pedetista Dr\u00aa Fernanda Ontiveros, Japeri (RJ) segue avan\u00e7ando na imuniza\u00e7\u00e3o contra a Covid-19. Agora, \u00e9 o primeiro munic\u00edpio da Baixada Fluminense a incluir pessoas com 18 anos ou mais no p\u00fablico-alvo da&#8230;<!-- AddThis Advanced Settings generic via filter on wp_trim_excerpt --><!-- AddThis Share Buttons generic via filter on wp_trim_excerpt --><\/p>\n","protected":false},"author":17,"featured_media":79188,"comment_status":"closed","ping_status":"closed","sticky":false,"template":"","format":"standard","meta":{"_monsterinsights_skip_tracking":false,"_monsterinsights_sitenote_active":false,"_monsterinsights_sitenote_note":"","_monsterinsights_sitenote_category":0,"_uf_show_specific_survey":0,"_uf_disable_surveys":false,"footnotes":""},"categories":[1390],"tags":[],"class_list":["post-79187","post","type-post","status-publish","format-standard","has-post-thumbnail","hentry","category-editorias"],"acf":[],"_links":{"self":[{"href":"https:\/\/pdt-rj.org.br\/index.php\/wp-json\/wp\/v2\/posts\/79187","targetHints":{"allow":["GET"]}}],"collection":[{"href":"https:\/\/pdt-rj.org.br\/index.php\/wp-json\/wp\/v2\/posts"}],"about":[{"href":"https:\/\/pdt-rj.org.br\/index.php\/wp-json\/wp\/v2\/types\/post"}],"author":[{"embeddable":true,"href":"https:\/\/pdt-rj.org.br\/index.php\/wp-json\/wp\/v2\/users\/17"}],"replies":[{"embeddable":true,"href":"https:\/\/pdt-rj.org.br\/index.php\/wp-json\/wp\/v2\/comments?post=79187"}],"version-history":[{"count":1,"href":"https:\/\/pdt-rj.org.br\/index.php\/wp-json\/wp\/v2\/posts\/79187\/revisions"}],"predecessor-version":[{"id":79189,"href":"https:\/\/pdt-rj.org.br\/index.php\/wp-json\/wp\/v2\/posts\/79187\/revisions\/79189"}],"wp:featuredmedia":[{"embeddable":true,"href":"https:\/\/pdt-rj.org.br\/index.php\/wp-json\/wp\/v2\/media\/79188"}],"wp:attachment":[{"href":"https:\/\/pdt-rj.org.br\/index.php\/wp-json\/wp\/v2\/media?parent=79187"}],"wp:term":[{"taxonomy":"category","embeddable":true,"href":"https:\/\/pdt-rj.org.br\/index.php\/wp-json\/wp\/v2\/categories?post=79187"},{"taxonomy":"post_tag","embeddable":true,"href":"https:\/\/pdt-rj.org.br\/index.php\/wp-json\/wp\/v2\/tags?post=79187"}],"curies":[{"name":"wp","href":"https:\/\/api.w.org\/{rel}","templated":true}]}}