{"id":79167,"date":"2021-08-03T21:52:02","date_gmt":"2021-08-04T00:52:02","guid":{"rendered":"http:\/\/pdt-rj.org.br\/?p=79167"},"modified":"2021-08-09T18:14:14","modified_gmt":"2021-08-09T21:14:14","slug":"pdt-intensifica-combate-a-tentativa-de-privatizacao-dos-correios","status":"publish","type":"post","link":"https:\/\/pdt-rj.org.br\/index.php\/pdt-intensifica-combate-a-tentativa-de-privatizacao-dos-correios\/","title":{"rendered":"PDT intensifica combate \u00e0 tentativa de privatiza\u00e7\u00e3o dos Correios\u00a0"},"content":{"rendered":"<div class=\"msg-body P_wpofO mq_AS\" data-test-id=\"message-view-body-content\">\n<div class=\"jb_0 X_6MGW N_6Fd5\">\n<div id=\"yiv8501157189\">\n<div dir=\"ltr\">\n<p class=\"yiv8501157189MsoNormal\"><em><b>Partido alega que venda gerar\u00e1 impacto direto na soberania nacional e no acesso aos servi\u00e7os\u00a0postais<\/b><\/em><\/p>\n<p class=\"yiv8501157189MsoNormal\">Lideran\u00e7as do PDT ratificaram, nesta ter\u00e7a-feira (3), a mobiliza\u00e7\u00e3o para combater, no Congresso Nacional, a tentativa de privatiza\u00e7\u00e3o dos Correios pelo governo Bolsonaro. Durante\u00a0<a href=\"https:\/\/www.facebook.com\/pdt.org.br\/videos\/944861122739823\" target=\"_blank\" rel=\"nofollow noopener noreferrer\">debate virtual<\/a>\u00a0promovido pela Funda\u00e7\u00e3o Leonel Brizola &#8211; Alberto Pasqualini no Rio de Janeiro (FLB-AP\/RJ), foi detalhado a s\u00e9rie de preju\u00edzos do decreto presidencial.<\/p>\n<p class=\"yiv8501157189MsoNormal\">O presidente nacional do partido, Carlos Lupi, apontou que a inclus\u00e3o da empresa no Programa Nacional de Desestatiza\u00e7\u00e3o (PND) afetar\u00e1 n\u00e3o s\u00f3 a abrang\u00eancia dos servi\u00e7os postais, mas tamb\u00e9m o acesso popular a uma s\u00e9rie de produtos, como financeiros e tecnol\u00f3gicos. Com mais de 100 mil funcion\u00e1rios, os Correios est\u00e3o presentes em todos os munic\u00edpios brasileiros.<\/p>\n<p class=\"yiv8501157189MsoNormal\">\u201cCorreios significam, na sua hist\u00f3ria, integra\u00e7\u00e3o nacional, que n\u00e3o discrimina ricos dos pobres, pois chegam onde tem a necessidade da popula\u00e7\u00e3o. [&#8230;] \u00c9 uma institui\u00e7\u00e3o p\u00fablica exemplar pelos seus funcion\u00e1rios, pela integra\u00e7\u00e3o da na\u00e7\u00e3o e por dar lucro para a sociedade brasileira\u201d, afirmou, em evento mediado pelo secret\u00e1rio nacional de Criatividade e Inova\u00e7\u00e3o e o diretor estadual de Forma\u00e7\u00e3o Pol\u00edtica da Funda\u00e7\u00e3o, Leonardo Lupi e Lucas Alvares, respectivamente.<\/p>\n<p class=\"yiv8501157189MsoNormal\">\u201cN\u00f3s vamos lutar, resistir, em todos os mecanismos: Congresso, C\u00e2mara e na Justi\u00e7a. Estamos preparando a\u00e7\u00f5es duras para defender os Correios, que \u00e9 patrim\u00f4nio do povo brasileiros\u201d, completou.<\/p>\n<p class=\"yiv8501157189MsoNormal\">Ex-ministro das Comunica\u00e7\u00f5es, o deputado federal Andr\u00e9 Figueiredo (PDT-CE) apontou que dos 20 maiores pa\u00edses do mundo em extens\u00e3o territorial, \u201co Brasil ser\u00e1 o \u00fanico a eventualmente ter a sua empresa de servi\u00e7os postais 100% privatizada\u201d.<\/p>\n<p class=\"yiv8501157189MsoNormal\">\u201cNem os Estados Unidos, com a United States Postal Service (USPS), que \u00e9 uma institui\u00e7\u00e3o, inclusive, que d\u00e1 preju\u00edzo, mas s\u00f3 que o preju\u00edzo que ela d\u00e1 \u00e9 altamente compens\u00e1vel pelos grandes servi\u00e7os que presta ao povo americano, principalmente para aqueles que moram em localidades mais remotas\u201d, comparou, em cr\u00edtica direta \u00e0 manifesta\u00e7\u00e3o do atual ministro das Comunica\u00e7\u00f5es, F\u00e1bio Faria, na noite de ontem (2) em rede nacional de r\u00e1dio e televis\u00e3o.<\/p>\n<p class=\"yiv8501157189MsoNormal\">Ao indicar que 358 cidades geram o lucro para compensar despesas operacionais da companhia nos outros 5.200 munic\u00edpios brasileiros, o parlamentar cearense questionou a necessidade e viabilidade da concess\u00e3o, que classificou como \u201ccrime de lesa-p\u00e1tria\u201d.<\/p>\n<p class=\"yiv8501157189MsoNormal\">\u201cQual a empresa privada que vai querer ter preju\u00edzo em 5.200 munic\u00edpios? Por mais que o Estado diga que vai ter uma universaliza\u00e7\u00e3o dos servi\u00e7os postais, a gente sabe que isso tem prazo de validade. Se \u00e9 para gastar dinheiro com empresa concession\u00e1ria, que assim o fa\u00e7a com os Correios\u201d, disse, ao indicar que um poss\u00edvel governo do pr\u00e9-candidato pedetista, Ciro Gomes, possibilitar\u00e1, em 2023, a restatiza\u00e7\u00e3o de propriedades indevidamente entregues.<\/p>\n<p class=\"yiv8501157189MsoNormal\">Como ex-presidente dos Correios, o ex-deputado federal Giovanni Queiroz (PDT-PA) relatou\u00a0que o \u201clucro maior \u00e9 o servi\u00e7o prestado ao povo brasileiro\u201d. Por isso, recordou o projeto de investimentos iniciado para refor\u00e7ar a atua\u00e7\u00e3o nos mercados de e-commerce e log\u00edstica, que teve resultado potencializado, principalmente desde o in\u00edcio da pandemia da Covid-19.<\/p>\n<p class=\"yiv8501157189MsoNormal\">\u201cN\u00f3s n\u00e3o queremos um Estado grande, absoluto ou m\u00ednimo. N\u00f3s queremos, como disse Ciro Gomes, um Estado necess\u00e1rio. E os Correios \u00e9 esse Estado necess\u00e1rio para chegar a todos os brasileiros em todos os \u2018rinc\u00f5es\u2019 desse pa\u00eds\u201d, assegurou, classificando a proposta de Bolsonaro como \u201cindecente\u201d.<\/p>\n<p class=\"yiv8501157189MsoNormal\">O deputado federal Dr. M\u00e1rio Heringer (PDT-MG) fez duras cr\u00edticas ao interesse do governo Bolsonaro de obter recursos com o desfazimento de bens p\u00fablicos essenciais. Para ele, \u201co Brasil perdeu o freio e a vergonha\u201d com a exist\u00eancia de interesses escusos na gest\u00e3o federal.<\/p>\n<p class=\"yiv8501157189MsoNormal\">\u201cO Brasil passa por um momento muito s\u00e9rio. Um governo desgovernado, com pessoas interessadas em levar vantagem. A manifesta\u00e7\u00e3o do ministro das Comunica\u00e7\u00f5es \u00e9 mais amb\u00edgua, pois elogia e fala que tem que vender\u201d, indicou.<\/p>\n<p class=\"yiv8501157189MsoNormal\">\u201cN\u00e3o h\u00e1 possibilidade nenhuma dessas empresas que est\u00e3o pleiteando essa compra dos Correios, como a Amazon e algumas brasileiras, que provavelmente ser\u00e3o laranjas de empresas estrangeiras, de n\u00e3o buscar ganhar dinheiro\u201d, acrescentou.<\/p>\n<\/div>\n<\/div>\n<\/div>\n<\/div>\n<!-- AddThis Advanced Settings generic via filter on the_content --><!-- AddThis Share Buttons generic via filter on the_content -->","protected":false},"excerpt":{"rendered":"<p>Partido alega que venda gerar\u00e1 impacto direto na soberania nacional e no acesso aos servi\u00e7os\u00a0postais Lideran\u00e7as do PDT ratificaram, nesta ter\u00e7a-feira (3), a mobiliza\u00e7\u00e3o para combater, no Congresso Nacional, a tentativa de privatiza\u00e7\u00e3o dos Correios pelo governo Bolsonaro. Durante\u00a0debate virtual\u00a0promovido pela Funda\u00e7\u00e3o Leonel Brizola &#8211; Alberto Pasqualini no Rio de Janeiro (FLB-AP\/RJ), foi detalhado a&#8230;<!-- AddThis Advanced Settings generic via filter on wp_trim_excerpt --><!-- AddThis Share Buttons generic via filter on wp_trim_excerpt --><\/p>\n","protected":false},"author":17,"featured_media":79169,"comment_status":"closed","ping_status":"closed","sticky":false,"template":"","format":"standard","meta":{"_monsterinsights_skip_tracking":false,"_monsterinsights_sitenote_active":false,"_monsterinsights_sitenote_note":"","_monsterinsights_sitenote_category":0,"_uf_show_specific_survey":0,"_uf_disable_surveys":false,"footnotes":""},"categories":[1390,975,976],"tags":[34,196,220,253,3207,426,4979],"class_list":["post-79167","post","type-post","status-publish","format-standard","has-post-thumbnail","hentry","category-editorias","category-manchete","category-noticias-em-destaque","tag-andre-figueiredo","tag-carlos-lupi","tag-ciro-gomes","tag-correios","tag-dr-mario-heringer","tag-fundacao-leonel-brizola-alberto-pasqualini","tag-giovanni-queiroz"],"acf":[],"_links":{"self":[{"href":"https:\/\/pdt-rj.org.br\/index.php\/wp-json\/wp\/v2\/posts\/79167","targetHints":{"allow":["GET"]}}],"collection":[{"href":"https:\/\/pdt-rj.org.br\/index.php\/wp-json\/wp\/v2\/posts"}],"about":[{"href":"https:\/\/pdt-rj.org.br\/index.php\/wp-json\/wp\/v2\/types\/post"}],"author":[{"embeddable":true,"href":"https:\/\/pdt-rj.org.br\/index.php\/wp-json\/wp\/v2\/users\/17"}],"replies":[{"embeddable":true,"href":"https:\/\/pdt-rj.org.br\/index.php\/wp-json\/wp\/v2\/comments?post=79167"}],"version-history":[{"count":3,"href":"https:\/\/pdt-rj.org.br\/index.php\/wp-json\/wp\/v2\/posts\/79167\/revisions"}],"predecessor-version":[{"id":79228,"href":"https:\/\/pdt-rj.org.br\/index.php\/wp-json\/wp\/v2\/posts\/79167\/revisions\/79228"}],"wp:featuredmedia":[{"embeddable":true,"href":"https:\/\/pdt-rj.org.br\/index.php\/wp-json\/wp\/v2\/media\/79169"}],"wp:attachment":[{"href":"https:\/\/pdt-rj.org.br\/index.php\/wp-json\/wp\/v2\/media?parent=79167"}],"wp:term":[{"taxonomy":"category","embeddable":true,"href":"https:\/\/pdt-rj.org.br\/index.php\/wp-json\/wp\/v2\/categories?post=79167"},{"taxonomy":"post_tag","embeddable":true,"href":"https:\/\/pdt-rj.org.br\/index.php\/wp-json\/wp\/v2\/tags?post=79167"}],"curies":[{"name":"wp","href":"https:\/\/api.w.org\/{rel}","templated":true}]}}